{"id":47871,"date":"2022-11-25T00:00:00","date_gmt":"2022-11-24T23:00:00","guid":{"rendered":"https:\/\/imagazine.it\/ricerca-contro-la-sla-cervignano-sempre-presente\/"},"modified":"2022-11-25T00:00:00","modified_gmt":"2022-11-24T23:00:00","slug":"ricerca-contro-la-sla-cervignano-sempre-presente","status":"publish","type":"post","link":"https:\/\/imagazine.it\/home_desk\/ricerca-contro-la-sla-cervignano-sempre-presente\/","title":{"rendered":"Ricerca contro la Sla, Cervignano sempre presente"},"content":{"rendered":"<p> \tSi \u00e8 conclusa la raccolta fondi \u201cUniti contro la Sla\u201d organizzata dall\u2019associazione <strong>Progetto Futuro <\/strong>in collaborazione con <strong>Aisla Fvg<\/strong>, il patrocinio del Comune di Cervignano ed il sostegno della Cassa Rurale Fvg.<\/p>\n<p> \tL\u2019iniziativa, dedicata a Mauro Zanchin un giovane deceduto proprio a causa di questa patologia, \u00e8 arrivata alla ottava edizione e si \u00e8 svolta presso la loggia del Municipio dove \u00e8 stato allestito un banchetto con la possibilit\u00e0 di ritirare dei gadget a fronte di una donazione, mentre alcune cassettine per le offerte erano state ospitate da alcune attivit\u00e0 commerciali.<\/p>\n<p> \tL\u2019intero ricavato, <strong>1.200 euro in totale<\/strong>, verr\u00e0 <strong>devoluto ad Aisla Fvg<\/strong>, associazione che si occupa di dare sostegno ai malati di Sla.<\/p>\n<p> \t\u201cAnche quest\u2019anno &#8211; spiega <strong>Luca Furios<\/strong>, presidente di Progetto Futuro &#8211; abbiamo voluto organizzare la raccolta fondi per dare un segno tangibile della nostra vicinanza a chi \u00e8 pi\u00f9 sfortunato. Dedicare un po\u2019 del nostro tempo per iniziative come questa \u00e8 un impegno che portiamo avanti ormai da parecchi anni. Il mio ringraziamento va a tutte le persone che, nonostante il momento sia difficile per tutti, hanno voluto comunque contribuire a questa causa. Grazie, grazie davvero di cuore\u201d.\u00a0<\/p>\n<p> \t\u201cPer noi &#8211; conclude <strong>Nadia Narduzzi<\/strong>, presidente di Aisla Fvg &#8211; ogni aiuto \u00e8 importante, perch\u00e9 i malati di Sla e le loro famiglie hanno costantemente bisogno di aiuto e sostegno, ed \u00e8 anche grazie a realt\u00e0 come Progetto Futuro che tutto ci\u00f2 pu\u00f2 essere possibile\u201d.<\/p>\n<p> \t\u00a0<\/p>\n","protected":false},"excerpt":{"rendered":"<p>Consegnati ad Aisla Fvg i fondi raccolti dall&#8217;iniziativa promossa da Progetto Futuro<\/p>\n","protected":false},"author":22,"featured_media":47872,"comment_status":"closed","ping_status":"closed","sticky":false,"template":"","format":"standard","meta":{"dwc-title":[],"dwc-content":[],"footnotes":""},"categories":[5],"tags":[],"class_list":["post-47871","post","type-post","status-publish","format-standard","has-post-thumbnail","hentry","category-attualita"],"rttpg_featured_image_url":{"full":["https:\/\/imagazine.it\/wp-content\/uploads\/2024\/02\/51030-1.webp",1000,817,false],"landscape":["https:\/\/imagazine.it\/wp-content\/uploads\/2024\/02\/51030-1.webp",1000,817,false],"portraits":["https:\/\/imagazine.it\/wp-content\/uploads\/2024\/02\/51030-1.webp",1000,817,false],"thumbnail":["https:\/\/imagazine.it\/wp-content\/uploads\/2024\/02\/51030-1-150x150.webp",150,150,true],"medium":["https:\/\/imagazine.it\/wp-content\/uploads\/2024\/02\/51030-1-300x245.webp",300,245,true],"large":["https:\/\/imagazine.it\/wp-content\/uploads\/2024\/02\/51030-1.webp",640,523,false],"thumblist":["https:\/\/imagazine.it\/wp-content\/uploads\/2024\/02\/51030-1-300x300.webp",300,300,true],"thumbrelated":["https:\/\/imagazine.it\/wp-content\/uploads\/2024\/02\/51030-1-500x500.webp",500,500,true],"meccarouselthumb":["https:\/\/imagazine.it\/wp-content\/uploads\/2024\/02\/51030-1-474x324.webp",474,324,true],"gridsquare":["https:\/\/imagazine.it\/wp-content\/uploads\/2024\/02\/51030-1-391x260.webp",391,260,true],"tileview":["https:\/\/imagazine.it\/wp-content\/uploads\/2024\/02\/51030-1-300x400.webp",300,400,true],"1536x1536":["https:\/\/imagazine.it\/wp-content\/uploads\/2024\/02\/51030-1.webp",1000,817,false],"2048x2048":["https:\/\/imagazine.it\/wp-content\/uploads\/2024\/02\/51030-1.webp",1000,817,false],"newsup-slider-full":["https:\/\/imagazine.it\/wp-content\/uploads\/2024\/02\/51030-1-1000x720.webp",1000,720,true],"newsup-featured":["https:\/\/imagazine.it\/wp-content\/uploads\/2024\/02\/51030-1.webp",1000,817,false],"newsup-medium":["https:\/\/imagazine.it\/wp-content\/uploads\/2024\/02\/51030-1-720x380.webp",720,380,true],"tptn_thumbnail":["https:\/\/imagazine.it\/wp-content\/uploads\/2024\/02\/51030-1.webp",250,204,false],"sow-carousel-default":["https:\/\/imagazine.it\/wp-content\/uploads\/2024\/02\/51030-1.webp",223,182,false]},"rttpg_author":{"display_name":"Livio Nonis","author_link":"https:\/\/imagazine.it\/home_desk\/author\/nonis\/"},"rttpg_comment":0,"rttpg_category":"<a href=\"https:\/\/imagazine.it\/home_desk\/category\/attualita\/\" rel=\"category tag\">ATTUALIT\u00c0<\/a>","rttpg_excerpt":"Consegnati ad Aisla Fvg i fondi raccolti dall'iniziativa promossa da Progetto Futuro","_links":{"self":[{"href":"https:\/\/imagazine.it\/home_desk\/wp-json\/wp\/v2\/posts\/47871","targetHints":{"allow":["GET"]}}],"collection":[{"href":"https:\/\/imagazine.it\/home_desk\/wp-json\/wp\/v2\/posts"}],"about":[{"href":"https:\/\/imagazine.it\/home_desk\/wp-json\/wp\/v2\/types\/post"}],"author":[{"embeddable":true,"href":"https:\/\/imagazine.it\/home_desk\/wp-json\/wp\/v2\/users\/22"}],"replies":[{"embeddable":true,"href":"https:\/\/imagazine.it\/home_desk\/wp-json\/wp\/v2\/comments?post=47871"}],"version-history":[{"count":0,"href":"https:\/\/imagazine.it\/home_desk\/wp-json\/wp\/v2\/posts\/47871\/revisions"}],"wp:featuredmedia":[{"embeddable":true,"href":"https:\/\/imagazine.it\/home_desk\/wp-json\/wp\/v2\/media\/47872"}],"wp:attachment":[{"href":"https:\/\/imagazine.it\/home_desk\/wp-json\/wp\/v2\/media?parent=47871"}],"wp:term":[{"taxonomy":"category","embeddable":true,"href":"https:\/\/imagazine.it\/home_desk\/wp-json\/wp\/v2\/categories?post=47871"},{"taxonomy":"post_tag","embeddable":true,"href":"https:\/\/imagazine.it\/home_desk\/wp-json\/wp\/v2\/tags?post=47871"}],"curies":[{"name":"wp","href":"https:\/\/api.w.org\/{rel}","templated":true}]}}