{"id":47869,"date":"2022-11-21T00:00:00","date_gmt":"2022-11-20T23:00:00","guid":{"rendered":"https:\/\/imagazine.it\/aiello-riaccoglie-ad-agellum\/"},"modified":"2022-11-21T00:00:00","modified_gmt":"2022-11-20T23:00:00","slug":"aiello-riaccoglie-ad-agellum","status":"publish","type":"post","link":"https:\/\/imagazine.it\/home_desk\/aiello-riaccoglie-ad-agellum\/","title":{"rendered":"Aiello riaccoglie \u201cAd Agellum\u201d"},"content":{"rendered":"<p> \tDopo cinque anni dall\u2019ultima presentazione la \u201cCommissione Storia\u201d del Comune di <strong>Aiello del Friuli<\/strong>, composta da <strong>Stefano Perini, Jacopo Bordignon, Gianluca Comar, Alfredo Furlan, Bruno Micali e Gianluca Tramontini<\/strong>, ha riproposto un nuovo numero (l\u2019ottavo)\u00a0 di \u201c<em>Ad Agellum<\/em>\u201d (il nome latino da cui deriva quello dell\u2019odierno Aiello), un quaderno (sostenuto dall\u2019intervento del Comune di Aiello del Friuli)\u00a0 in cui sono contenute ricerche storiche riguardanti soprattutto i due paesi di Aiello e Joannis, ma che spaziano pure sulle aree contermini e che abbracciano un ampio arco temporale dall\u2019antichit\u00e0 ai giorni nostri e argomenti che vanno dall\u2019archeologia alla vita quotidiana.<\/p>\n<p> \t<strong>Stefano Perini<\/strong> (coordinatore della Commissione) ha presentato la serata, con un buon numero di persone presenti, dopo il saluto del sindaco <strong>Roberto Festa<\/strong> che ha spronato la Commissione a continuare con questo prezioso lavoro dopo gli anni della pandemia, con la viva speranza che gi\u00e0 nel prossimo anno esca un nuovo volume. Stefano Perini ha poi dato la parola ai singoli autori, che in breve hanno parlato delle loro ricerche, lasciando al lettore la curiosit\u00e0 di leggere con attenzione il pezzo. <strong>Andrea Amico<\/strong> ha parlato di un fatto accaduto immediatamente prima dello scoppio della guerra tra Italia e Austria-Ungheria; <strong>Gianluca Comar<\/strong>, molto interessato agli argomenti aeronautici, ha ricordato le vicende di un idrovolante austriaco caduto a Cassegliano nel 1916; <strong>Gianluca Tramontini<\/strong> ha parlato dei due fratelli aiellesi Tramontini: Antonio morto nel 1915 a Budapest ed Ettore che, fatto prigioniero, torn\u00f2 a casa nel 1919.<\/p>\n<p> \tLe narrazioni della Grande Guerra si sono concluse con <strong>Maria Masau Dan<\/strong> che ha raccontato vicende e situazioni tratte dalle lettere del gastaldo del conte Maniago a Nogaredo al Torre.<\/p>\n<p> \t<strong>Giampaolo Chendi<\/strong> ha illustrato le vicende storiche di Moruzzis, piccola localit\u00e0 della Bassa, tra le quali vi \u00e8 la singolarit\u00e0 di essere stata una \u201cenclave\u201d veneziana in territorio asburgico. Stefano Perini ha fatto la parte del leone, per i suoi corposi pezzi tra i quali quello sulla citazione di Aiello in un libro del letterato cinquecentesco Ercole Partenopeo. In un altro contributo ha parlato dell\u2019emigrazione di fine Ottocento, in particolare per un disastro ferroviario dove perirono diversi emigrati di ritorno dall\u2019America del Sud, in cui sembr\u00f2 coinvolto anche un aiellese, in un altro ancora dei contrasti confinari tra Repubblica di Venezia e Asburgo in merito all\u2019appartenenza della frazione di Uttano.<\/p>\n<p> \tNel testo scritto a quattro mani da <strong>Andrea Bellavite<\/strong> e <strong>Giuseppe Baldas<\/strong> si \u00e8 ricordata l\u2019attivit\u00e0 del Gruppo Missionario aiellese con il grande impegno per sostenere le attivit\u00e0 dell\u2019arcidiocesi di Gorizia in Costa d\u2019Avorio. In un secondo apporto Gianluca Tramontini scrive della localit\u00e0 \u201cCjarandis\u201d di Aiello, sito di notevole interesse archeologico.<\/p>\n<p> \tPer concludere, <strong>Laurino Nardin<\/strong> ha centrato il suo articolo sul cimitero di San Vito al Torre attraverso l\u2019analisi delle iscrizioni tombali l\u00ec presenti. Il numero termina con una rubrica di recensioni e segnalazioni molto corposa.<\/p>\n<p> \t\u00a0<\/p>\n","protected":false},"excerpt":{"rendered":"<p>Torna il quaderno di ricerche storiche redatto dalla \u201cCommissione Storia\u201d del Comune<\/p>\n","protected":false},"author":22,"featured_media":47870,"comment_status":"closed","ping_status":"closed","sticky":false,"template":"","format":"standard","meta":{"dwc-title":[],"dwc-content":[],"footnotes":""},"categories":[5],"tags":[],"class_list":["post-47869","post","type-post","status-publish","format-standard","has-post-thumbnail","hentry","category-attualita"],"rttpg_featured_image_url":{"full":["https:\/\/imagazine.it\/wp-content\/uploads\/2024\/02\/51024-1.webp",1000,560,false],"landscape":["https:\/\/imagazine.it\/wp-content\/uploads\/2024\/02\/51024-1.webp",1000,560,false],"portraits":["https:\/\/imagazine.it\/wp-content\/uploads\/2024\/02\/51024-1.webp",1000,560,false],"thumbnail":["https:\/\/imagazine.it\/wp-content\/uploads\/2024\/02\/51024-1-150x150.webp",150,150,true],"medium":["https:\/\/imagazine.it\/wp-content\/uploads\/2024\/02\/51024-1-300x168.webp",300,168,true],"large":["https:\/\/imagazine.it\/wp-content\/uploads\/2024\/02\/51024-1.webp",640,358,false],"thumblist":["https:\/\/imagazine.it\/wp-content\/uploads\/2024\/02\/51024-1-300x300.webp",300,300,true],"thumbrelated":["https:\/\/imagazine.it\/wp-content\/uploads\/2024\/02\/51024-1-500x500.webp",500,500,true],"meccarouselthumb":["https:\/\/imagazine.it\/wp-content\/uploads\/2024\/02\/51024-1-474x324.webp",474,324,true],"gridsquare":["https:\/\/imagazine.it\/wp-content\/uploads\/2024\/02\/51024-1-391x260.webp",391,260,true],"tileview":["https:\/\/imagazine.it\/wp-content\/uploads\/2024\/02\/51024-1-300x400.webp",300,400,true],"1536x1536":["https:\/\/imagazine.it\/wp-content\/uploads\/2024\/02\/51024-1.webp",1000,560,false],"2048x2048":["https:\/\/imagazine.it\/wp-content\/uploads\/2024\/02\/51024-1.webp",1000,560,false],"newsup-slider-full":["https:\/\/imagazine.it\/wp-content\/uploads\/2024\/02\/51024-1.webp",1000,560,false],"newsup-featured":["https:\/\/imagazine.it\/wp-content\/uploads\/2024\/02\/51024-1.webp",1000,560,false],"newsup-medium":["https:\/\/imagazine.it\/wp-content\/uploads\/2024\/02\/51024-1-720x380.webp",720,380,true],"tptn_thumbnail":["https:\/\/imagazine.it\/wp-content\/uploads\/2024\/02\/51024-1.webp",250,140,false],"sow-carousel-default":["https:\/\/imagazine.it\/wp-content\/uploads\/2024\/02\/51024-1.webp",272,152,false]},"rttpg_author":{"display_name":"Livio Nonis","author_link":"https:\/\/imagazine.it\/home_desk\/author\/nonis\/"},"rttpg_comment":0,"rttpg_category":"<a href=\"https:\/\/imagazine.it\/home_desk\/category\/attualita\/\" rel=\"category tag\">ATTUALIT\u00c0<\/a>","rttpg_excerpt":"Torna il quaderno di ricerche storiche redatto dalla \u201cCommissione Storia\u201d del Comune","_links":{"self":[{"href":"https:\/\/imagazine.it\/home_desk\/wp-json\/wp\/v2\/posts\/47869","targetHints":{"allow":["GET"]}}],"collection":[{"href":"https:\/\/imagazine.it\/home_desk\/wp-json\/wp\/v2\/posts"}],"about":[{"href":"https:\/\/imagazine.it\/home_desk\/wp-json\/wp\/v2\/types\/post"}],"author":[{"embeddable":true,"href":"https:\/\/imagazine.it\/home_desk\/wp-json\/wp\/v2\/users\/22"}],"replies":[{"embeddable":true,"href":"https:\/\/imagazine.it\/home_desk\/wp-json\/wp\/v2\/comments?post=47869"}],"version-history":[{"count":0,"href":"https:\/\/imagazine.it\/home_desk\/wp-json\/wp\/v2\/posts\/47869\/revisions"}],"wp:featuredmedia":[{"embeddable":true,"href":"https:\/\/imagazine.it\/home_desk\/wp-json\/wp\/v2\/media\/47870"}],"wp:attachment":[{"href":"https:\/\/imagazine.it\/home_desk\/wp-json\/wp\/v2\/media?parent=47869"}],"wp:term":[{"taxonomy":"category","embeddable":true,"href":"https:\/\/imagazine.it\/home_desk\/wp-json\/wp\/v2\/categories?post=47869"},{"taxonomy":"post_tag","embeddable":true,"href":"https:\/\/imagazine.it\/home_desk\/wp-json\/wp\/v2\/tags?post=47869"}],"curies":[{"name":"wp","href":"https:\/\/api.w.org\/{rel}","templated":true}]}}