{"id":47863,"date":"2022-11-25T00:00:00","date_gmt":"2022-11-24T23:00:00","guid":{"rendered":"https:\/\/imagazine.it\/di-corsa-nella-storia-torna-lunesco-cities-marathon\/"},"modified":"2022-11-25T00:00:00","modified_gmt":"2022-11-24T23:00:00","slug":"di-corsa-nella-storia-torna-lunesco-cities-marathon","status":"publish","type":"post","link":"https:\/\/imagazine.it\/home_desk\/di-corsa-nella-storia-torna-lunesco-cities-marathon\/","title":{"rendered":"Di corsa nella storia, torna l&#8217;Unesco Cities Marathon"},"content":{"rendered":"<p> \tL\u2019<strong>Unesco<\/strong> <strong>Cities Marathon FVG<\/strong> \u00e8 pronta a tornare. Manca dal 2019, ma l\u2019attesa sta ormai per finire: il <strong>26 febbraio 2023<\/strong> torner\u00e0 la maratona delle citt\u00e0 dell\u2019Unesco, che per l\u2019edizione della ripartenza ha previsto un percorso nuovo di zecca, con partenza e arrivo a <strong>Palmanova<\/strong>.\u00a0<\/p>\n<p> \tL\u2019ultima edizione \u2013 la settima di una serie iniziata nel 2013, quando sul traguardo di Cividale del Friuli furono assegnate anche le maglie tricolori Fidal \u2013 si era disputata il 31 marzo del 2019. Poi \u00e8 arrivata la pandemia.<\/p>\n<p> \tL\u2019Unesco Cities Marathon FVG si \u00e8 fermata per tre anni, ha colto l\u2019occasione per definire un nuovo progetto organizzativo e ora \u00e8 pronta a ripartire con rinnovate ambizioni e forte dell\u2019esperienza maturata in quasi un decennio di attivit\u00e0.<\/p>\n<p> \t\u201c<em>La pandemia ci ha fermati dopo un\u2019edizione 2019 che, nel complesso degli eventi che costituivano l\u2019Unesco Cities Marathon FVG, aveva sfiorato i 2.500 partecipanti<\/em> \u2013 ricorda <strong>Giuliano Gemo<\/strong>, presidente del comitato organizzatore \u2013. <em>Eravamo riusciti a valorizzare al meglio il connubio tra lo sport, l\u2019impegno sociale e la promozione di un territorio unico che aveva come fulcro Cividale del Friuli, Palmanova e Aquileia, tre citt\u00e0 Unesco separate da una linea quasi retta lunga 42 chilometri, esattamente la distanza della maratona. Quando \u00e8 arrivata la pandemia, a marzo del 2020, eravamo alla vigilia di una nuova edizione della maratona, ma al tempo stesso stavamo riflettendo sull\u2019opportunit\u00e0 di rielaborare la formula di gara, in modo da semplificare alcuni aspetti organizzativi, anche a vantaggio dei partecipanti. Da qui l\u2019idea di una maratona itinerante, che ogni anno avesse come baricentro una delle tre citt\u00e0. Ecco, ripartiamo da quel progetto: il 26 febbraio 2023 la maratona partir\u00e0 e arriver\u00e0 in Piazza Grande a Palmanova<\/em>. <em>Sono sicuro che sar\u00e0 un grande spettacolo\u201d. <\/em><\/p>\n<p> \tL\u2019Unesco Cities Marathon FVG, anche nel 2023, non sar\u00e0 soltanto la gara sulla distanza regina dei 42 km. Sulle strade della Storia, ci sar\u00e0 spazio anche per la Iulia Augusta Half Marathon, prova sui 21 km della mezza maratona, per l\u2019Unesco in rosa, la corsa con fini benefici interamente dedicata alle donne, per il nordic walking e per la passerella degli Special Olympics. Insomma, un evento per cinque grandi traguardi, con caratteristiche diverse tra di loro e in grado di coinvolgere un\u2019ampia platea di runners e camminatori.<\/p>\n<p> \t\u201c<em>La risposta entusiastica degli appassionati alla notizia della ripartenza dell\u2019Unesco Cities Marathon FVG ci gratifica molto <\/em>\u2013 commenta <strong>Giuseppe Donno<\/strong>, project manager dell\u2019evento \u2013. <em>Stanno arrivando richieste di partecipazione da mezza Italia, ma anche da Austria, Slovenia e Croazia e persino dall\u2019Olanda e da El Salvador. Evidentemente abbiamo lasciato un bel ricordo in tanti atleti. Ugualmente positiva \u00e8 stata la reazione delle amministrazioni comunali e delle aziende<\/em>, <em>memori evidentemente di cosa ha rappresentato l\u2019Unesco Cities Marathon FVG per il territorio, anche alla luce delle tante iniziative messe in campo negli anni a vantaggio del mondo dell\u2019associazionismo e delle scuole.<\/em> <em>Insomma, ci sono le premesse per un grande evento\u201d<\/em>.<\/p>\n<p> \tL\u2019edizione 2023 dell\u2019Unesco Cities Marathon FVG sar\u00e0 anche valida come campionato nazionale CSEN di corsa su strada sulla distanza dei 42 km. Le iscrizioni sono aperte tramite il sito <u><a href=\"http:\/\/www.unescocitiesmarathon.it\" target=\"_blank\" rel=\"noopener\"><span style=\"color:#0000cd;\">www.unescocitiesmarathon.it<\/span><\/a><\/u> ed \u00e8 prevista una quota d\u2019adesione agevolata per chi si iscriver\u00e0 a maratona e mezza maratona entro il 31 dicembre 2022, oltre che per gruppi e societ\u00e0 sportive.<\/p>\n<p> \tNel weekend, sabato 26 e domenica 27 novembre, uno stand dell\u2019Unesco Cities Marathon FVG sar\u00e0 presente alla Mezza Maratona Citt\u00e0 di Palmanova, tappa fondamentale nel lungo tour di promozione dell\u2019evento iniziato gi\u00e0 da qualche settimana e che proseguir\u00e0 sino a febbraio.<\/p>\n<p> \t\u00a0<\/p>\n","protected":false},"excerpt":{"rendered":"<p>Percorso nuovo di zecca con partenza e arrivo a Palmanova. Un evento per cinque traguardi: maratona, mezza maratona, Unesco in rosa, nordic walking e Special Olympics<\/p>\n","protected":false},"author":28,"featured_media":47864,"comment_status":"closed","ping_status":"closed","sticky":false,"template":"","format":"standard","meta":{"dwc-title":[],"dwc-content":[],"footnotes":""},"categories":[38],"tags":[],"class_list":["post-47863","post","type-post","status-publish","format-standard","has-post-thumbnail","hentry","category-sport"],"rttpg_featured_image_url":{"full":["https:\/\/imagazine.it\/wp-content\/uploads\/2024\/02\/51018-1.webp",1280,804,false],"landscape":["https:\/\/imagazine.it\/wp-content\/uploads\/2024\/02\/51018-1.webp",1280,804,false],"portraits":["https:\/\/imagazine.it\/wp-content\/uploads\/2024\/02\/51018-1.webp",1280,804,false],"thumbnail":["https:\/\/imagazine.it\/wp-content\/uploads\/2024\/02\/51018-1-150x150.webp",150,150,true],"medium":["https:\/\/imagazine.it\/wp-content\/uploads\/2024\/02\/51018-1-300x188.webp",300,188,true],"large":["https:\/\/imagazine.it\/wp-content\/uploads\/2024\/02\/51018-1-1024x643.webp",640,402,true],"thumblist":["https:\/\/imagazine.it\/wp-content\/uploads\/2024\/02\/51018-1-300x300.webp",300,300,true],"thumbrelated":["https:\/\/imagazine.it\/wp-content\/uploads\/2024\/02\/51018-1-500x500.webp",500,500,true],"meccarouselthumb":["https:\/\/imagazine.it\/wp-content\/uploads\/2024\/02\/51018-1-474x324.webp",474,324,true],"gridsquare":["https:\/\/imagazine.it\/wp-content\/uploads\/2024\/02\/51018-1-391x260.webp",391,260,true],"tileview":["https:\/\/imagazine.it\/wp-content\/uploads\/2024\/02\/51018-1-300x400.webp",300,400,true],"1536x1536":["https:\/\/imagazine.it\/wp-content\/uploads\/2024\/02\/51018-1.webp",1280,804,false],"2048x2048":["https:\/\/imagazine.it\/wp-content\/uploads\/2024\/02\/51018-1.webp",1280,804,false],"newsup-slider-full":["https:\/\/imagazine.it\/wp-content\/uploads\/2024\/02\/51018-1-1280x720.webp",1280,720,true],"newsup-featured":["https:\/\/imagazine.it\/wp-content\/uploads\/2024\/02\/51018-1-1024x643.webp",1024,643,true],"newsup-medium":["https:\/\/imagazine.it\/wp-content\/uploads\/2024\/02\/51018-1-720x380.webp",720,380,true],"tptn_thumbnail":["https:\/\/imagazine.it\/wp-content\/uploads\/2024\/02\/51018-1.webp",250,157,false],"sow-carousel-default":["https:\/\/imagazine.it\/wp-content\/uploads\/2024\/02\/51018-1.webp",272,171,false]},"rttpg_author":{"display_name":"redazione","author_link":"https:\/\/imagazine.it\/home_desk\/author\/redazione\/"},"rttpg_comment":0,"rttpg_category":"<a href=\"https:\/\/imagazine.it\/home_desk\/category\/sport\/\" rel=\"category tag\">SPORT<\/a>","rttpg_excerpt":"Percorso nuovo di zecca con partenza e arrivo a Palmanova. Un evento per cinque traguardi: maratona, mezza maratona, Unesco in rosa, nordic walking e Special Olympics","_links":{"self":[{"href":"https:\/\/imagazine.it\/home_desk\/wp-json\/wp\/v2\/posts\/47863","targetHints":{"allow":["GET"]}}],"collection":[{"href":"https:\/\/imagazine.it\/home_desk\/wp-json\/wp\/v2\/posts"}],"about":[{"href":"https:\/\/imagazine.it\/home_desk\/wp-json\/wp\/v2\/types\/post"}],"author":[{"embeddable":true,"href":"https:\/\/imagazine.it\/home_desk\/wp-json\/wp\/v2\/users\/28"}],"replies":[{"embeddable":true,"href":"https:\/\/imagazine.it\/home_desk\/wp-json\/wp\/v2\/comments?post=47863"}],"version-history":[{"count":0,"href":"https:\/\/imagazine.it\/home_desk\/wp-json\/wp\/v2\/posts\/47863\/revisions"}],"wp:featuredmedia":[{"embeddable":true,"href":"https:\/\/imagazine.it\/home_desk\/wp-json\/wp\/v2\/media\/47864"}],"wp:attachment":[{"href":"https:\/\/imagazine.it\/home_desk\/wp-json\/wp\/v2\/media?parent=47863"}],"wp:term":[{"taxonomy":"category","embeddable":true,"href":"https:\/\/imagazine.it\/home_desk\/wp-json\/wp\/v2\/categories?post=47863"},{"taxonomy":"post_tag","embeddable":true,"href":"https:\/\/imagazine.it\/home_desk\/wp-json\/wp\/v2\/tags?post=47863"}],"curies":[{"name":"wp","href":"https:\/\/api.w.org\/{rel}","templated":true}]}}