{"id":46401,"date":"2024-02-05T16:38:12","date_gmt":"2024-02-05T15:38:12","guid":{"rendered":"https:\/\/imagazine.it\/?p=46401"},"modified":"2024-02-05T16:38:12","modified_gmt":"2024-02-05T15:38:12","slug":"brigante-e-messina-trionfano-ai-campionati-italiani-indoor","status":"publish","type":"post","link":"https:\/\/imagazine.it\/home_desk\/brigante-e-messina-trionfano-ai-campionati-italiani-indoor\/","title":{"rendered":"Brigante e Messina trionfano ai Campionati Italiani Indoor"},"content":{"rendered":"<p><em><span style=\"font-size: 10pt;\">Paolo Messina al centro del podio (\u00a9 Grana \/ Fidal)<\/span><\/em><\/p>\n<p>TRIESTE \u2013 I Campionati Italiani Indoor Juniores e Promesse, andati in scena lo scorso weekend ad Ancona, hanno sorriso alla <strong>Trieste Atletica<\/strong>.<\/p>\n<p>Sui 5000 m di marcia under 23 si \u00e8 assistito allo show del ronchese <strong>Emiliano Brigante<\/strong> che, grazie a un attacco secco dopo 2 km dallo start, ha chiuso a braccia alzate, vincendo la medaglia d\u2019oro. L\u2019atleta gialloblu ha concluso la sua fatica con il crono di 19:44.18, precedendo Gabriele Gamba (Atletica Riccardi Milano, 19:51.59) e Diego Giampaolo (Fiamme Gialle, 19:51.95).<\/p>\n<p>\u201cSono molto soddisfatto di questa prestazione \u2013 afferma Emiliano \u2013 perch\u00e9 \u00e8 stato un ottimo test, soprattutto da un punto di vista tecnico, verso i prossimi appuntamenti su strada, in primis l\u2019appuntamento tricolore del 3 marzo sui 20 km\u201d.<\/p>\n<p>Nella stessa gara si \u00e8 ben comportato il compagno di squadra di Brigante, <strong>Luigi Reis<\/strong>, che ha colto la quarta piazza con il tempo di 21:12.08.<\/p>\n<p>Restando tra gli under 23 <strong>Paolo Messina<\/strong>, velocista esploso tra le file della Trieste Atletica e ora in forza tra le file del Gruppo Sportivo delle Fiamme Gialle, allievo di Max Dessardo, si \u00e8 ripreso, dopo due anni, il titolo sui 400 m, superando prima con disinvoltura il turno eliminatorio in 47.91, per poi scatenarsi in finale. Nell\u2019atto conclusivo Messina \u00e8 partito a razzo, tenendo duro nel secondo giro e infliggendo pi\u00f9 di un secondo di vantaggio agli inseguitori dopo aver tagliato il traguardo con il crono di 47.45 (primato personale pareggiato).<\/p>\n<p>\u201cSono sicuramente contento di aver colto questo successo, mi aspettavo di correre un crono pi\u00f9 forte ma ora va bene cos\u00ec. Tra due settimane mi presenter\u00f2 sui 400 m agli Assoluti, dove gli stimoli per stupire ancora non mancheranno. Confido, infine, che questa stagione indoor possa spingermi al meglio verso le gare all\u2019aperto dove finalmente spero di riuscire ad esprimere il mio valore\u201d, il commento a caldo di Messina.<\/p>\n<p>Nell\u2019impianto marchigiano hanno gareggiato altri cinque portacolori della Trieste Atletica. Sui 60 m Under 23 <strong>Enrico Sancin<\/strong>, capace di superare con disinvoltura la batteria (6.82) e la semifinale (6.85), si \u00e8 accomodato al quarto posto nella finale con il crono di 6.84. \u201cUn p\u00f2 di rammarico per la medaglia mancata c\u2019\u00e8, tuttavia la continuit\u00e0 di risultati di questi ultimi due mesi e l\u2019essere tornati a respirare l\u2019aria di un campionato italiano da protagonista, mi danno veramente tanta fiducia per il futuro\u201d.<\/p>\n<p>In campo under 23, infine, <strong>Nicol\u00f2 Galimi<\/strong> ha concluso al 10\u00b0 posto i 3000 m in 8:28.55.<\/p>\n<p>Tra gli Juniores, sui 1500 m, <strong>Francesco Micolaucich<\/strong> (4:01.64) ha terminato la sua fatica in nona posizione mentre ha chiuso pi\u00f9 indietro <strong>Thomas Cafagna<\/strong> (4:18.89). Per concludere, \u00e8 arrivata anche la decima piazza di <strong>Alessandro Castaldo<\/strong> nel salto in alto con la misura di 1.90 m.<\/p>\n","protected":false},"excerpt":{"rendered":"<p>Il marciatore ronchese trionfa sui 5000 metri, mentre il velocista esploso nella Trieste Atletica riconquista il titolo nei 400 metri dopo due anni <\/p>\n","protected":false},"author":28,"featured_media":46402,"comment_status":"closed","ping_status":"closed","sticky":false,"template":"","format":"image","meta":{"dwc-title":[""],"dwc-content":[""],"footnotes":""},"categories":[38],"tags":[248,249,250,65],"class_list":["post-46401","post","type-post","status-publish","format-image","has-post-thumbnail","hentry","category-sport","tag-atletica","tag-brigante","tag-messina","tag-trieste","post_format-post-format-image"],"rttpg_featured_image_url":{"full":["https:\/\/imagazine.it\/wp-content\/uploads\/2024\/02\/Podio_Italiani-Promesse-Indoor-400m_Paolo-Messina-al-centro.jpg",1364,763,false],"landscape":["https:\/\/imagazine.it\/wp-content\/uploads\/2024\/02\/Podio_Italiani-Promesse-Indoor-400m_Paolo-Messina-al-centro.jpg",1364,763,false],"portraits":["https:\/\/imagazine.it\/wp-content\/uploads\/2024\/02\/Podio_Italiani-Promesse-Indoor-400m_Paolo-Messina-al-centro.jpg",1364,763,false],"thumbnail":["https:\/\/imagazine.it\/wp-content\/uploads\/2024\/02\/Podio_Italiani-Promesse-Indoor-400m_Paolo-Messina-al-centro-150x150.jpg",150,150,true],"medium":["https:\/\/imagazine.it\/wp-content\/uploads\/2024\/02\/Podio_Italiani-Promesse-Indoor-400m_Paolo-Messina-al-centro-300x168.jpg",300,168,true],"large":["https:\/\/imagazine.it\/wp-content\/uploads\/2024\/02\/Podio_Italiani-Promesse-Indoor-400m_Paolo-Messina-al-centro-1024x573.jpg",640,358,true],"thumblist":["https:\/\/imagazine.it\/wp-content\/uploads\/2024\/02\/Podio_Italiani-Promesse-Indoor-400m_Paolo-Messina-al-centro-300x300.jpg",300,300,true],"thumbrelated":["https:\/\/imagazine.it\/wp-content\/uploads\/2024\/02\/Podio_Italiani-Promesse-Indoor-400m_Paolo-Messina-al-centro-500x500.jpg",500,500,true],"meccarouselthumb":["https:\/\/imagazine.it\/wp-content\/uploads\/2024\/02\/Podio_Italiani-Promesse-Indoor-400m_Paolo-Messina-al-centro-474x324.jpg",474,324,true],"gridsquare":["https:\/\/imagazine.it\/wp-content\/uploads\/2024\/02\/Podio_Italiani-Promesse-Indoor-400m_Paolo-Messina-al-centro-391x260.jpg",391,260,true],"tileview":["https:\/\/imagazine.it\/wp-content\/uploads\/2024\/02\/Podio_Italiani-Promesse-Indoor-400m_Paolo-Messina-al-centro-300x400.jpg",300,400,true],"1536x1536":["https:\/\/imagazine.it\/wp-content\/uploads\/2024\/02\/Podio_Italiani-Promesse-Indoor-400m_Paolo-Messina-al-centro.jpg",1364,763,false],"2048x2048":["https:\/\/imagazine.it\/wp-content\/uploads\/2024\/02\/Podio_Italiani-Promesse-Indoor-400m_Paolo-Messina-al-centro.jpg",1364,763,false],"newsup-slider-full":["https:\/\/imagazine.it\/wp-content\/uploads\/2024\/02\/Podio_Italiani-Promesse-Indoor-400m_Paolo-Messina-al-centro-1280x720.jpg",1280,720,true],"newsup-featured":["https:\/\/imagazine.it\/wp-content\/uploads\/2024\/02\/Podio_Italiani-Promesse-Indoor-400m_Paolo-Messina-al-centro-1024x573.jpg",1024,573,true],"newsup-medium":["https:\/\/imagazine.it\/wp-content\/uploads\/2024\/02\/Podio_Italiani-Promesse-Indoor-400m_Paolo-Messina-al-centro-720x380.jpg",720,380,true],"tptn_thumbnail":["https:\/\/imagazine.it\/wp-content\/uploads\/2024\/02\/Podio_Italiani-Promesse-Indoor-400m_Paolo-Messina-al-centro.jpg",250,140,false],"sow-carousel-default":["https:\/\/imagazine.it\/wp-content\/uploads\/2024\/02\/Podio_Italiani-Promesse-Indoor-400m_Paolo-Messina-al-centro.jpg",272,152,false]},"rttpg_author":{"display_name":"redazione","author_link":"https:\/\/imagazine.it\/home_desk\/author\/redazione\/"},"rttpg_comment":0,"rttpg_category":"<a href=\"https:\/\/imagazine.it\/home_desk\/category\/sport\/\" rel=\"category tag\">SPORT<\/a>","rttpg_excerpt":"Il marciatore ronchese trionfa sui 5000 metri, mentre il velocista esploso nella Trieste Atletica riconquista il titolo nei 400 metri dopo due anni","_links":{"self":[{"href":"https:\/\/imagazine.it\/home_desk\/wp-json\/wp\/v2\/posts\/46401","targetHints":{"allow":["GET"]}}],"collection":[{"href":"https:\/\/imagazine.it\/home_desk\/wp-json\/wp\/v2\/posts"}],"about":[{"href":"https:\/\/imagazine.it\/home_desk\/wp-json\/wp\/v2\/types\/post"}],"author":[{"embeddable":true,"href":"https:\/\/imagazine.it\/home_desk\/wp-json\/wp\/v2\/users\/28"}],"replies":[{"embeddable":true,"href":"https:\/\/imagazine.it\/home_desk\/wp-json\/wp\/v2\/comments?post=46401"}],"version-history":[{"count":0,"href":"https:\/\/imagazine.it\/home_desk\/wp-json\/wp\/v2\/posts\/46401\/revisions"}],"wp:featuredmedia":[{"embeddable":true,"href":"https:\/\/imagazine.it\/home_desk\/wp-json\/wp\/v2\/media\/46402"}],"wp:attachment":[{"href":"https:\/\/imagazine.it\/home_desk\/wp-json\/wp\/v2\/media?parent=46401"}],"wp:term":[{"taxonomy":"category","embeddable":true,"href":"https:\/\/imagazine.it\/home_desk\/wp-json\/wp\/v2\/categories?post=46401"},{"taxonomy":"post_tag","embeddable":true,"href":"https:\/\/imagazine.it\/home_desk\/wp-json\/wp\/v2\/tags?post=46401"}],"curies":[{"name":"wp","href":"https:\/\/api.w.org\/{rel}","templated":true}]}}