{"id":46216,"date":"2024-02-02T15:34:02","date_gmt":"2024-02-02T14:34:02","guid":{"rendered":"https:\/\/imagazine.it\/?p=46216"},"modified":"2024-02-02T16:19:57","modified_gmt":"2024-02-02T15:19:57","slug":"posate-in-3d-per-gli-anziani-con-deterioramento-cognitivo","status":"publish","type":"post","link":"https:\/\/imagazine.it\/home_desk\/posate-in-3d-per-gli-anziani-con-deterioramento-cognitivo\/","title":{"rendered":"Posate in 3D per gli anziani con deterioramento cognitivo"},"content":{"rendered":"<p><em><span style=\"font-size: 10pt;\">L&#8217;incontro degli studenti del Galvani<\/span><\/em><\/p>\n<p>CORDENONS \u2013 Avviato il <strong>nuovo progetto<\/strong> di <strong>sensibilizzazione e formazione<\/strong> per i ragazzi e le ragazze che frequentano il <strong>Liceo artistico statale \u201cEnrico Galvani\u201d di Cordenons,<\/strong> che prevede la <strong>realizzazione con stampante 3d<\/strong> di <strong>speciali posate destinate agli anziani<\/strong> con deterioramento cognitivo.<\/p>\n<p>Il nuovo capitolo sui temi dell\u2019<strong>invecchiamento attivo<\/strong> e delle persone anziane con <strong>fragilit\u00e0 o patologia dementigena<\/strong> dal titolo \u201c<em>Cappa e spada, ovvero come ti disegno le posate<\/em>\u201d, fa parte di un percorso pi\u00f9 ampio di diffusione e disseminazione della cultura del mondo dell\u2019anziano in chiave di <strong>solidariet\u00e0<\/strong>.<\/p>\n<p>Due le classi del Galvani coinvolte la <strong>3^D <\/strong>e la <strong>3^E<\/strong>, grazie a questa nuova azione gli studenti potranno diventare promotori di una nuova attenzione nei confronti dell\u2019anziano che presenta fragilit\u00e0, o che deve confrontarsi con la senescenza e il deterioramento cognitivo che essa comporta, affrontando situazioni quali la perdita di memoria o patologie legate all\u2019invecchiamento, tra cui la demenza e l\u2019Alzheimer.<\/p>\n<p>Figlia del progetto di formazione triennale \u201c<em>Impastiamo la Vita<\/em>\u201d promosso alla Scuola Alberghiera IAL di Aviano, anche la nuova azione \u00e8 co-progettata dal Servizio sociale dei Comuni Livenza Cansiglio Cavallo e dalla Cooperativa sociale Itaca ed ha l\u2019intento di <strong>stimolare nei giovani<\/strong> l\u2019interesse e la cultura del rispetto nei confronti delle persone con <strong>patologie dementigene<\/strong>, affinch\u00e9 ragazze e ragazzi si rendano promotori di un pensiero di solidariet\u00e0 nel loro territorio.<\/p>\n<p>L\u2019alveo in cui scorre \u201c<em>Cappa e spada<\/em>\u201d \u00e8 quello di un <strong>percorso di consapevolezza<\/strong> rispetto alle <strong>diversit\u00e0<\/strong> che ci circondano ed alle <strong>fragilit\u00e0<\/strong> che ciascun gruppo sociale, giovani e anziani, porta con s\u00e9 nella propria quotidianit\u00e0. A partire dalla necessit\u00e0 di ricucire, in un processo di guarigione post pandemico, le relazioni inter e transgenerazionali fra <strong>adolescenti e anziani<\/strong>. Il corso propone a entrambi i gruppi una <strong>nuova occasione di scambio<\/strong>, un\u2019opportunit\u00e0 per ricominciare da dove la pandemia aveva interrotto la relazione di affetto, cura e fiducia.<\/p>\n<p>Nel corso del primo incontro del 31 gennaio, agli studenti di 3^ D e 3^ E del Galvani \u00e8 stata proposta una carrellata di pittori che, nel corso della loro vita, hanno sperimentato sulla propria pelle la demenza, riflessa anche nelle loro opere, tra cui Willem De Kooling e William Utermohlen. Particolare commozione ha suscitato quest\u2019ultimo, per il quale dagli anni Novanta \u00e8 stato messo a disposizione della comunit\u00e0 scientifica un singolare diario clinico. Si tratta di una serie di opere realizzate dall\u2019artista, cui era stato diagnosticato l\u2019Alzheimer nel 1995.<\/p>\n<p>I prossimi incontri sono previsti il 7 febbraio, 6-13-27 marzo. Gli studenti della classe 2^ pasticceria della Scuola Alberghiera IAL di Aviano, che hanno gi\u00e0 ricevuto un primo ciclo di formazione e hanno appena terminato la prima parte del secondo anno, offriranno agli studenti del Galvani le competenze e le caratteristiche tecniche per la produzione in stampante 3d delle posate.<\/p>\n","protected":false},"excerpt":{"rendered":"<p>Avviato al Liceo artistico Galvani il nuovo progetto dedicato all\u2019invecchiamento attivo e agli anziani con Alzheimer <\/p>\n","protected":false},"author":28,"featured_media":46217,"comment_status":"closed","ping_status":"closed","sticky":false,"template":"","format":"image","meta":{"dwc-title":[""],"dwc-content":[""],"footnotes":""},"categories":[6],"tags":[190,189,188,97,129],"class_list":["post-46216","post","type-post","status-publish","format-image","has-post-thumbnail","hentry","category-societa","tag-alzheimer","tag-anziani","tag-cordenons","tag-salute","tag-scuola","post_format-post-format-image"],"rttpg_featured_image_url":{"full":["https:\/\/imagazine.it\/wp-content\/uploads\/2024\/02\/Galvani-6-Grande.jpg",1366,798,false],"landscape":["https:\/\/imagazine.it\/wp-content\/uploads\/2024\/02\/Galvani-6-Grande.jpg",1366,798,false],"portraits":["https:\/\/imagazine.it\/wp-content\/uploads\/2024\/02\/Galvani-6-Grande.jpg",1366,798,false],"thumbnail":["https:\/\/imagazine.it\/wp-content\/uploads\/2024\/02\/Galvani-6-Grande-150x150.jpg",150,150,true],"medium":["https:\/\/imagazine.it\/wp-content\/uploads\/2024\/02\/Galvani-6-Grande-300x175.jpg",300,175,true],"large":["https:\/\/imagazine.it\/wp-content\/uploads\/2024\/02\/Galvani-6-Grande-1024x598.jpg",640,374,true],"thumblist":["https:\/\/imagazine.it\/wp-content\/uploads\/2024\/02\/Galvani-6-Grande-300x300.jpg",300,300,true],"thumbrelated":["https:\/\/imagazine.it\/wp-content\/uploads\/2024\/02\/Galvani-6-Grande-500x500.jpg",500,500,true],"meccarouselthumb":["https:\/\/imagazine.it\/wp-content\/uploads\/2024\/02\/Galvani-6-Grande-474x324.jpg",474,324,true],"gridsquare":["https:\/\/imagazine.it\/wp-content\/uploads\/2024\/02\/Galvani-6-Grande-391x260.jpg",391,260,true],"tileview":["https:\/\/imagazine.it\/wp-content\/uploads\/2024\/02\/Galvani-6-Grande-300x400.jpg",300,400,true],"1536x1536":["https:\/\/imagazine.it\/wp-content\/uploads\/2024\/02\/Galvani-6-Grande.jpg",1366,798,false],"2048x2048":["https:\/\/imagazine.it\/wp-content\/uploads\/2024\/02\/Galvani-6-Grande.jpg",1366,798,false],"newsup-slider-full":["https:\/\/imagazine.it\/wp-content\/uploads\/2024\/02\/Galvani-6-Grande-1280x720.jpg",1280,720,true],"newsup-featured":["https:\/\/imagazine.it\/wp-content\/uploads\/2024\/02\/Galvani-6-Grande-1024x598.jpg",1024,598,true],"newsup-medium":["https:\/\/imagazine.it\/wp-content\/uploads\/2024\/02\/Galvani-6-Grande-720x380.jpg",720,380,true],"tptn_thumbnail":["https:\/\/imagazine.it\/wp-content\/uploads\/2024\/02\/Galvani-6-Grande.jpg",250,146,false],"sow-carousel-default":["https:\/\/imagazine.it\/wp-content\/uploads\/2024\/02\/Galvani-6-Grande.jpg",272,159,false]},"rttpg_author":{"display_name":"redazione","author_link":"https:\/\/imagazine.it\/home_desk\/author\/redazione\/"},"rttpg_comment":0,"rttpg_category":"<a href=\"https:\/\/imagazine.it\/home_desk\/category\/societa\/\" rel=\"category tag\">SOCIET\u00c0<\/a>","rttpg_excerpt":"Avviato al Liceo artistico Galvani il nuovo progetto dedicato all\u2019invecchiamento attivo e agli anziani con Alzheimer","_links":{"self":[{"href":"https:\/\/imagazine.it\/home_desk\/wp-json\/wp\/v2\/posts\/46216","targetHints":{"allow":["GET"]}}],"collection":[{"href":"https:\/\/imagazine.it\/home_desk\/wp-json\/wp\/v2\/posts"}],"about":[{"href":"https:\/\/imagazine.it\/home_desk\/wp-json\/wp\/v2\/types\/post"}],"author":[{"embeddable":true,"href":"https:\/\/imagazine.it\/home_desk\/wp-json\/wp\/v2\/users\/28"}],"replies":[{"embeddable":true,"href":"https:\/\/imagazine.it\/home_desk\/wp-json\/wp\/v2\/comments?post=46216"}],"version-history":[{"count":0,"href":"https:\/\/imagazine.it\/home_desk\/wp-json\/wp\/v2\/posts\/46216\/revisions"}],"wp:featuredmedia":[{"embeddable":true,"href":"https:\/\/imagazine.it\/home_desk\/wp-json\/wp\/v2\/media\/46217"}],"wp:attachment":[{"href":"https:\/\/imagazine.it\/home_desk\/wp-json\/wp\/v2\/media?parent=46216"}],"wp:term":[{"taxonomy":"category","embeddable":true,"href":"https:\/\/imagazine.it\/home_desk\/wp-json\/wp\/v2\/categories?post=46216"},{"taxonomy":"post_tag","embeddable":true,"href":"https:\/\/imagazine.it\/home_desk\/wp-json\/wp\/v2\/tags?post=46216"}],"curies":[{"name":"wp","href":"https:\/\/api.w.org\/{rel}","templated":true}]}}