{"id":46208,"date":"2024-02-02T12:02:10","date_gmt":"2024-02-02T11:02:10","guid":{"rendered":"https:\/\/imagazine.it\/?p=46208"},"modified":"2024-02-02T12:03:22","modified_gmt":"2024-02-02T11:03:22","slug":"conto-alla-rovescia-per-go2025-giornata-evento-a-gorizia-e-nova-gorica","status":"publish","type":"post","link":"https:\/\/imagazine.it\/home_desk\/conto-alla-rovescia-per-go2025-giornata-evento-a-gorizia-e-nova-gorica\/","title":{"rendered":"Conto alla rovescia per GO!2025, giornata evento a Gorizia e Nova Gorica"},"content":{"rendered":"<p>GORIZIA \u2013 Scatter\u00e0 <strong>gioved\u00ec 8 febbraio <\/strong>il <strong>conto alla rovescia<\/strong> verso <strong>GO!2025 Capitale Europea della Cultura<\/strong>.<\/p>\n<p><strong>Nova Gorica e Gorizia<\/strong> si apprestano a celebrare, con una giornata intera di iniziative senza confini, nello spirito dell&#8217;investitura ricevuta, la <strong>data simbolica di avvio del conto alla rovescia verso gli eventi internazionali del 2025<\/strong>.<\/p>\n<p>L&#8217;8 febbraio 2025 sar\u00e0 infatti la data ufficiale di inizio dell&#8217;Anno Europeo della Cultura a cavallo fra Slovenia e Italia: una ricorrenza significativa e sentita dai due Paesi, perch\u00e8 incrocia la Giornata nazionale della cultura in Slovenia \u2013 ricorre l&#8217;anniversario della scomparsa del poeta <strong>France <\/strong><strong>Pre\u0161eren<\/strong> (8 febbraio 1949) \u2013 con la nascita di <strong>Giuseppe Ungaretti<\/strong> (8 febbraio 1888).<\/p>\n<p>\u00abNova Gorica e Gorizia si preparano cos\u00ec ad affrontare assieme, per i prossimi 365 giorni, l&#8217;organizzazione degli eventi internazionali della Capitale Europea della Cultura 2025\u00bb, spiega<strong> Romina Kocina<\/strong>, direttrice di GECT GO, Gruppo Europeo di Cooperazione Territoriale che ha la missione di \u201ccostruire\u201d una citt\u00e0 transfrontaliera per attrarre nel 2025 un vasto pubblico, curioso di vivere l&#8217;esperienza di un territorio a cavallo tra le culture, le lingue, le vicende storiche.<\/p>\n<p>Gioved\u00ec 8 febbraio si susseguiranno a Nova Gorica e a Gorizia alcuni \u201cassaggi\u201d delle proposte su cui stanno lavorando organizzatori e partner della Capitale.<\/p>\n<p>Appuntamenti pensati per vari target e interessi, in <strong>un mix di iniziative in lingua slovena, italiana o bilingue<\/strong>.<\/p>\n<p><strong>Il conto alla rovescia per la cerimonia di apertura si aprir\u00e0 alle 10 nella Piazza Transalpina<\/strong><strong>\/Trg Evrope<\/strong>. Sia a Nova Gorica che a Gorizia prenderanno poi il via le<strong> visite guidate a bordo di autobus #borderless<\/strong>, proposte in lingua slovena e italiana. Il tour proseguir\u00e0 verso Parco Coronini Cronberg, Piazza Vittoria, Municipio, Borgo Castello, Valico di Casa Rossa. Quindi via in Slovenia al Monastero di Castagnevizza al centro citt\u00e0 di Nova Gorica, Eda Center sulla Delpinova ulica, Monumento a Edvard Rusjan, Bevkov Trg, Municipio, Salcano, con sosta sul ponte e ritorno in Piazza Transalpina\/Trg Evrope.<\/p>\n<p>Il bus partir\u00e0 alle 10 e alle 14.30, la visita dura circa 2 ore ed <strong>\u00e8 necessario prenotare, fino a esaurimento dei posti disponibili, entro mercoled\u00ec 7 febbraio <\/strong>attraverso l&#8217;Infopoint di PromoTurismo FVG a Gorizia (Corso Italia 9, tel. +39 0481 535764, email <a href=\"mailto:info.gorizia@promoturismo.fvg.it\"><strong>info.gorizia@promoturismo.fvg.it<\/strong><\/a><strong>)<\/strong> oppure al Centro Informazioni Turistiche di Nova Gorica (Kidri\u010deva ulica 11, tel. +386 5 330 46 00, email <a href=\"mailto:nova-gorica@vipavskadolina.si\"><strong>nova-gorica@vipavskadolina.si<\/strong><\/a>)<\/p>\n<p><strong>A Nova Gorica le iniziative <\/strong><strong>per la giornata coincideranno con la Festa nazionale della Cultura<\/strong>, e proseguiranno alle 12 in Bevkov Trg, dove si svolger\u00e0 un <strong>recital di poesie di France Pre\u0161eren<\/strong>.<\/p>\n<p>In serata, alle 19.30 presso Xcenter, Krilo Rusjan, attesa per una delle anteprime del programma ufficiale GO!2025, lo <strong>spettacolo di danza della MN Dance Company<\/strong>, nuovo corpo di ballo internazionale curato da Michal Rynia e Nastja Bremec Rynia. Molte altre iniziaive animeranno Nova Gorica per l\u2019intera giornata, in collegamento con il Programma ufficiale della Capitale Europea: letture, conversazioni, laboratori, performance e proiezioni. E molte le sedi coinvolte, da Gori\u0161ki muzej al Teatro Nazionale Sloveno.<\/p>\n<p><strong>A Gorizia, invece, \u201c<em>GO! Borderless. Giovani, confini e il potere della comunicazione<\/em>\u201d sar\u00e0 tema portante dell\u2019incontro in programma a<\/strong><strong>lle 17.30 al <\/strong><strong>Kinemax<\/strong> (Piazza Vittoria, 41), protagonisti gli studenti delle scuole cittadine, chiamati a confrontarsi direttamente sui temi della comunicazione con giornalisti professionisti come <strong>Toni Capuozzo<\/strong> e <strong>Fabrizio Brancoli<\/strong> affiancati dall\u2019accademica <strong>Renata Kodilja<\/strong>. L\u2019incontro, condotto dalla giornalista <strong>Anna Piuzzi<\/strong>, sar\u00e0 introdotto dal saluto del sindaco di Gorizia, <strong>Rodolfo Ziberna<\/strong>.<\/p>\n<p>Al centro dell\u2019evento, aperto liberamente alla partecipazione della citt\u00e0, ci saranno i <strong>giovani: studentesse e studenti universitari e degli Istituti Secondari di II grado e dell\u2019universit\u00e0<\/strong>, chiamati ad accendere il confronto attraverso le loro domande, in una vivacissima agor\u00e0 dedicata allo sviluppo di relazioni fra comunit\u00e0 diversei, anche transfrontaliere, e all\u2019importanza della comunicazione per la costruzione di \u201cponti\u201d reali e fecondi fra popoli e culture.<\/p>\n<p>L\u2019incontro si aprir\u00e0 con alcune letture affidate agli studenti del Liceo classico Dante Alighieri: un estratto dallo spettacolo teatrale \u201cDioniso\u201d, con brani di Eschilo, Erasmo da Rotterdam ed altri autori. Seguir\u00e0 il confronto fra giovani e relatori: un vero e proprio \u201cring\u201d, per intrecciare domande e interventi legati al tema della \u201cbuona comunicazione\u201d, con attenzione specifica agli elementi di multiculturalit\u00e0, comunicazione etica e giornalistica, comunicazione pubblica.<\/p>\n<p>A conclusione l\u2019omaggio a Giuseppe Ungaretti e France Pre\u0161eren, con una selezione di letture dalla loro opera in lingua italiana e slovena, a cura degli studenti del polo linguistico sloveno. A seguire \u2013 sempre al Kinemax alle 20.30 &#8211; l\u2019anteprima del documentario <em>Milko Bambi\u010d,<\/em> <em>In Statu Nascendi<\/em>.<\/p>\n","protected":false},"excerpt":{"rendered":"<p>L&#8217;8 febbraio 2025 inaugurer\u00e0 l&#8217;Anno Europeo della Cultura a cavallo fra Slovenia e Italia, data che unisce i poeti France Pre\u0161eren e Giuseppe Ungaretti<\/p>\n","protected":false},"author":28,"featured_media":46210,"comment_status":"closed","ping_status":"closed","sticky":false,"template":"","format":"image","meta":{"dwc-title":[""],"dwc-content":[""],"footnotes":""},"categories":[5],"tags":[185,123,43,184],"class_list":["post-46208","post","type-post","status-publish","format-image","has-post-thumbnail","hentry","category-attualita","tag-capitale-cultura","tag-go2025","tag-gorizia","tag-nova-gorica","post_format-post-format-image"],"rttpg_featured_image_url":{"full":["https:\/\/imagazine.it\/wp-content\/uploads\/2024\/02\/PIAZZA-TRANSALPINA.jpg",1366,911,false],"landscape":["https:\/\/imagazine.it\/wp-content\/uploads\/2024\/02\/PIAZZA-TRANSALPINA.jpg",1366,911,false],"portraits":["https:\/\/imagazine.it\/wp-content\/uploads\/2024\/02\/PIAZZA-TRANSALPINA.jpg",1366,911,false],"thumbnail":["https:\/\/imagazine.it\/wp-content\/uploads\/2024\/02\/PIAZZA-TRANSALPINA-150x150.jpg",150,150,true],"medium":["https:\/\/imagazine.it\/wp-content\/uploads\/2024\/02\/PIAZZA-TRANSALPINA-300x200.jpg",300,200,true],"large":["https:\/\/imagazine.it\/wp-content\/uploads\/2024\/02\/PIAZZA-TRANSALPINA-1024x683.jpg",640,427,true],"thumblist":["https:\/\/imagazine.it\/wp-content\/uploads\/2024\/02\/PIAZZA-TRANSALPINA-300x300.jpg",300,300,true],"thumbrelated":["https:\/\/imagazine.it\/wp-content\/uploads\/2024\/02\/PIAZZA-TRANSALPINA-500x500.jpg",500,500,true],"meccarouselthumb":["https:\/\/imagazine.it\/wp-content\/uploads\/2024\/02\/PIAZZA-TRANSALPINA-474x324.jpg",474,324,true],"gridsquare":["https:\/\/imagazine.it\/wp-content\/uploads\/2024\/02\/PIAZZA-TRANSALPINA-391x260.jpg",391,260,true],"tileview":["https:\/\/imagazine.it\/wp-content\/uploads\/2024\/02\/PIAZZA-TRANSALPINA-300x400.jpg",300,400,true],"1536x1536":["https:\/\/imagazine.it\/wp-content\/uploads\/2024\/02\/PIAZZA-TRANSALPINA.jpg",1366,911,false],"2048x2048":["https:\/\/imagazine.it\/wp-content\/uploads\/2024\/02\/PIAZZA-TRANSALPINA.jpg",1366,911,false],"newsup-slider-full":["https:\/\/imagazine.it\/wp-content\/uploads\/2024\/02\/PIAZZA-TRANSALPINA-1280x720.jpg",1280,720,true],"newsup-featured":["https:\/\/imagazine.it\/wp-content\/uploads\/2024\/02\/PIAZZA-TRANSALPINA-1024x683.jpg",1024,683,true],"newsup-medium":["https:\/\/imagazine.it\/wp-content\/uploads\/2024\/02\/PIAZZA-TRANSALPINA-720x380.jpg",720,380,true],"tptn_thumbnail":["https:\/\/imagazine.it\/wp-content\/uploads\/2024\/02\/PIAZZA-TRANSALPINA.jpg",250,167,false],"sow-carousel-default":["https:\/\/imagazine.it\/wp-content\/uploads\/2024\/02\/PIAZZA-TRANSALPINA.jpg",272,182,false]},"rttpg_author":{"display_name":"redazione","author_link":"https:\/\/imagazine.it\/home_desk\/author\/redazione\/"},"rttpg_comment":0,"rttpg_category":"<a href=\"https:\/\/imagazine.it\/home_desk\/category\/attualita\/\" rel=\"category tag\">ATTUALIT\u00c0<\/a>","rttpg_excerpt":"L'8 febbraio 2025 inaugurer\u00e0 l'Anno Europeo della Cultura a cavallo fra Slovenia e Italia, data che unisce i poeti France Pre\u0161eren e Giuseppe Ungaretti","_links":{"self":[{"href":"https:\/\/imagazine.it\/home_desk\/wp-json\/wp\/v2\/posts\/46208","targetHints":{"allow":["GET"]}}],"collection":[{"href":"https:\/\/imagazine.it\/home_desk\/wp-json\/wp\/v2\/posts"}],"about":[{"href":"https:\/\/imagazine.it\/home_desk\/wp-json\/wp\/v2\/types\/post"}],"author":[{"embeddable":true,"href":"https:\/\/imagazine.it\/home_desk\/wp-json\/wp\/v2\/users\/28"}],"replies":[{"embeddable":true,"href":"https:\/\/imagazine.it\/home_desk\/wp-json\/wp\/v2\/comments?post=46208"}],"version-history":[{"count":0,"href":"https:\/\/imagazine.it\/home_desk\/wp-json\/wp\/v2\/posts\/46208\/revisions"}],"wp:featuredmedia":[{"embeddable":true,"href":"https:\/\/imagazine.it\/home_desk\/wp-json\/wp\/v2\/media\/46210"}],"wp:attachment":[{"href":"https:\/\/imagazine.it\/home_desk\/wp-json\/wp\/v2\/media?parent=46208"}],"wp:term":[{"taxonomy":"category","embeddable":true,"href":"https:\/\/imagazine.it\/home_desk\/wp-json\/wp\/v2\/categories?post=46208"},{"taxonomy":"post_tag","embeddable":true,"href":"https:\/\/imagazine.it\/home_desk\/wp-json\/wp\/v2\/tags?post=46208"}],"curies":[{"name":"wp","href":"https:\/\/api.w.org\/{rel}","templated":true}]}}