{"id":46193,"date":"2024-02-01T18:10:24","date_gmt":"2024-02-01T17:10:24","guid":{"rendered":"https:\/\/imagazine.it\/?p=46193"},"modified":"2024-02-02T09:35:49","modified_gmt":"2024-02-02T08:35:49","slug":"grado-punta-a-unaltra-estate-da-record","status":"publish","type":"post","link":"https:\/\/imagazine.it\/home_desk\/grado-punta-a-unaltra-estate-da-record\/","title":{"rendered":"Grado punta a un&#8217;altra estate da record"},"content":{"rendered":"<p>GRADO \u2013 Presentata la stagione estiva di <strong>Grado impianti turistici (Git)<\/strong>.<\/p>\n<p>Alla presenza, tra gli altri, del presidente di Git Grado <strong>Roberto Marin<\/strong> e del commissario del Comune di Grado <strong>Augusto Viola<\/strong>, l\u2019assessore regionale al turismo, <strong>Sergio Emidio Bini<\/strong>, ha posto in evidenza i numeri positivi registrati nell&#8217;Isola del sole nel 2023. Limitatamente al periodo estivo (maggio-settembre), Grado ha fatto registrare un <strong>aumento delle presenze del 6,1%<\/strong> rispetto allo stesso periodo del 2022, mentre durante tutto l&#8217;anno l\u2019incremento \u00e8 stato del +9,4% di presenze. &#8221;<\/p>\n<p>A guidare la crescita delle presenze \u00e8 stato un aumento significativo sia dei turisti stranieri (in particolare tedeschi e dell&#8217;Est Europa) sia italiani.<\/p>\n<p><iframe loading=\"lazy\" title=\"Grado presenta la stagione estiva\" width=\"640\" height=\"360\" src=\"https:\/\/www.youtube.com\/embed\/72waU5YzvM0?feature=oembed\" frameborder=\"0\" allow=\"accelerometer; autoplay; clipboard-write; encrypted-media; gyroscope; picture-in-picture; web-share\" referrerpolicy=\"strict-origin-when-cross-origin\" allowfullscreen><\/iframe><\/p>\n<p style=\"text-align: center;\">Bini ha successivamente fatto il punto sullo stato di avanzamento dei lavori che coinvolgono le Terme di Grado. &#8220;Nel 2023 \u2013 ha spiegato \u2013 si sono conclusi i lavori del primo lotto, dedicato al risanamento conservativo della parte esistente e al rinnovamento degli spazi per le prestazioni sanitarie. Contiamo di avviare nell&#8217;autunno del 2024 i lavori del secondo lotto funzionale, intervenendo sulla struttura esistente con un finanziamento che si aggira sui 3,5 milioni di euro, con l&#8217;obiettivo di rendere presto disponibili nuovi servizi alla clientela. Sommando questi due interventi puntiamo a presentare entro la stagione estiva 2025 un complesso gi\u00e0 in grado di fornire servizi e prestazioni di qualit\u00e0 elevata. Comprendendo anche il programmato ampliamento della struttura, lo stanziamento complessivo da parte della Regione per le Terme di Grado ammonta a circa 29 milioni di euro&#8221;.<\/p>\n<p>Per quanto riguarda la spiaggia Git, il Settimo Cielo sar\u00e0 ampliato con tre file di ombrelloni in pi\u00f9 che avranno un colore bianco e grigio perla. Una fila in pi\u00f9 \u00e8 prevista per il reparto Sissi. Il mini reparto Suite, invece, potr\u00e0 contare su 10 postazioni con lettini matrimoniali e un\u2019area relax con spazi confortevoli.<\/p>\n<p>La <strong>Smart Beach<\/strong> \u2013 nata lo scorso anno \u2013 triplicher\u00e0. Tutto questo per andare incontro alle esigenze economiche delle famiglie. Qui verranno proposte delle tariffe agevolate a prezzo fisso: 15 euro ciascuno nelle giornate dal luned\u00ec al venerd\u00ec e 17 euro per il sabato e la domenica. In abbinata, ci sar\u00e0 anche la sosta del parcheggio gratuita.<\/p>\n<p>Saranno inoltre rifatti integralmente i servizi igienici dell\u2019ingresso 1 e dell\u2019ingresso adiacente all\u2019area tennis. Si proceder\u00e0 pure al restauro del Bar Numero 1.<\/p>\n<p><strong>\u201cA-mare il mare\u201d<\/strong> \u00e8 il progetto di valenza sociale che sar\u00e0 proposto con nuovi servizi a favore della disabilit\u00e0 e dell\u2019accessibilit\u00e0.<\/p>\n<p>Infine tra il campo da tennis e l\u2019Isola d\u2019oro, saranno realizzati <strong>due campi da padel<\/strong>. Non mancheranno gli eventi artistici, quelli culturali e le animazioni per bambini.<\/p>\n","protected":false},"excerpt":{"rendered":"<p>Previsti ampliamenti e novit\u00e0 nella spiaggia Git. Presto ulteriori investimenti per le Terme. Nuovi servizi a favore della disabilit\u00e0 e dell\u2019accessibilit\u00e0<\/p>\n","protected":false},"author":28,"featured_media":46194,"comment_status":"closed","ping_status":"closed","sticky":false,"template":"","format":"image","meta":{"dwc-title":[""],"dwc-content":[""],"footnotes":""},"categories":[8],"tags":[176,174,175,177],"class_list":["post-46193","post","type-post","status-publish","format-image","has-post-thumbnail","hentry","category-turismo","tag-estate","tag-grado","tag-mare","tag-spiaggia","post_format-post-format-image"],"rttpg_featured_image_url":{"full":["https:\/\/imagazine.it\/wp-content\/uploads\/2024\/02\/gradoestate24.jpg",1366,831,false],"landscape":["https:\/\/imagazine.it\/wp-content\/uploads\/2024\/02\/gradoestate24.jpg",1366,831,false],"portraits":["https:\/\/imagazine.it\/wp-content\/uploads\/2024\/02\/gradoestate24.jpg",1366,831,false],"thumbnail":["https:\/\/imagazine.it\/wp-content\/uploads\/2024\/02\/gradoestate24-150x150.jpg",150,150,true],"medium":["https:\/\/imagazine.it\/wp-content\/uploads\/2024\/02\/gradoestate24-300x183.jpg",300,183,true],"large":["https:\/\/imagazine.it\/wp-content\/uploads\/2024\/02\/gradoestate24-1024x623.jpg",640,389,true],"thumblist":["https:\/\/imagazine.it\/wp-content\/uploads\/2024\/02\/gradoestate24-300x300.jpg",300,300,true],"thumbrelated":["https:\/\/imagazine.it\/wp-content\/uploads\/2024\/02\/gradoestate24-500x500.jpg",500,500,true],"meccarouselthumb":["https:\/\/imagazine.it\/wp-content\/uploads\/2024\/02\/gradoestate24-474x324.jpg",474,324,true],"gridsquare":["https:\/\/imagazine.it\/wp-content\/uploads\/2024\/02\/gradoestate24-391x260.jpg",391,260,true],"tileview":["https:\/\/imagazine.it\/wp-content\/uploads\/2024\/02\/gradoestate24-300x400.jpg",300,400,true],"1536x1536":["https:\/\/imagazine.it\/wp-content\/uploads\/2024\/02\/gradoestate24.jpg",1366,831,false],"2048x2048":["https:\/\/imagazine.it\/wp-content\/uploads\/2024\/02\/gradoestate24.jpg",1366,831,false],"newsup-slider-full":["https:\/\/imagazine.it\/wp-content\/uploads\/2024\/02\/gradoestate24-1280x720.jpg",1280,720,true],"newsup-featured":["https:\/\/imagazine.it\/wp-content\/uploads\/2024\/02\/gradoestate24-1024x623.jpg",1024,623,true],"newsup-medium":["https:\/\/imagazine.it\/wp-content\/uploads\/2024\/02\/gradoestate24-720x380.jpg",720,380,true],"tptn_thumbnail":["https:\/\/imagazine.it\/wp-content\/uploads\/2024\/02\/gradoestate24.jpg",250,152,false],"sow-carousel-default":["https:\/\/imagazine.it\/wp-content\/uploads\/2024\/02\/gradoestate24.jpg",272,165,false]},"rttpg_author":{"display_name":"redazione","author_link":"https:\/\/imagazine.it\/home_desk\/author\/redazione\/"},"rttpg_comment":0,"rttpg_category":"<a href=\"https:\/\/imagazine.it\/home_desk\/category\/turismo\/\" rel=\"category tag\">TURISMO<\/a>","rttpg_excerpt":"Previsti ampliamenti e novit\u00e0 nella spiaggia Git. Presto ulteriori investimenti per le Terme. Nuovi servizi a favore della disabilit\u00e0 e dell\u2019accessibilit\u00e0","_links":{"self":[{"href":"https:\/\/imagazine.it\/home_desk\/wp-json\/wp\/v2\/posts\/46193","targetHints":{"allow":["GET"]}}],"collection":[{"href":"https:\/\/imagazine.it\/home_desk\/wp-json\/wp\/v2\/posts"}],"about":[{"href":"https:\/\/imagazine.it\/home_desk\/wp-json\/wp\/v2\/types\/post"}],"author":[{"embeddable":true,"href":"https:\/\/imagazine.it\/home_desk\/wp-json\/wp\/v2\/users\/28"}],"replies":[{"embeddable":true,"href":"https:\/\/imagazine.it\/home_desk\/wp-json\/wp\/v2\/comments?post=46193"}],"version-history":[{"count":0,"href":"https:\/\/imagazine.it\/home_desk\/wp-json\/wp\/v2\/posts\/46193\/revisions"}],"wp:featuredmedia":[{"embeddable":true,"href":"https:\/\/imagazine.it\/home_desk\/wp-json\/wp\/v2\/media\/46194"}],"wp:attachment":[{"href":"https:\/\/imagazine.it\/home_desk\/wp-json\/wp\/v2\/media?parent=46193"}],"wp:term":[{"taxonomy":"category","embeddable":true,"href":"https:\/\/imagazine.it\/home_desk\/wp-json\/wp\/v2\/categories?post=46193"},{"taxonomy":"post_tag","embeddable":true,"href":"https:\/\/imagazine.it\/home_desk\/wp-json\/wp\/v2\/tags?post=46193"}],"curies":[{"name":"wp","href":"https:\/\/api.w.org\/{rel}","templated":true}]}}