{"id":46040,"date":"2024-01-31T18:08:40","date_gmt":"2024-01-31T17:08:40","guid":{"rendered":"https:\/\/imagazine.it\/?p=46040"},"modified":"2024-01-31T18:08:40","modified_gmt":"2024-01-31T17:08:40","slug":"ginnastica-artistica-trieste-pronta-per-la-serie-a1","status":"publish","type":"post","link":"https:\/\/imagazine.it\/home_desk\/ginnastica-artistica-trieste-pronta-per-la-serie-a1\/","title":{"rendered":"Ginnastica artistica, Trieste pronta per la Serie A1"},"content":{"rendered":"<p>TRIESTE \u2013 L\u2019<strong>Artistica<\/strong> <strong>\u201981 Trieste<\/strong> si prepara ad affrontare la prima gara del campionato di Serie A1 di ginnastica artistica, in programma sabato 3 febbraio.<\/p>\n<p>Il team \u00e8 quasi totalmente invariato rispetto alla scorsa stagione, quando le ragazze della societ\u00e0 guidata da <strong>Fulvio Bronzi<\/strong> hanno concluso in rimonta la stagione al terzo posto.<\/p>\n<p>Il primo appuntamento sar\u00e0 a Montichiari, in provincia di Brescia, dalle 14.30, dove le ginnaste si confronteranno come sempre al corpo libero e ai grandi attrezzi.<br \/>\nIl gruppo triestino \u00e8 formato da <strong>Benedetta Gava<\/strong>, <strong>Emma Puato<\/strong>, <strong>Maddalena Magrini<\/strong>, <strong>Giovanna Novel<\/strong>, <strong>Anna Danieli<\/strong>, il prestito <strong>Sofia Tonelli<\/strong> da Saltavanti Empoli e <strong>Romina Spadaro<\/strong>. Gli allenatori sono <strong>Diego Pecar<\/strong>, <strong>Teresa Macr\u00ec<\/strong>, <strong>Carolina Pecar<\/strong>, <strong>Tea Ugrin<\/strong> ed <strong>Edoardo Trobec<\/strong>.<\/p>\n<p>La formula del campionato \u00e8 invariata, con le prime tre prove di qualificazione, dalle quali ogni societ\u00e0 potr\u00e0 scartare quella peggiore. Quindi le prime sei classificate si giocheranno il titolo, e il podio, nella gara conclusiva, la Final Six.<\/p>\n<p>\u201cLe nostre ragazze \u2013 conferma il tecnico Diego Pecar \u2013 stanno bene, sono maturate molto in questi mesi dal punto di vista delle capacit\u00e0 tecniche e hanno gi\u00e0 una buona esperienza alle spalle. La prima gara comunque \u00e8 sempre un banco di prova per capire le forze in capo in questa stagione. Il nostro obiettivo prioritario \u00e8 rimanere nella massima serie, quindi il piazzamento nelle prime nove squadre, poi l\u2019intento naturalmente \u00e8 di dare il massimo e partecipare alla Final Six\u201d.<\/p>\n<p>La societ\u00e0 milita nella massima serie da ventidue anni. Il debutto, nel 2003, in realt\u00e0 fu in serie A2, dove la squadra conquist\u00f2 subito un primo posto. Dall\u2019anno successivo \u00e8 sempre rimasta in A1, e tra i migliori risultati si registrano sei titoli di vicecampione d\u2019Italia, cinque terzi posti e sei quarti piazzamenti.<\/p>\n","protected":false},"excerpt":{"rendered":"<p>Sabato a Montichiari l&#8217;esordio stagionale per le atlete dell&#8217;Artistica &#8217;81. Con il sogno Final Six<\/p>\n","protected":false},"author":28,"featured_media":46041,"comment_status":"closed","ping_status":"closed","sticky":false,"template":"","format":"image","meta":{"dwc-title":[""],"dwc-content":[""],"footnotes":""},"categories":[38],"tags":[159,158,65],"class_list":["post-46040","post","type-post","status-publish","format-image","has-post-thumbnail","hentry","category-sport","tag-artistica-81","tag-ginnastica-artistica","tag-trieste","post_format-post-format-image"],"rttpg_featured_image_url":{"full":["https:\/\/imagazine.it\/wp-content\/uploads\/2024\/01\/SerieA.jpg",1366,687,false],"landscape":["https:\/\/imagazine.it\/wp-content\/uploads\/2024\/01\/SerieA.jpg",1366,687,false],"portraits":["https:\/\/imagazine.it\/wp-content\/uploads\/2024\/01\/SerieA.jpg",1366,687,false],"thumbnail":["https:\/\/imagazine.it\/wp-content\/uploads\/2024\/01\/SerieA-150x150.jpg",150,150,true],"medium":["https:\/\/imagazine.it\/wp-content\/uploads\/2024\/01\/SerieA-300x151.jpg",300,151,true],"large":["https:\/\/imagazine.it\/wp-content\/uploads\/2024\/01\/SerieA-1024x515.jpg",640,322,true],"thumblist":["https:\/\/imagazine.it\/wp-content\/uploads\/2024\/01\/SerieA-300x300.jpg",300,300,true],"thumbrelated":["https:\/\/imagazine.it\/wp-content\/uploads\/2024\/01\/SerieA-500x500.jpg",500,500,true],"meccarouselthumb":["https:\/\/imagazine.it\/wp-content\/uploads\/2024\/01\/SerieA-474x324.jpg",474,324,true],"gridsquare":["https:\/\/imagazine.it\/wp-content\/uploads\/2024\/01\/SerieA-391x260.jpg",391,260,true],"tileview":["https:\/\/imagazine.it\/wp-content\/uploads\/2024\/01\/SerieA-300x400.jpg",300,400,true],"1536x1536":["https:\/\/imagazine.it\/wp-content\/uploads\/2024\/01\/SerieA.jpg",1366,687,false],"2048x2048":["https:\/\/imagazine.it\/wp-content\/uploads\/2024\/01\/SerieA.jpg",1366,687,false],"newsup-slider-full":["https:\/\/imagazine.it\/wp-content\/uploads\/2024\/01\/SerieA-1280x687.jpg",1280,687,true],"newsup-featured":["https:\/\/imagazine.it\/wp-content\/uploads\/2024\/01\/SerieA-1024x515.jpg",1024,515,true],"newsup-medium":["https:\/\/imagazine.it\/wp-content\/uploads\/2024\/01\/SerieA-720x380.jpg",720,380,true],"tptn_thumbnail":["https:\/\/imagazine.it\/wp-content\/uploads\/2024\/01\/SerieA.jpg",250,126,false],"sow-carousel-default":["https:\/\/imagazine.it\/wp-content\/uploads\/2024\/01\/SerieA.jpg",272,137,false]},"rttpg_author":{"display_name":"redazione","author_link":"https:\/\/imagazine.it\/home_desk\/author\/redazione\/"},"rttpg_comment":0,"rttpg_category":"<a href=\"https:\/\/imagazine.it\/home_desk\/category\/sport\/\" rel=\"category tag\">SPORT<\/a>","rttpg_excerpt":"Sabato a Montichiari l'esordio stagionale per le atlete dell'Artistica '81. Con il sogno Final Six","_links":{"self":[{"href":"https:\/\/imagazine.it\/home_desk\/wp-json\/wp\/v2\/posts\/46040","targetHints":{"allow":["GET"]}}],"collection":[{"href":"https:\/\/imagazine.it\/home_desk\/wp-json\/wp\/v2\/posts"}],"about":[{"href":"https:\/\/imagazine.it\/home_desk\/wp-json\/wp\/v2\/types\/post"}],"author":[{"embeddable":true,"href":"https:\/\/imagazine.it\/home_desk\/wp-json\/wp\/v2\/users\/28"}],"replies":[{"embeddable":true,"href":"https:\/\/imagazine.it\/home_desk\/wp-json\/wp\/v2\/comments?post=46040"}],"version-history":[{"count":0,"href":"https:\/\/imagazine.it\/home_desk\/wp-json\/wp\/v2\/posts\/46040\/revisions"}],"wp:featuredmedia":[{"embeddable":true,"href":"https:\/\/imagazine.it\/home_desk\/wp-json\/wp\/v2\/media\/46041"}],"wp:attachment":[{"href":"https:\/\/imagazine.it\/home_desk\/wp-json\/wp\/v2\/media?parent=46040"}],"wp:term":[{"taxonomy":"category","embeddable":true,"href":"https:\/\/imagazine.it\/home_desk\/wp-json\/wp\/v2\/categories?post=46040"},{"taxonomy":"post_tag","embeddable":true,"href":"https:\/\/imagazine.it\/home_desk\/wp-json\/wp\/v2\/tags?post=46040"}],"curies":[{"name":"wp","href":"https:\/\/api.w.org\/{rel}","templated":true}]}}