{"id":46021,"date":"2024-01-31T15:51:26","date_gmt":"2024-01-31T14:51:26","guid":{"rendered":"https:\/\/imagazine.it\/?p=46021"},"modified":"2024-01-31T15:51:26","modified_gmt":"2024-01-31T14:51:26","slug":"budapest-e-olbia-nuove-rotte-da-trieste-airport","status":"publish","type":"post","link":"https:\/\/imagazine.it\/home_desk\/budapest-e-olbia-nuove-rotte-da-trieste-airport\/","title":{"rendered":"Budapest e Olbia, nuove rotte da Trieste Airport"},"content":{"rendered":"<p>RONCHI DEI LEGIONARI \u2013 <strong>Ryanair <\/strong>ha annunciato oggi altre <strong>due nuove rotte da\/per Trieste Airport<\/strong> per l&#8217;estate 24. Si tratta delle rotte per Budapest e Olbia, che si aggiungono a quelle <u><a href=\"https:\/\/www.imagazine.it\/notizie-trieste-gorizia-udine-friuli\/14444\" target=\"_blank\" rel=\"noopener\">annunciate la scorsa settimana come parte della nuova base \u201cGamechanger\u201d<\/a><\/u> a Ronchi.<\/p>\n<p><em>\u201cQuesta crescita \u00e8 una conseguenza diretta della decisione della Regione FVG di abbassare i costi di accesso e di abolire l\u2019addizionale municipale e rientra nella nostra visione condivisa volta a raddoppiare il traffico verso la Regione nei prossimi 5 anni\u201d, <\/em>afferma <strong>Jason McGuinness<\/strong>, CCO di Ryanair<em>.<\/em><\/p>\n<p><em>\u201cA pochi giorni dal lancio della nuova base Ryanair siamo felici di annunciare ulteriori novit\u00e0 dal prossimo fine marzo per i nuovi collegamenti dal nostro aeroporto: Olbia e Budapest si aggiungono ai nuovi collegamenti su Parigi, Berlino, Cracovia, Siviglia e Brindisi e alle altre gi\u00e0 operate da Ryanair nella scorsa estate, per un totale di 18 rotte. Le prospettive di crescita dell\u2019aeroporto del Friuli Venezia Giulia sono ora estremamente interessanti, l\u2019incremento strutturale e costante della connettivit\u00e0 aerea apre significative opportunit\u00e0 di miglioramento della mobilit\u00e0 per i cittadini e per lo sviluppo delle attivit\u00e0 produttive regionali\u201d, <\/em>aggiunge l\u2019amministratore delegato di Trieste Airport,<strong> Marco Consalvo<\/strong>.<\/p>\n","protected":false},"excerpt":{"rendered":"<p>Dapo le destinazioni anticipate la scorsa settimana, annunciati altri due collegamenti in vista della prossima estate<\/p>\n","protected":false},"author":28,"featured_media":46022,"comment_status":"closed","ping_status":"closed","sticky":false,"template":"","format":"image","meta":{"dwc-title":[""],"dwc-content":[""],"footnotes":""},"categories":[8],"tags":[152,149,148,86,150,151],"class_list":["post-46021","post","type-post","status-publish","format-image","has-post-thumbnail","hentry","category-turismo","tag-aereo","tag-ronchi","tag-ryanair","tag-trasporti","tag-trieste-airport","tag-viaggi","post_format-post-format-image"],"rttpg_featured_image_url":{"full":["https:\/\/imagazine.it\/wp-content\/uploads\/2024\/01\/TRIESTE-AIRPORT_RYANAIR-B737-8000-200.jpg",1000,563,false],"landscape":["https:\/\/imagazine.it\/wp-content\/uploads\/2024\/01\/TRIESTE-AIRPORT_RYANAIR-B737-8000-200.jpg",1000,563,false],"portraits":["https:\/\/imagazine.it\/wp-content\/uploads\/2024\/01\/TRIESTE-AIRPORT_RYANAIR-B737-8000-200.jpg",1000,563,false],"thumbnail":["https:\/\/imagazine.it\/wp-content\/uploads\/2024\/01\/TRIESTE-AIRPORT_RYANAIR-B737-8000-200-150x150.jpg",150,150,true],"medium":["https:\/\/imagazine.it\/wp-content\/uploads\/2024\/01\/TRIESTE-AIRPORT_RYANAIR-B737-8000-200-300x169.jpg",300,169,true],"large":["https:\/\/imagazine.it\/wp-content\/uploads\/2024\/01\/TRIESTE-AIRPORT_RYANAIR-B737-8000-200.jpg",640,360,false],"thumblist":["https:\/\/imagazine.it\/wp-content\/uploads\/2024\/01\/TRIESTE-AIRPORT_RYANAIR-B737-8000-200-300x300.jpg",300,300,true],"thumbrelated":["https:\/\/imagazine.it\/wp-content\/uploads\/2024\/01\/TRIESTE-AIRPORT_RYANAIR-B737-8000-200-500x500.jpg",500,500,true],"meccarouselthumb":["https:\/\/imagazine.it\/wp-content\/uploads\/2024\/01\/TRIESTE-AIRPORT_RYANAIR-B737-8000-200-474x324.jpg",474,324,true],"gridsquare":["https:\/\/imagazine.it\/wp-content\/uploads\/2024\/01\/TRIESTE-AIRPORT_RYANAIR-B737-8000-200-391x260.jpg",391,260,true],"tileview":["https:\/\/imagazine.it\/wp-content\/uploads\/2024\/01\/TRIESTE-AIRPORT_RYANAIR-B737-8000-200-300x400.jpg",300,400,true],"1536x1536":["https:\/\/imagazine.it\/wp-content\/uploads\/2024\/01\/TRIESTE-AIRPORT_RYANAIR-B737-8000-200.jpg",1000,563,false],"2048x2048":["https:\/\/imagazine.it\/wp-content\/uploads\/2024\/01\/TRIESTE-AIRPORT_RYANAIR-B737-8000-200.jpg",1000,563,false],"newsup-slider-full":["https:\/\/imagazine.it\/wp-content\/uploads\/2024\/01\/TRIESTE-AIRPORT_RYANAIR-B737-8000-200.jpg",1000,563,false],"newsup-featured":["https:\/\/imagazine.it\/wp-content\/uploads\/2024\/01\/TRIESTE-AIRPORT_RYANAIR-B737-8000-200.jpg",1000,563,false],"newsup-medium":["https:\/\/imagazine.it\/wp-content\/uploads\/2024\/01\/TRIESTE-AIRPORT_RYANAIR-B737-8000-200-720x380.jpg",720,380,true],"tptn_thumbnail":["https:\/\/imagazine.it\/wp-content\/uploads\/2024\/01\/TRIESTE-AIRPORT_RYANAIR-B737-8000-200.jpg",250,141,false],"sow-carousel-default":["https:\/\/imagazine.it\/wp-content\/uploads\/2024\/01\/TRIESTE-AIRPORT_RYANAIR-B737-8000-200.jpg",272,153,false]},"rttpg_author":{"display_name":"redazione","author_link":"https:\/\/imagazine.it\/home_desk\/author\/redazione\/"},"rttpg_comment":0,"rttpg_category":"<a href=\"https:\/\/imagazine.it\/home_desk\/category\/turismo\/\" rel=\"category tag\">TURISMO<\/a>","rttpg_excerpt":"Dapo le destinazioni anticipate la scorsa settimana, annunciati altri due collegamenti in vista della prossima estate","_links":{"self":[{"href":"https:\/\/imagazine.it\/home_desk\/wp-json\/wp\/v2\/posts\/46021","targetHints":{"allow":["GET"]}}],"collection":[{"href":"https:\/\/imagazine.it\/home_desk\/wp-json\/wp\/v2\/posts"}],"about":[{"href":"https:\/\/imagazine.it\/home_desk\/wp-json\/wp\/v2\/types\/post"}],"author":[{"embeddable":true,"href":"https:\/\/imagazine.it\/home_desk\/wp-json\/wp\/v2\/users\/28"}],"replies":[{"embeddable":true,"href":"https:\/\/imagazine.it\/home_desk\/wp-json\/wp\/v2\/comments?post=46021"}],"version-history":[{"count":0,"href":"https:\/\/imagazine.it\/home_desk\/wp-json\/wp\/v2\/posts\/46021\/revisions"}],"wp:featuredmedia":[{"embeddable":true,"href":"https:\/\/imagazine.it\/home_desk\/wp-json\/wp\/v2\/media\/46022"}],"wp:attachment":[{"href":"https:\/\/imagazine.it\/home_desk\/wp-json\/wp\/v2\/media?parent=46021"}],"wp:term":[{"taxonomy":"category","embeddable":true,"href":"https:\/\/imagazine.it\/home_desk\/wp-json\/wp\/v2\/categories?post=46021"},{"taxonomy":"post_tag","embeddable":true,"href":"https:\/\/imagazine.it\/home_desk\/wp-json\/wp\/v2\/tags?post=46021"}],"curies":[{"name":"wp","href":"https:\/\/api.w.org\/{rel}","templated":true}]}}