{"id":45926,"date":"2024-01-30T12:24:16","date_gmt":"2024-01-30T11:24:16","guid":{"rendered":"https:\/\/imagazine.it\/?p=45926"},"modified":"2024-01-30T12:32:19","modified_gmt":"2024-01-30T11:32:19","slug":"franco-ongaro-e-il-nuovo-sior-anzoleto","status":"publish","type":"post","link":"https:\/\/imagazine.it\/home_desk\/franco-ongaro-e-il-nuovo-sior-anzoleto\/","title":{"rendered":"Franco Ongaro \u00e8 il nuovo Sior Anzoleto"},"content":{"rendered":"<p>MONFALCONE \u2013 Presentata l\u2019edizione numero 140 del Carnevale monfalconese, che avr\u00e0 una grande novit\u00e0: dopo 56 anni di onorato servizio (1967-2023) <strong>Orlando Manfrini<\/strong> va in pensione e non vestir\u00e0 pi\u00f9 i panni di <em>sior Anzoleto Postier de la defonta<\/em>. A prendere il suo posto sar\u00e0 <strong>Franco Ongaro<\/strong>, ex insegnante di religione, impegnato da anni nel teatro amatoriale con vasta esperienza nel teatro a leggio. Sar\u00e0 lui il tredicesimo Sior Anzoleto della storia della manifestazione.<\/p>\n<p>Il carnevale di Monfalcone \u00e8 iniziato gi\u00e0 venerd\u00ec 12 gennaio con \u201cMagnemo Fora De Casa\u201d e le propose del Piatto di Carnevale a prezzo fisso nei locali che aderiscono all\u2019iniziativa promossa dalla Pro Loco.<\/p>\n<p>\u00c8 gi\u00e0 in distribuzione anche la 69<sup>a<\/sup> edizione della \u201cCantada\u201d, numero unico umoristico-satirico in dialetto bisi\u00e0c sui personaggi e i fatti della Bisiacaria.<\/p>\n<p>Il carnevale entrer\u00e0 nel vivo <strong>sabato 3 febbraio<\/strong> presso il Centro Commerciale di via Pocar dove ci sar\u00e0 l\u2019annullo postale e la premiazione di alunni e insegnanti partecipanti al concorso &#8220;<em>Disegna la cartolina del carnevale monfalconese<\/em>&#8220;, a cura del <strong>Circolo Filatelico Numismatico Monfalconese<\/strong>.<\/p>\n<p><strong>Gioved\u00ec 8 febbraio<\/strong> in Piazza della Repubblica \u201c<em>Caminada Mascherada<\/em>\u201d per i bambini delle scuole dell&#8217;infanzia ed elementari di Monfalcone, che saranno accolti da musica, dolcetti, animazione. Sempre in piazza, alle ore 16, ci sar\u00e0 la <strong>consegna delle &#8220;Chiavi della Citt\u00e0&#8221;<\/strong> alla Pro Loco da parte del sindaco e l\u2019apertura ufficiale del Carnevale Monfalconese con la <strong>banda itinerante \u201cVecia Trieste\u201d<\/strong> per le vie cittadine.<\/p>\n<p><strong>Venerd\u00ec 9 febbraio<\/strong> dalle ore 14.30 alle ore 17.30 in programma il <strong>Carneval Dei Putei<\/strong> e la 2<sup>a<\/sup> edizione di \u201c<strong>Bici In Maschera: addobba e maschera la tua bici e vieni In Piazza<\/strong>\u201d.<\/p>\n<p><strong>Sabato 10 febbraio<\/strong> sar\u00e0 una giornata tutta dedicata ai bambini: alle ore 15 \u201c<strong>Cannonada De Coriandoli<\/strong>\u201d, a seguire il \u201cCarneval Dei Putei\u201d, con luna park, spettacolo di magia, giochi e balli di gruppo, giocoleria, bolle di sapone e la \u201c<strong>Cavalchina Dei Putei<\/strong>\u201d.<\/p>\n<p><strong>Domenica 11 febbraio<\/strong> in Piazza Cavour ci sar\u00e0 \u201cCAN-nevale In Piazza\u201d a cui seguir\u00e0 il \u201cCarneval Dei Putei\u201d e \u201cGaia Eventi In Piazza Magic\u201d.<\/p>\n<p><strong>Luned\u00ec 12 febbraio<\/strong> alle 18.30 in Piazzetta a Panzano corso accelerato della Cantada con la <strong>Banda Civica Citt\u00e0 di Monfalcone<\/strong>.<\/p>\n<figure id=\"attachment_45930\" aria-describedby=\"caption-attachment-45930\" style=\"width: 300px\" class=\"wp-caption aligncenter\"><img loading=\"lazy\" decoding=\"async\" class=\"size-medium wp-image-45930\" src=\"https:\/\/imagazine.it\/wp-content\/uploads\/2024\/01\/presentazione-gruppo-300x225.jpeg\" alt=\"Franco Ongaro nuovo Sior Anzoleto del Carnevale monfalconese\" width=\"300\" height=\"225\" title=\"\" srcset=\"https:\/\/imagazine.it\/wp-content\/uploads\/2024\/01\/presentazione-gruppo-300x225.jpeg 300w, https:\/\/imagazine.it\/wp-content\/uploads\/2024\/01\/presentazione-gruppo-1024x768.jpeg 1024w, https:\/\/imagazine.it\/wp-content\/uploads\/2024\/01\/presentazione-gruppo-768x576.jpeg 768w, https:\/\/imagazine.it\/wp-content\/uploads\/2024\/01\/presentazione-gruppo-1536x1153.jpeg 1536w, https:\/\/imagazine.it\/wp-content\/uploads\/2024\/01\/presentazione-gruppo.jpeg 1599w\" sizes=\"auto, (max-width: 300px) 100vw, 300px\" \/><figcaption id=\"caption-attachment-45930\" class=\"wp-caption-text\">Da sinistra Fasan, Blasini, Cisint, Ongaro e Iureta<\/figcaption><\/figure>\n<p><strong>Marted\u00ec 13 febbraio <\/strong>sar\u00e0 la giornata. Alle ore 9 \u00e8 prevista la partenza del <strong>corteo degli sposi<\/strong> dalla sede della Pro Loco in via Mazzini con il tradizionale giro di saluto per i borghi della citt\u00e0. In piazza \u201cGranda\u201d intrattenimento con lo speaker ufficiale del Carnevale Monfalconese, <strong>Louis Guglielmero<\/strong>, nei panni del pirata Jack Sparrow. Alle ore 12 l\u2019arrivo del corteo degli sposi in Piazza della Repubblica, con l\u2019<strong>alzabandiera<\/strong> del Comune accompagnato dall&#8217;<strong>Inno<\/strong> <strong>a Monfalcone<\/strong>. Seguir\u00e0 dal terrazzo del palazzo municipale la tradizionale cerimonia e <strong>orazione pubblica<\/strong> con il <strong>Giuramento<\/strong> <strong>del Notaio Tolo Gratariol e la lettura del Testamento de Sior Anzoleto Postier<\/strong>, con diretta streaming. Al termine tutta la cittadinanza concluder\u00e0 la cerimonia cantando le tipiche canzoni locali, accompagnata dalla Banda Civica Citt\u00e0 di Monfalcone.<\/p>\n<p>Alle 14 ci sar\u00e0 la partenza della <strong>Grande Sfilata di carri allegorici, gruppi mascherati e bande musicali<\/strong>. Il serpentone seguir\u00e0 il tradizionale percorso di 3 chilometri. A fine corteo la Giuria proclamer\u00e0 dal palco il vincitore della sfilata nelle categorie carri e gruppi.<\/p>\n<p>A grande richiesta quest&#8217;anno ritorna, in apertura della sfilata, il <strong>Gruppo Ipanema<\/strong> con le coloratissime e spettacolari ballerine brasiliane. Madrina dell\u2019evento sar\u00e0 <strong>Francesca Cipriani<\/strong>. Al termine della sfilata, ore 18 circa, in Piazza della Repubblica gran finale con musica, cabaret e spettacolo con i <strong>Crampi Elisi<\/strong>: Maxino, Elisa Bombacigno e Flavio Furian.<\/p>\n<p>Alla presentazione odierna sono intervenuti il sindaco di Monfalcone, <strong>Anna Maria Cisint<\/strong>, l&#8217;assessore alla cultura <strong>Luca Fasan<\/strong>, il presidente della Pro Loco, <strong>Giorgio Iureta<\/strong>, e <strong>Gian Carlo Blasini<\/strong> alias il notaio Toio Gratariol.<\/p>\n","protected":false},"excerpt":{"rendered":"<p>Presentata ufficialmente l&#8217;edizione numero 140 del Carnevale monfalconese: dopo 56 anni la lettura del testamento in piazza avr\u00e0 un nuovo interprete<\/p>\n","protected":false},"author":22,"featured_media":45929,"comment_status":"closed","ping_status":"closed","sticky":false,"template":"","format":"image","meta":{"dwc-title":[""],"dwc-content":[""],"footnotes":""},"categories":[37],"tags":[93,51,130],"class_list":["post-45926","post","type-post","status-publish","format-image","has-post-thumbnail","hentry","category-cultura-e-spettacolo","tag-carnevale","tag-monfalcone","tag-sior-anzoleto","post_format-post-format-image"],"rttpg_featured_image_url":{"full":["https:\/\/imagazine.it\/wp-content\/uploads\/2024\/01\/ongaro.jpg",750,513,false],"landscape":["https:\/\/imagazine.it\/wp-content\/uploads\/2024\/01\/ongaro.jpg",750,513,false],"portraits":["https:\/\/imagazine.it\/wp-content\/uploads\/2024\/01\/ongaro.jpg",750,513,false],"thumbnail":["https:\/\/imagazine.it\/wp-content\/uploads\/2024\/01\/ongaro-150x150.jpg",150,150,true],"medium":["https:\/\/imagazine.it\/wp-content\/uploads\/2024\/01\/ongaro-300x205.jpg",300,205,true],"large":["https:\/\/imagazine.it\/wp-content\/uploads\/2024\/01\/ongaro.jpg",640,438,false],"thumblist":["https:\/\/imagazine.it\/wp-content\/uploads\/2024\/01\/ongaro-300x300.jpg",300,300,true],"thumbrelated":["https:\/\/imagazine.it\/wp-content\/uploads\/2024\/01\/ongaro-500x500.jpg",500,500,true],"meccarouselthumb":["https:\/\/imagazine.it\/wp-content\/uploads\/2024\/01\/ongaro-474x324.jpg",474,324,true],"gridsquare":["https:\/\/imagazine.it\/wp-content\/uploads\/2024\/01\/ongaro-391x260.jpg",391,260,true],"tileview":["https:\/\/imagazine.it\/wp-content\/uploads\/2024\/01\/ongaro-300x400.jpg",300,400,true],"1536x1536":["https:\/\/imagazine.it\/wp-content\/uploads\/2024\/01\/ongaro.jpg",750,513,false],"2048x2048":["https:\/\/imagazine.it\/wp-content\/uploads\/2024\/01\/ongaro.jpg",750,513,false],"newsup-slider-full":["https:\/\/imagazine.it\/wp-content\/uploads\/2024\/01\/ongaro.jpg",750,513,false],"newsup-featured":["https:\/\/imagazine.it\/wp-content\/uploads\/2024\/01\/ongaro.jpg",750,513,false],"newsup-medium":["https:\/\/imagazine.it\/wp-content\/uploads\/2024\/01\/ongaro-720x380.jpg",720,380,true],"tptn_thumbnail":["https:\/\/imagazine.it\/wp-content\/uploads\/2024\/01\/ongaro.jpg",250,171,false],"sow-carousel-default":["https:\/\/imagazine.it\/wp-content\/uploads\/2024\/01\/ongaro.jpg",266,182,false]},"rttpg_author":{"display_name":"Livio Nonis","author_link":"https:\/\/imagazine.it\/home_desk\/author\/nonis\/"},"rttpg_comment":0,"rttpg_category":"<a href=\"https:\/\/imagazine.it\/home_desk\/category\/cultura-e-spettacolo\/\" rel=\"category tag\">CULTURA&amp;SPETTACOLO<\/a>","rttpg_excerpt":"Presentata ufficialmente l'edizione numero 140 del Carnevale monfalconese: dopo 56 anni la lettura del testamento in piazza avr\u00e0 un nuovo interprete","_links":{"self":[{"href":"https:\/\/imagazine.it\/home_desk\/wp-json\/wp\/v2\/posts\/45926","targetHints":{"allow":["GET"]}}],"collection":[{"href":"https:\/\/imagazine.it\/home_desk\/wp-json\/wp\/v2\/posts"}],"about":[{"href":"https:\/\/imagazine.it\/home_desk\/wp-json\/wp\/v2\/types\/post"}],"author":[{"embeddable":true,"href":"https:\/\/imagazine.it\/home_desk\/wp-json\/wp\/v2\/users\/22"}],"replies":[{"embeddable":true,"href":"https:\/\/imagazine.it\/home_desk\/wp-json\/wp\/v2\/comments?post=45926"}],"version-history":[{"count":0,"href":"https:\/\/imagazine.it\/home_desk\/wp-json\/wp\/v2\/posts\/45926\/revisions"}],"wp:featuredmedia":[{"embeddable":true,"href":"https:\/\/imagazine.it\/home_desk\/wp-json\/wp\/v2\/media\/45929"}],"wp:attachment":[{"href":"https:\/\/imagazine.it\/home_desk\/wp-json\/wp\/v2\/media?parent=45926"}],"wp:term":[{"taxonomy":"category","embeddable":true,"href":"https:\/\/imagazine.it\/home_desk\/wp-json\/wp\/v2\/categories?post=45926"},{"taxonomy":"post_tag","embeddable":true,"href":"https:\/\/imagazine.it\/home_desk\/wp-json\/wp\/v2\/tags?post=45926"}],"curies":[{"name":"wp","href":"https:\/\/api.w.org\/{rel}","templated":true}]}}