{"id":45707,"date":"2024-01-26T15:15:47","date_gmt":"2024-01-26T14:15:47","guid":{"rendered":"https:\/\/imagazine.it\/?p=45707"},"modified":"2024-01-26T15:15:47","modified_gmt":"2024-01-26T14:15:47","slug":"monfalcone-area-sportiva-polifunzionale-in-largo-isonzo","status":"publish","type":"post","link":"https:\/\/imagazine.it\/home_desk\/monfalcone-area-sportiva-polifunzionale-in-largo-isonzo\/","title":{"rendered":"Monfalcone, area sportiva polifunzionale in largo Isonzo"},"content":{"rendered":"<p>MONFALCONE \u2013 Approvato il progetto esecutivo della nuova area esterna sportiva attrezzata in <strong>largo Isonzo<\/strong>. Nelle prossime settimane si proceder\u00e0 con l\u2019affidamento dei lavori.<\/p>\n<p>In tutto <strong>920 metri quadri<\/strong> tra via Natisone e via Isonzo che verranno <strong>adibiti ad area sportiva polifunzionale<\/strong> esterna, per un valore di <strong>800mila euro<\/strong>. I <strong>fondi regionali<\/strong>, ottenuti grazie a un bando cui il Comune ha partecipato e vinto, porteranno alla realizzazione di diverse aree accessibili e fruibili per bambini e ragazzi di tutte le et\u00e0.<\/p>\n<p>Lo spazio ospiter\u00e0 un\u2019<strong>area<\/strong> <strong>in ghiaino per le manifestazioni e gli eventi all\u2019aperto<\/strong> con annessi <strong>servizi igienici<\/strong> e <strong>deposito attrezzature<\/strong>, un <strong>impianto di illuminazione dei percorsi e delle aree attrezzate<\/strong> \u2013 compresa un\u2019<strong>illuminazione a proiettori del campo di calcio<\/strong> per l\u2019utilizzo anche in notturno \u2013, un <strong>campo di calcio a 5 in erba sintetica<\/strong>,\u00a0 un <strong>campo polifunzionale da basket e pallavolo<\/strong> pavimentato in asfalto,\u00a0 un\u2019<strong>area<\/strong> <strong>verde libera da ingombri per la didattica all\u2019aperto<\/strong> e un\u2019area attrezzata per il <strong>gioco all\u2019aperto<\/strong> con pavimentazione in gomma colata anti-trauma e attrezzata con giochi inclusivi realizzati in materiali conformi ai CAM &#8211; Criteri Ambientali Minimi &#8211; adatti a diverse fasce di et\u00e0.<\/p>\n<p>Il tutto sar\u00e0 collegato da un sistema di percorsi a diversi livelli, garantendo la <strong>completa accessibilit\u00e0 all\u2019area sia ai disabili motori che ai mezzi di soccorso e manutenzione<\/strong> e fungendo al tempo stesso da connessione del tessuto urbano circostante.<\/p>\n<p>L\u2019area sar\u00e0 illuminata ed \u00e8 gi\u00e0 dotata di videosorveglianza.<\/p>\n<p>\u201cPiantumeremo 31 alberi, tutti antipolline, tra querce e aceri che creeranno zone d\u2019ombra e di filtro a protezione delle residenze circostanti\u201d, spiega il responsabile unico del procedimento, <strong>Andrea Ceschia<\/strong>.<\/p>\n<p>I servizi igienici saranno composti da uno scatolare in acciaio e attrezzati per persone con disabilit\u00e0.<\/p>\n","protected":false},"excerpt":{"rendered":"<p>Grazie a fondi regionali per 800mila euro. Nelle prossime settimane l&#8217;affidamento dei lavori. Previsti campi da gioco, aree verdi e servizi igienici<\/p>\n","protected":false},"author":28,"featured_media":45708,"comment_status":"closed","ping_status":"closed","sticky":false,"template":"","format":"image","meta":{"dwc-title":[""],"dwc-content":[""],"footnotes":""},"categories":[5],"tags":[84,82,83,51,81],"class_list":["post-45707","post","type-post","status-publish","format-image","has-post-thumbnail","hentry","category-attualita","tag-area-verde","tag-fvg","tag-giovani","tag-monfalcone","tag-sport","post_format-post-format-image"],"rttpg_featured_image_url":{"full":["https:\/\/imagazine.it\/wp-content\/uploads\/2024\/01\/render.jpeg",1366,740,false],"landscape":["https:\/\/imagazine.it\/wp-content\/uploads\/2024\/01\/render.jpeg",1366,740,false],"portraits":["https:\/\/imagazine.it\/wp-content\/uploads\/2024\/01\/render.jpeg",1366,740,false],"thumbnail":["https:\/\/imagazine.it\/wp-content\/uploads\/2024\/01\/render-150x150.jpeg",150,150,true],"medium":["https:\/\/imagazine.it\/wp-content\/uploads\/2024\/01\/render-300x163.jpeg",300,163,true],"large":["https:\/\/imagazine.it\/wp-content\/uploads\/2024\/01\/render-1024x555.jpeg",640,347,true],"thumblist":["https:\/\/imagazine.it\/wp-content\/uploads\/2024\/01\/render-300x300.jpeg",300,300,true],"thumbrelated":["https:\/\/imagazine.it\/wp-content\/uploads\/2024\/01\/render-500x500.jpeg",500,500,true],"meccarouselthumb":["https:\/\/imagazine.it\/wp-content\/uploads\/2024\/01\/render-474x324.jpeg",474,324,true],"gridsquare":["https:\/\/imagazine.it\/wp-content\/uploads\/2024\/01\/render-391x260.jpeg",391,260,true],"tileview":["https:\/\/imagazine.it\/wp-content\/uploads\/2024\/01\/render-300x400.jpeg",300,400,true],"1536x1536":["https:\/\/imagazine.it\/wp-content\/uploads\/2024\/01\/render.jpeg",1366,740,false],"2048x2048":["https:\/\/imagazine.it\/wp-content\/uploads\/2024\/01\/render.jpeg",1366,740,false],"newsup-slider-full":["https:\/\/imagazine.it\/wp-content\/uploads\/2024\/01\/render-1280x720.jpeg",1280,720,true],"newsup-featured":["https:\/\/imagazine.it\/wp-content\/uploads\/2024\/01\/render-1024x555.jpeg",1024,555,true],"newsup-medium":["https:\/\/imagazine.it\/wp-content\/uploads\/2024\/01\/render-720x380.jpeg",720,380,true],"tptn_thumbnail":["https:\/\/imagazine.it\/wp-content\/uploads\/2024\/01\/render.jpeg",250,135,false],"sow-carousel-default":["https:\/\/imagazine.it\/wp-content\/uploads\/2024\/01\/render.jpeg",272,147,false]},"rttpg_author":{"display_name":"redazione","author_link":"https:\/\/imagazine.it\/home_desk\/author\/redazione\/"},"rttpg_comment":0,"rttpg_category":"<a href=\"https:\/\/imagazine.it\/home_desk\/category\/attualita\/\" rel=\"category tag\">ATTUALIT\u00c0<\/a>","rttpg_excerpt":"Grazie a fondi regionali per 800mila euro. Nelle prossime settimane l'affidamento dei lavori. Previsti campi da gioco, aree verdi e servizi igienici","_links":{"self":[{"href":"https:\/\/imagazine.it\/home_desk\/wp-json\/wp\/v2\/posts\/45707","targetHints":{"allow":["GET"]}}],"collection":[{"href":"https:\/\/imagazine.it\/home_desk\/wp-json\/wp\/v2\/posts"}],"about":[{"href":"https:\/\/imagazine.it\/home_desk\/wp-json\/wp\/v2\/types\/post"}],"author":[{"embeddable":true,"href":"https:\/\/imagazine.it\/home_desk\/wp-json\/wp\/v2\/users\/28"}],"replies":[{"embeddable":true,"href":"https:\/\/imagazine.it\/home_desk\/wp-json\/wp\/v2\/comments?post=45707"}],"version-history":[{"count":0,"href":"https:\/\/imagazine.it\/home_desk\/wp-json\/wp\/v2\/posts\/45707\/revisions"}],"wp:featuredmedia":[{"embeddable":true,"href":"https:\/\/imagazine.it\/home_desk\/wp-json\/wp\/v2\/media\/45708"}],"wp:attachment":[{"href":"https:\/\/imagazine.it\/home_desk\/wp-json\/wp\/v2\/media?parent=45707"}],"wp:term":[{"taxonomy":"category","embeddable":true,"href":"https:\/\/imagazine.it\/home_desk\/wp-json\/wp\/v2\/categories?post=45707"},{"taxonomy":"post_tag","embeddable":true,"href":"https:\/\/imagazine.it\/home_desk\/wp-json\/wp\/v2\/tags?post=45707"}],"curies":[{"name":"wp","href":"https:\/\/api.w.org\/{rel}","templated":true}]}}