{"id":45494,"date":"2024-01-22T15:57:29","date_gmt":"2024-01-22T14:57:29","guid":{"rendered":"https:\/\/imagazine.it\/?p=45494"},"modified":"2024-01-25T16:16:32","modified_gmt":"2024-01-25T15:16:32","slug":"palcoscenico-mondiale-per-il-coro-del-fvg","status":"publish","type":"post","link":"https:\/\/imagazine.it\/home_desk\/palcoscenico-mondiale-per-il-coro-del-fvg\/","title":{"rendered":"Palcoscenico mondiale per il Coro del FVG"},"content":{"rendered":"<p>UDINE \u2013 Nuovo successo per il <strong>Coro del Friuli Venezia Giulia<\/strong>. Dopo essersi esibito nella Grosser Saal del Musikverein di Vienna (storica sede del concerto di Capodanno) e dopo avere recentemente raggiunto il record della proposizione di 100 cantate del genio Johann Sebastian Bach, il coro, diretto dal M\u00b0 <strong>Cristiano Dell\u2019Oste<\/strong>, sar\u00e0 protagonista di un evento dal richiamo mondiale.<\/p>\n<p>Stiamo parlando della riproposizione, alla <strong>Biennale di Venezia<\/strong>, dell\u2019opera \u201c<strong><em>Prometeo. Tragedia dell\u2019ascolto<\/em><\/strong>\u201d, del compositore veneziano <strong>Luigi Nono<\/strong>, per celebrare il centesimo anniversario della sua nascita.<\/p>\n<p>L\u2019opera andr\u00e0 in scena dal 26 al 29 gennaio nella Chiesa di San Lorenzo a Venezia, ora Ocean Space \/ TBA21\u2013Academy, dove si tenne la prima esecuzione nel 1984, con i biglietti per tutte le quattro repliche acquistati da tutto il mondo e andati rapidamente esauriti, un evento che ha catturato l\u2019attenzione dei media nazionali e mondiali, dal Corriere della Sera, fino alle colonne del New York Times.<\/p>\n<p>\u201cTragedia composta di suoni, con la complicit\u00e0 di uno spazio\u201d (Luigi Nono), il <strong><em>Prometeo<\/em>\u00a0<\/strong>del <strong>1984<\/strong>\u00a0nella <strong>Chiesa di San Lorenzo<\/strong>\u00a0fu un evento memorabile che vide coinvolti nella creazione e nell\u2019esecuzione, oltre a <strong>Luigi<\/strong>\u00a0<strong>Nono<\/strong>, <strong>Claudio Abbado <\/strong>alla direzione dell\u2019orchestra, <strong>Emilio Vedova<\/strong>\u00a0e <strong>Renzo Piano<\/strong>\u00a0per l\u2019allestimento, <strong>Massimo Cacciari <\/strong>per il testo, con la regia del suono di <strong>Hans Peter Haller<\/strong>\u00a0e <strong>Alvise Vidolin<\/strong>. L\u2019opera ha avuto nel tempo diverse riedizioni, ma in nessuna occasione nel luogo originario, la Chiesa di San Lorenzo, per cui era stata concepita.<\/p>\n<p><strong>Luigi Nono<\/strong>\u00a0ritenne fondamentale cercare di liberare l\u2019opera dalla servit\u00f9 dell\u2019immagine e della narrazione, sottolineando l\u2019importanza della relazione tra suono e spazio, penalizzata dalle consuetudini di riproduzione delle sale da concerto e dei teatri tradizionali. Quello pensato da <strong>Renzo Piano<\/strong>\u00a0per la prima esecuzione veneziana del <strong><em>Prometeo<\/em><\/strong>\u00a0\u00e8 stato un luogo speciale (e un luogo speciale torner\u00e0 ad essere), che rende possibili diverse modalit\u00e0 di distribuzione spaziale del suono e in cui l\u2019ascolto pu\u00f2 essere liberato. Una non-scenografia, un dispositivo architettonico costruito sulla base di specifiche esigenze musicali, con l\u2019intento di restituire lo spazio alla dimensione dell\u2019ascolto e alla qualit\u00e0 invisibile del suono. Il riallestimento dell\u2019opera <strong><em>Prometeo. Tragedia dell\u2019ascolto<\/em><\/strong>\u00a0\u00e8 realizzato dalla <strong>Biennale di Venezia<\/strong>, in collaborazione con la <strong>Fondazione Archivio Luigi Nono<\/strong>\u00a0e con <strong>TBA21\u2013Academy<\/strong>, il centro di ricerca della Fundaci\u00f3n TBA21, che si \u00e8 occupata del restauro\u00a0della Chiesa di San Lorenzo.<\/p>\n","protected":false},"excerpt":{"rendered":"<p>Diretto dal maestro Cristiano Dell\u2019Oste riproporr\u00e0 \u201cPrometeo. Tragedia dell\u2019ascolto\u201d per celebrare i cento anni dalla nascita del compositore Luigi Nono<\/p>\n","protected":false},"author":28,"featured_media":45495,"comment_status":"closed","ping_status":"closed","sticky":false,"template":"","format":"image","meta":{"dwc-title":[""],"dwc-content":[""],"footnotes":""},"categories":[37],"tags":[69,70,55,68],"class_list":["post-45494","post","type-post","status-publish","format-image","has-post-thumbnail","hentry","category-cultura-e-spettacolo","tag-biennale","tag-coro-fvg","tag-musica","tag-venezia","post_format-post-format-image"],"rttpg_featured_image_url":{"full":["https:\/\/imagazine.it\/wp-content\/uploads\/2024\/01\/Foto-Coro-intero.jpg",1366,768,false],"landscape":["https:\/\/imagazine.it\/wp-content\/uploads\/2024\/01\/Foto-Coro-intero.jpg",1366,768,false],"portraits":["https:\/\/imagazine.it\/wp-content\/uploads\/2024\/01\/Foto-Coro-intero.jpg",1366,768,false],"thumbnail":["https:\/\/imagazine.it\/wp-content\/uploads\/2024\/01\/Foto-Coro-intero-150x150.jpg",150,150,true],"medium":["https:\/\/imagazine.it\/wp-content\/uploads\/2024\/01\/Foto-Coro-intero-300x169.jpg",300,169,true],"large":["https:\/\/imagazine.it\/wp-content\/uploads\/2024\/01\/Foto-Coro-intero-1024x576.jpg",640,360,true],"thumblist":["https:\/\/imagazine.it\/wp-content\/uploads\/2024\/01\/Foto-Coro-intero-300x300.jpg",300,300,true],"thumbrelated":["https:\/\/imagazine.it\/wp-content\/uploads\/2024\/01\/Foto-Coro-intero-500x500.jpg",500,500,true],"meccarouselthumb":["https:\/\/imagazine.it\/wp-content\/uploads\/2024\/01\/Foto-Coro-intero-474x324.jpg",474,324,true],"gridsquare":["https:\/\/imagazine.it\/wp-content\/uploads\/2024\/01\/Foto-Coro-intero-391x260.jpg",391,260,true],"tileview":["https:\/\/imagazine.it\/wp-content\/uploads\/2024\/01\/Foto-Coro-intero-300x400.jpg",300,400,true],"1536x1536":["https:\/\/imagazine.it\/wp-content\/uploads\/2024\/01\/Foto-Coro-intero.jpg",1366,768,false],"2048x2048":["https:\/\/imagazine.it\/wp-content\/uploads\/2024\/01\/Foto-Coro-intero.jpg",1366,768,false],"newsup-slider-full":["https:\/\/imagazine.it\/wp-content\/uploads\/2024\/01\/Foto-Coro-intero-1280x720.jpg",1280,720,true],"newsup-featured":["https:\/\/imagazine.it\/wp-content\/uploads\/2024\/01\/Foto-Coro-intero-1024x576.jpg",1024,576,true],"newsup-medium":["https:\/\/imagazine.it\/wp-content\/uploads\/2024\/01\/Foto-Coro-intero-720x380.jpg",720,380,true],"tptn_thumbnail":["https:\/\/imagazine.it\/wp-content\/uploads\/2024\/01\/Foto-Coro-intero.jpg",250,141,false],"sow-carousel-default":["https:\/\/imagazine.it\/wp-content\/uploads\/2024\/01\/Foto-Coro-intero.jpg",272,153,false]},"rttpg_author":{"display_name":"redazione","author_link":"https:\/\/imagazine.it\/home_desk\/author\/redazione\/"},"rttpg_comment":0,"rttpg_category":"<a href=\"https:\/\/imagazine.it\/home_desk\/category\/cultura-e-spettacolo\/\" rel=\"category tag\">CULTURA&amp;SPETTACOLO<\/a>","rttpg_excerpt":"Diretto dal maestro Cristiano Dell\u2019Oste riproporr\u00e0 \u201cPrometeo. Tragedia dell\u2019ascolto\u201d per celebrare i cento anni dalla nascita del compositore Luigi Nono","_links":{"self":[{"href":"https:\/\/imagazine.it\/home_desk\/wp-json\/wp\/v2\/posts\/45494","targetHints":{"allow":["GET"]}}],"collection":[{"href":"https:\/\/imagazine.it\/home_desk\/wp-json\/wp\/v2\/posts"}],"about":[{"href":"https:\/\/imagazine.it\/home_desk\/wp-json\/wp\/v2\/types\/post"}],"author":[{"embeddable":true,"href":"https:\/\/imagazine.it\/home_desk\/wp-json\/wp\/v2\/users\/28"}],"replies":[{"embeddable":true,"href":"https:\/\/imagazine.it\/home_desk\/wp-json\/wp\/v2\/comments?post=45494"}],"version-history":[{"count":0,"href":"https:\/\/imagazine.it\/home_desk\/wp-json\/wp\/v2\/posts\/45494\/revisions"}],"wp:featuredmedia":[{"embeddable":true,"href":"https:\/\/imagazine.it\/home_desk\/wp-json\/wp\/v2\/media\/45495"}],"wp:attachment":[{"href":"https:\/\/imagazine.it\/home_desk\/wp-json\/wp\/v2\/media?parent=45494"}],"wp:term":[{"taxonomy":"category","embeddable":true,"href":"https:\/\/imagazine.it\/home_desk\/wp-json\/wp\/v2\/categories?post=45494"},{"taxonomy":"post_tag","embeddable":true,"href":"https:\/\/imagazine.it\/home_desk\/wp-json\/wp\/v2\/tags?post=45494"}],"curies":[{"name":"wp","href":"https:\/\/api.w.org\/{rel}","templated":true}]}}