{"id":45389,"date":"2024-01-10T15:45:59","date_gmt":"2024-01-10T14:45:59","guid":{"rendered":"https:\/\/imagazine.it\/?p=45389"},"modified":"2024-01-25T19:38:47","modified_gmt":"2024-01-25T18:38:47","slug":"gorizia-gran-finale-per-la-pista-di-ghiaccio","status":"publish","type":"post","link":"https:\/\/imagazine.it\/home_desk\/gorizia-gran-finale-per-la-pista-di-ghiaccio\/","title":{"rendered":"Gorizia, gran finale per la Pista di Ghiaccio"},"content":{"rendered":"<h2><i class=\"grey\">Fino a domenica si potr\u00e0 pattinare in piazza Vittoria. L&#8217;assessore Cagliari: &#8220;Stiamo gi\u00e0 pensando al prossimo dicembre che ci traghetter\u00e0 all&#8217;anno della Capitale europea della cultura&#8221;<\/i><\/h2>\n<p>GORIZIA \u2013 Non si interrompe il divertimento in piazza Vittoria, dove a grande richiesta sar\u00e0 ancora possibile pattinare sul ghiaccio <strong>fino a domenica 14 gennaio<\/strong> nella pista allestita al centro della piazza la cui apertura \u00e8 stata prorogata proprio per soddisfare la richiesta dei numerosi bambini, dei ragazzi, ma anche adulti che in queste settimane hanno animato lo spazio ghiacciato.<\/p>\n<p>&#8220;\u00c8 stata un\u2019edizione del <em>Dicembre Goriziano particolarmente apprezzata \u2013 <\/em>spiega l\u2019assessore comunale<strong> Luca Cagliari<\/strong> <em>\u2013: il ricco calendario di eventi, dedicati a tutte le et\u00e0 e per tutti gusti, ha riscontrato un grande successo di pubblico. Non posso che ringraziare ancora tutti i partner che hanno supportato e collaborato con l&#8217;amministrazione comunale per la buona riuscita delle iniziative. Stiamo gi\u00e0 pensando al prossimo dicembre che ci traghetter\u00e0 all&#8217;anno della Capitale europea della cultura<\/em>&#8220;.<\/p>\n<figure id=\"attachment_45391\" aria-describedby=\"caption-attachment-45391\" style=\"width: 300px\" class=\"wp-caption alignleft\"><img loading=\"lazy\" decoding=\"async\" class=\"wp-image-45391 size-medium\" title=\"Gorizia, gran finale per la Pista di GhiaccioGorizia, gran finale per la Pista di Ghiaccio\" src=\"https:\/\/imagazine.it\/wp-content\/uploads\/2024\/01\/410930822_759646256207396_7350742838790866900_n-300x225.jpg\" alt=\"Gorizia, gran finale per la Pista di GhiaccioGorizia, gran finale per la Pista di Ghiaccio\" width=\"300\" height=\"225\" srcset=\"https:\/\/imagazine.it\/wp-content\/uploads\/2024\/01\/410930822_759646256207396_7350742838790866900_n-300x225.jpg 300w, https:\/\/imagazine.it\/wp-content\/uploads\/2024\/01\/410930822_759646256207396_7350742838790866900_n-768x576.jpg 768w, https:\/\/imagazine.it\/wp-content\/uploads\/2024\/01\/410930822_759646256207396_7350742838790866900_n.jpg 1000w\" sizes=\"auto, (max-width: 300px) 100vw, 300px\" \/><figcaption id=\"caption-attachment-45391\" class=\"wp-caption-text\">La pista in piazza Vittoria<\/figcaption><\/figure>\n","protected":false},"excerpt":{"rendered":"<p>Fino a domenica si potr\u00e0 pattinare in piazza Vittoria. L&#8217;assessore Cagliari: &#8220;Stiamo gi\u00e0 pensando al prossimo dicembre che ci traghetter\u00e0 all&#8217;anno della Capitale europea della cultura&#8221;<\/p>\n","protected":false},"author":28,"featured_media":45390,"comment_status":"closed","ping_status":"closed","sticky":false,"template":"","format":"image","meta":{"dwc-title":[""],"dwc-content":[""],"footnotes":""},"categories":[5],"tags":[45,43,46,44],"class_list":["post-45389","post","type-post","status-publish","format-image","has-post-thumbnail","hentry","category-attualita","tag-dicembre-goriziano","tag-gorizia","tag-pattinaggio","tag-pista-ghiaccio","post_format-post-format-image"],"rttpg_featured_image_url":{"full":["https:\/\/imagazine.it\/wp-content\/uploads\/2024\/01\/bis.jpg",1366,768,false],"landscape":["https:\/\/imagazine.it\/wp-content\/uploads\/2024\/01\/bis.jpg",1366,768,false],"portraits":["https:\/\/imagazine.it\/wp-content\/uploads\/2024\/01\/bis.jpg",1366,768,false],"thumbnail":["https:\/\/imagazine.it\/wp-content\/uploads\/2024\/01\/bis-150x150.jpg",150,150,true],"medium":["https:\/\/imagazine.it\/wp-content\/uploads\/2024\/01\/bis-300x169.jpg",300,169,true],"large":["https:\/\/imagazine.it\/wp-content\/uploads\/2024\/01\/bis-1024x576.jpg",640,360,true],"thumblist":["https:\/\/imagazine.it\/wp-content\/uploads\/2024\/01\/bis-300x300.jpg",300,300,true],"thumbrelated":["https:\/\/imagazine.it\/wp-content\/uploads\/2024\/01\/bis-500x500.jpg",500,500,true],"meccarouselthumb":["https:\/\/imagazine.it\/wp-content\/uploads\/2024\/01\/bis-474x324.jpg",474,324,true],"gridsquare":["https:\/\/imagazine.it\/wp-content\/uploads\/2024\/01\/bis-391x260.jpg",391,260,true],"tileview":["https:\/\/imagazine.it\/wp-content\/uploads\/2024\/01\/bis-300x400.jpg",300,400,true],"1536x1536":["https:\/\/imagazine.it\/wp-content\/uploads\/2024\/01\/bis.jpg",1366,768,false],"2048x2048":["https:\/\/imagazine.it\/wp-content\/uploads\/2024\/01\/bis.jpg",1366,768,false],"newsup-slider-full":["https:\/\/imagazine.it\/wp-content\/uploads\/2024\/01\/bis-1280x720.jpg",1280,720,true],"newsup-featured":["https:\/\/imagazine.it\/wp-content\/uploads\/2024\/01\/bis-1024x576.jpg",1024,576,true],"newsup-medium":["https:\/\/imagazine.it\/wp-content\/uploads\/2024\/01\/bis-720x380.jpg",720,380,true],"tptn_thumbnail":["https:\/\/imagazine.it\/wp-content\/uploads\/2024\/01\/bis.jpg",250,141,false],"sow-carousel-default":["https:\/\/imagazine.it\/wp-content\/uploads\/2024\/01\/bis.jpg",272,153,false]},"rttpg_author":{"display_name":"redazione","author_link":"https:\/\/imagazine.it\/home_desk\/author\/redazione\/"},"rttpg_comment":0,"rttpg_category":"<a href=\"https:\/\/imagazine.it\/home_desk\/category\/attualita\/\" rel=\"category tag\">ATTUALIT\u00c0<\/a>","rttpg_excerpt":"Fino a domenica si potr\u00e0 pattinare in piazza Vittoria. L'assessore Cagliari: \"Stiamo gi\u00e0 pensando al prossimo dicembre che ci traghetter\u00e0 all'anno della Capitale europea della cultura\"","_links":{"self":[{"href":"https:\/\/imagazine.it\/home_desk\/wp-json\/wp\/v2\/posts\/45389","targetHints":{"allow":["GET"]}}],"collection":[{"href":"https:\/\/imagazine.it\/home_desk\/wp-json\/wp\/v2\/posts"}],"about":[{"href":"https:\/\/imagazine.it\/home_desk\/wp-json\/wp\/v2\/types\/post"}],"author":[{"embeddable":true,"href":"https:\/\/imagazine.it\/home_desk\/wp-json\/wp\/v2\/users\/28"}],"replies":[{"embeddable":true,"href":"https:\/\/imagazine.it\/home_desk\/wp-json\/wp\/v2\/comments?post=45389"}],"version-history":[{"count":0,"href":"https:\/\/imagazine.it\/home_desk\/wp-json\/wp\/v2\/posts\/45389\/revisions"}],"wp:featuredmedia":[{"embeddable":true,"href":"https:\/\/imagazine.it\/home_desk\/wp-json\/wp\/v2\/media\/45390"}],"wp:attachment":[{"href":"https:\/\/imagazine.it\/home_desk\/wp-json\/wp\/v2\/media?parent=45389"}],"wp:term":[{"taxonomy":"category","embeddable":true,"href":"https:\/\/imagazine.it\/home_desk\/wp-json\/wp\/v2\/categories?post=45389"},{"taxonomy":"post_tag","embeddable":true,"href":"https:\/\/imagazine.it\/home_desk\/wp-json\/wp\/v2\/tags?post=45389"}],"curies":[{"name":"wp","href":"https:\/\/api.w.org\/{rel}","templated":true}]}}