{"id":45352,"date":"2022-11-24T00:00:00","date_gmt":"2022-11-23T23:00:00","guid":{"rendered":"https:\/\/imagazine.it\/?p=45352"},"modified":"2022-11-24T00:00:00","modified_gmt":"2022-11-23T23:00:00","slug":"canti-e-tradizioni-natalizie-in-friuli-venezia-giulia","status":"publish","type":"post","link":"https:\/\/imagazine.it\/home_desk\/canti-e-tradizioni-natalizie-in-friuli-venezia-giulia\/","title":{"rendered":"Canti e tradizioni natalizie in Friuli Venezia Giulia"},"content":{"rendered":"<p> \t<strong>Domenica 27 novembre<\/strong> ritorna <strong>Nativitas<\/strong>, il progetto Usci FVG che da 22 anni accompagna il periodo dell\u2019avvento e le festivit\u00e0 natalizie con concerti e celebrazioni liturgiche. In programma un calendario con 142 eventi.<\/p>\n<p> \t<strong>Fino al 15 gennaio<\/strong> sale da concerto, chiese e piazze ospiteranno i repertori delle feste nelle loro declinazioni di genere pi\u00f9 varie. Nei programmi sar\u00e0 possibile trovare viaggi attorno alle tradizioni del mondo, grandi classici, interpretazioni contemporanee di gusto jazz, antichi canti legati ai luoghi e alle culture di provenienza dei cori, concerti che mettono in rilievo il valore dell\u2019inclusione in comunit\u00e0 etnicamente diversificate.<\/p>\n<p> \tI cori si incontreranno nelle rassegne di tradizione, si esibiranno autonomamente in progetti artistici creati per l&#39;occasione, coltiveranno le antiche tradizioni con rievocazioni di riti e canti delle generazioni passate. Il cartellone prevede concerti a cappella o in collaborazione con ensemble strumentali, collaborazioni transfrontaliere, concerti itineranti, le consuete estensioni di Nativitas attraverso esibizioni di cori regionali al di fuori dei confini del Friuli Venezia Giulia.<\/p>\n<p> \tAlla dimensione artistica Nativitas aggiunge da sempre ulteriori valori che legano questa rete di eventi al tessuto sociale e culturale del territorio. La frequenza e la variet\u00e0 dei concerti animano la vita culturale di citt\u00e0 e borghi e offrono la possibilit\u00e0 di vivere per un mese e mezzo l\u2019atmosfera delle feste con un numero importante di appuntamenti a ingresso libero.<\/p>\n<p> \tIl calendario regionale invita inoltre gli appassionati di musica corale a spostarsi per assistere ai concerti organizzati in tutte le province, seguendo l\u2019interesse per un gruppo, un repertorio particolare, una proposta insolita, una sede di interesse storico e artistico.<\/p>\n<p> \tLa prima domenica di Nativitas inaugurer\u00e0 il programma di rete con concerti in tutte le province. Alle ore 17 si canter\u00e0 al <strong>Tempio nazionale di Monte Grisa a Trieste<\/strong> e nella <strong>chiesa Maria Madre della Chiesa a Monfalcone<\/strong>. Nel primo caso la celebrazione liturgica vedr\u00e0 la partecipazione del coro <strong>Coeleste Convivium<\/strong>, nel secondo il <strong>Coro Angelo Capello<\/strong> e l\u2019<strong>orchestra<\/strong> <strong>d\u2019archi dell\u2019Associazione musicale e culturale di Farra d\u2019Isonzo<\/strong> si esibiranno nel programma <em>Riflessi di infinito<\/em> che unisce le suggestioni di brevi pagine di titani della storia della musica come Mozart, Bach e Vivaldi.<\/p>\n<p> \tAlle ore 18 Nativitas visiter\u00e0 la <strong>chiesa di San Giovanni Battista a Duino<\/strong> per una rassegna dell\u2019avvento dal titolo <em>Note d\u2019autunno<\/em>. I protagonisti del concerto saranno il coro R.M.Rilke, la Coral di Lucinis e il coro femminile El Scarpon del Piave, quest\u2019ultimo proveniente dalla provincia di Treviso.<\/p>\n<p> \tIl <strong>duomo di Codroipo<\/strong> ospiter\u00e0 invece alle 20.30 il concerto del Coro giovanile regionale del Friuli Venezia Giulia che verr\u00e0 introdotto dal canto del coro Sante Sabide.<\/p>\n<p> \tAlla stessa ora a <strong>Spilimbergo, nella chiesa dei santi Giuseppe e Pantaleone<\/strong>, il locale gruppo corale Spengenberg ospiter\u00e0 il coro polifonico La Martinella di Portogruaro per il concerto dal titolo <em>Parole e musica in Avvento<\/em>.<\/p>\n<p> \t<u><a href=\"https:\/\/www.uscifvg.it\/it\/cosa-facciamo\/nativitas-fvg-2022\/calendario-degli-eventi\" target=\"_blank\" rel=\"noopener\"><span style=\"color:#0000cd;\">Clicca qui per il calendario completo delle manifestazioni<\/span><\/a><\/u><\/p>\n<p> \t\u00a0<\/p>\n","protected":false},"excerpt":{"rendered":"<p>Torna Nativitas<\/p>\n","protected":false},"author":28,"featured_media":45353,"comment_status":"closed","ping_status":"closed","sticky":false,"template":"","format":"standard","meta":{"dwc-title":[],"dwc-content":[],"footnotes":""},"categories":[37],"tags":[],"class_list":["post-45352","post","type-post","status-publish","format-standard","has-post-thumbnail","hentry","category-cultura-e-spettacolo"],"rttpg_featured_image_url":{"full":["https:\/\/imagazine.it\/wp-content\/uploads\/2024\/01\/51006-1.webp",1000,667,false],"landscape":["https:\/\/imagazine.it\/wp-content\/uploads\/2024\/01\/51006-1.webp",1000,667,false],"portraits":["https:\/\/imagazine.it\/wp-content\/uploads\/2024\/01\/51006-1.webp",1000,667,false],"thumbnail":["https:\/\/imagazine.it\/wp-content\/uploads\/2024\/01\/51006-1-150x150.webp",150,150,true],"medium":["https:\/\/imagazine.it\/wp-content\/uploads\/2024\/01\/51006-1-300x200.webp",300,200,true],"large":["https:\/\/imagazine.it\/wp-content\/uploads\/2024\/01\/51006-1.webp",640,427,false],"thumblist":["https:\/\/imagazine.it\/wp-content\/uploads\/2024\/01\/51006-1.webp",300,200,false],"thumbrelated":["https:\/\/imagazine.it\/wp-content\/uploads\/2024\/01\/51006-1.webp",500,334,false],"meccarouselthumb":["https:\/\/imagazine.it\/wp-content\/uploads\/2024\/01\/51006-1.webp",474,316,false],"gridsquare":["https:\/\/imagazine.it\/wp-content\/uploads\/2024\/01\/51006-1.webp",391,260,false],"tileview":["https:\/\/imagazine.it\/wp-content\/uploads\/2024\/01\/51006-1.webp",300,200,false],"1536x1536":["https:\/\/imagazine.it\/wp-content\/uploads\/2024\/01\/51006-1.webp",1000,667,false],"2048x2048":["https:\/\/imagazine.it\/wp-content\/uploads\/2024\/01\/51006-1.webp",1000,667,false],"newsup-slider-full":["https:\/\/imagazine.it\/wp-content\/uploads\/2024\/01\/51006-1.webp",1000,667,false],"newsup-featured":["https:\/\/imagazine.it\/wp-content\/uploads\/2024\/01\/51006-1.webp",1000,667,false],"newsup-medium":["https:\/\/imagazine.it\/wp-content\/uploads\/2024\/01\/51006-1-720x380.webp",720,380,true],"tptn_thumbnail":["https:\/\/imagazine.it\/wp-content\/uploads\/2024\/01\/51006-1.webp",250,167,false],"sow-carousel-default":["https:\/\/imagazine.it\/wp-content\/uploads\/2024\/01\/51006-1-272x182.webp",272,182,true]},"rttpg_author":{"display_name":"redazione","author_link":"https:\/\/imagazine.it\/home_desk\/author\/redazione\/"},"rttpg_comment":0,"rttpg_category":"<a href=\"https:\/\/imagazine.it\/home_desk\/category\/cultura-e-spettacolo\/\" rel=\"category tag\">CULTURA&amp;SPETTACOLO<\/a>","rttpg_excerpt":"Torna Nativitas","_links":{"self":[{"href":"https:\/\/imagazine.it\/home_desk\/wp-json\/wp\/v2\/posts\/45352","targetHints":{"allow":["GET"]}}],"collection":[{"href":"https:\/\/imagazine.it\/home_desk\/wp-json\/wp\/v2\/posts"}],"about":[{"href":"https:\/\/imagazine.it\/home_desk\/wp-json\/wp\/v2\/types\/post"}],"author":[{"embeddable":true,"href":"https:\/\/imagazine.it\/home_desk\/wp-json\/wp\/v2\/users\/28"}],"replies":[{"embeddable":true,"href":"https:\/\/imagazine.it\/home_desk\/wp-json\/wp\/v2\/comments?post=45352"}],"version-history":[{"count":0,"href":"https:\/\/imagazine.it\/home_desk\/wp-json\/wp\/v2\/posts\/45352\/revisions"}],"wp:featuredmedia":[{"embeddable":true,"href":"https:\/\/imagazine.it\/home_desk\/wp-json\/wp\/v2\/media\/45353"}],"wp:attachment":[{"href":"https:\/\/imagazine.it\/home_desk\/wp-json\/wp\/v2\/media?parent=45352"}],"wp:term":[{"taxonomy":"category","embeddable":true,"href":"https:\/\/imagazine.it\/home_desk\/wp-json\/wp\/v2\/categories?post=45352"},{"taxonomy":"post_tag","embeddable":true,"href":"https:\/\/imagazine.it\/home_desk\/wp-json\/wp\/v2\/tags?post=45352"}],"curies":[{"name":"wp","href":"https:\/\/api.w.org\/{rel}","templated":true}]}}