{"id":45350,"date":"2022-11-24T00:00:00","date_gmt":"2022-11-23T23:00:00","guid":{"rendered":"https:\/\/imagazine.it\/?p=45350"},"modified":"2022-11-24T00:00:00","modified_gmt":"2022-11-23T23:00:00","slug":"torna-labbraccio-solidale-di-telethon-udine","status":"publish","type":"post","link":"https:\/\/imagazine.it\/home_desk\/torna-labbraccio-solidale-di-telethon-udine\/","title":{"rendered":"Torna l&#8217;abbraccio solidale di Telethon Udine"},"content":{"rendered":"<p> \tIniziato il conto alla rovescia per la <strong>Staffetta 24 per un\u2019ora Telethon Udine 2022 <\/strong>che quest&#39;anno torner\u00e0 ad animare il cuore della citt\u00e0 dalle 15 di <strong>sabato 3 <\/strong>alla stessa ora di<strong> domenica 4 dicembre<\/strong>, con la manifestazione in presenza che avr\u00e0 il suo fulcro in piazza I Maggio.<\/p>\n<p> \tDopo le due edizioni solo \u2018a distanza\u2019 del 2020 e del 2021, che hanno consentito al Comitato udinese di continuare a sostenere la <strong>ricerca scientifica sulle malattie genetiche rare<\/strong> della <strong>Fondazione Telethon<\/strong> anche in un momento in cui quasi tutti gli eventi erano stati sospesi (nel biennio sono stati interamente devoluti oltre 240mila euro, <em>ndr<\/em>), quest\u2019anno l\u2019evento torna in presenza.<\/p>\n<p> \t<strong>Oltre 530 squadre<\/strong> hanno gi\u00e0 formalizzato la loro adesione, ma ci sar\u00e0 ancora la possibilit\u00e0 di partecipare fino a domenica 27 novembre, iscrivendosi online sul sito telethonudine.it, dove sar\u00e0 possibile consultare anche il regolamento e trovare tutte le informazioni utili.<\/p>\n<p> \tI numeri e tutte le novit\u00e0 dell&#39;edizione 2022 sono stati presentati oggi in conferenza stampa, alla presenza della testimonial <strong>Katia Aere<\/strong>, campionessa friulana di handbike che, al suo attivo, vanta un bronzo olimpico ai Giochi di Tokio. Sar\u00e0 lei a percorrere, scortata dai motociclisti della Polizia locale di Udine, il primo giro del percorso, dando ufficialmente il via alla manifestazione.<\/p>\n<p> \tAlla presentazione hanno preso parte il presidente del Comitato udinese, <strong>Marco de Eccher<\/strong>, il presidente del Consiglio regionale <strong>Piero Mauro Zanin<\/strong>, l&#39;assessore comunale <strong>Antonio Falcone, <\/strong>il direttore territoriale Nordest di Bnl, <strong>Stefano Manfrone<\/strong>, oltre al presidente provinciale della Fiasp Udine, <strong>Umberto Brini<\/strong>.<\/p>\n<p> \tIl <strong>percorso<\/strong>, omologato da Fiasp \u2013 Aps di Udine, si snoder\u00e0 per circa 1.500 metri lungo un anello da piazza I Maggio (fronte PromoturismoFvg), viale della Vittoria, Parco della Rimembranza, via Sant&#39;Agostino, largo delle Grazie, piazza I Maggio (lato liceo classico Stellini) e arrivo nuovamente sotto il Castello.<\/p>\n<p> \tIn Giardin Grande non mancher\u00e0 il &#39;<strong>Villaggio Telethon&#39;<\/strong>; sempre sul sito telethonudine.it, si possono prenotare i vari spazi disponibili per camper o gazebo, ma anche il proprio &#39;posto&#39; sotto il tendone comune.<\/p>\n<p> \tGrazie anche all&#39;esperienza maturata durante la pandemia, il Comitato udinese ha deciso di confermare, anche per la 24esima edizione, <strong>la possibilit\u00e0 di partecipare da remoto, tramite una App<\/strong>. Le squadre che non potranno essere presenti a Udine e i singoli corridori, quindi, potranno iscriversi e scaricare l&#39;applicazione realizzata da <em>3Technology<\/em> per prendere parte, da tutta Italia ma anche da ogni parte del mondo, al grande abbraccio della corsa solidale friulana; in questo caso, sar\u00e0 possibile disputare la propria frazione di un&#39;ora <strong>dal 25 novembre al 4 dicembre<\/strong>.<\/p>\n<p> \t<strong>STAFFETTA GIOVANI<\/strong>. Quest&#39;anno torna, dopo lo stop a causa della pandemia, anche la <strong>Staffetta Giovani <\/strong>che avr\u00e0 come sempre il compito di aprire il weekend all&#39;insegna della corsa e della solidariet\u00e0. L&#39;appuntamento con la pacifica invasione degli studenti delle scuole primarie e secondarie scatter\u00e0 a partire dalle 9 lungo un percorso dedicato, che si snoder\u00e0 nel centro storico con partenza\/arrivo in Piazza Libert\u00e0, percorrendo via Vittorio Veneto, piazza Duomo, via Stringher, via Savorgnana e via Cavour.<\/p>\n<p> \t<strong>UN PROGETTO SPECIALE<\/strong>. Quest&#39;anno alla manifestazione udinese sar\u00e0 abbinata anche una ricerca molto particolare. Quella per la Lafora, rara malattia neurologica degenerativa, che ha colpito una quindicenne udinese. Una malattia per la quale al momento non c\u2019\u00e8 una cura e la sua rapida evoluzione in termini di deterioramento cognitivo, psichico e fisico, offre un&#39;aspettativa di vita molto ridotta.<\/p>\n<p> \tI genitori della giovane si sono rivolti al Comitato udinese di Telethon per poter trovare aiuto. E, grazie alla Fondazione Telethon, sono stati individuati due progetti di ricerca che potranno dare una speranza a questa giovane e alla sua famiglia.<\/p>\n<p> \t\u00a0<\/p>\n","protected":false},"excerpt":{"rendered":"<p>Il 3 e 4 dicembre<\/p>\n","protected":false},"author":22,"featured_media":45351,"comment_status":"closed","ping_status":"closed","sticky":false,"template":"","format":"standard","meta":{"dwc-title":[],"dwc-content":[],"footnotes":""},"categories":[38],"tags":[],"class_list":["post-45350","post","type-post","status-publish","format-standard","has-post-thumbnail","hentry","category-sport"],"rttpg_featured_image_url":{"full":["https:\/\/imagazine.it\/wp-content\/uploads\/2024\/01\/51005-1.webp",1000,667,false],"landscape":["https:\/\/imagazine.it\/wp-content\/uploads\/2024\/01\/51005-1.webp",1000,667,false],"portraits":["https:\/\/imagazine.it\/wp-content\/uploads\/2024\/01\/51005-1.webp",1000,667,false],"thumbnail":["https:\/\/imagazine.it\/wp-content\/uploads\/2024\/01\/51005-1-150x150.webp",150,150,true],"medium":["https:\/\/imagazine.it\/wp-content\/uploads\/2024\/01\/51005-1-300x200.webp",300,200,true],"large":["https:\/\/imagazine.it\/wp-content\/uploads\/2024\/01\/51005-1.webp",640,427,false],"thumblist":["https:\/\/imagazine.it\/wp-content\/uploads\/2024\/01\/51005-1.webp",300,200,false],"thumbrelated":["https:\/\/imagazine.it\/wp-content\/uploads\/2024\/01\/51005-1.webp",500,334,false],"meccarouselthumb":["https:\/\/imagazine.it\/wp-content\/uploads\/2024\/01\/51005-1.webp",474,316,false],"gridsquare":["https:\/\/imagazine.it\/wp-content\/uploads\/2024\/01\/51005-1.webp",391,260,false],"tileview":["https:\/\/imagazine.it\/wp-content\/uploads\/2024\/01\/51005-1.webp",300,200,false],"1536x1536":["https:\/\/imagazine.it\/wp-content\/uploads\/2024\/01\/51005-1.webp",1000,667,false],"2048x2048":["https:\/\/imagazine.it\/wp-content\/uploads\/2024\/01\/51005-1.webp",1000,667,false],"newsup-slider-full":["https:\/\/imagazine.it\/wp-content\/uploads\/2024\/01\/51005-1.webp",1000,667,false],"newsup-featured":["https:\/\/imagazine.it\/wp-content\/uploads\/2024\/01\/51005-1.webp",1000,667,false],"newsup-medium":["https:\/\/imagazine.it\/wp-content\/uploads\/2024\/01\/51005-1-720x380.webp",720,380,true],"tptn_thumbnail":["https:\/\/imagazine.it\/wp-content\/uploads\/2024\/01\/51005-1.webp",250,167,false],"sow-carousel-default":["https:\/\/imagazine.it\/wp-content\/uploads\/2024\/01\/51005-1-272x182.webp",272,182,true]},"rttpg_author":{"display_name":"Livio Nonis","author_link":"https:\/\/imagazine.it\/home_desk\/author\/nonis\/"},"rttpg_comment":0,"rttpg_category":"<a href=\"https:\/\/imagazine.it\/home_desk\/category\/sport\/\" rel=\"category tag\">SPORT<\/a>","rttpg_excerpt":"Il 3 e 4 dicembre","_links":{"self":[{"href":"https:\/\/imagazine.it\/home_desk\/wp-json\/wp\/v2\/posts\/45350","targetHints":{"allow":["GET"]}}],"collection":[{"href":"https:\/\/imagazine.it\/home_desk\/wp-json\/wp\/v2\/posts"}],"about":[{"href":"https:\/\/imagazine.it\/home_desk\/wp-json\/wp\/v2\/types\/post"}],"author":[{"embeddable":true,"href":"https:\/\/imagazine.it\/home_desk\/wp-json\/wp\/v2\/users\/22"}],"replies":[{"embeddable":true,"href":"https:\/\/imagazine.it\/home_desk\/wp-json\/wp\/v2\/comments?post=45350"}],"version-history":[{"count":0,"href":"https:\/\/imagazine.it\/home_desk\/wp-json\/wp\/v2\/posts\/45350\/revisions"}],"wp:featuredmedia":[{"embeddable":true,"href":"https:\/\/imagazine.it\/home_desk\/wp-json\/wp\/v2\/media\/45351"}],"wp:attachment":[{"href":"https:\/\/imagazine.it\/home_desk\/wp-json\/wp\/v2\/media?parent=45350"}],"wp:term":[{"taxonomy":"category","embeddable":true,"href":"https:\/\/imagazine.it\/home_desk\/wp-json\/wp\/v2\/categories?post=45350"},{"taxonomy":"post_tag","embeddable":true,"href":"https:\/\/imagazine.it\/home_desk\/wp-json\/wp\/v2\/tags?post=45350"}],"curies":[{"name":"wp","href":"https:\/\/api.w.org\/{rel}","templated":true}]}}