{"id":45340,"date":"2022-11-23T00:00:00","date_gmt":"2022-11-22T23:00:00","guid":{"rendered":"https:\/\/imagazine.it\/?p=45340"},"modified":"2022-11-23T00:00:00","modified_gmt":"2022-11-22T23:00:00","slug":"la-scuola-mosaicisti-del-friuli-in-mostra-a-lione","status":"publish","type":"post","link":"https:\/\/imagazine.it\/home_desk\/la-scuola-mosaicisti-del-friuli-in-mostra-a-lione\/","title":{"rendered":"La Scuola Mosaicisti del Friuli in mostra a Lione"},"content":{"rendered":"<p> \tLa <strong>Scuola Mosaicisti del Friuli<\/strong>, in occasione dei suoi cento anni di attivit\u00e0, \u00e8 stata invitata a esporre le proprie opere a <strong>Lione<\/strong>, citt\u00e0 francese nella quale l\u2019arte del mosaico trova importanti testimonianze.<\/p>\n<p> \tLa grande mostra, allestita agli <em>Archives municipales de Lyon<\/em>, si \u00e8 inaugurata ieri e sar\u00e0 visitabile fino a sabato 8 aprile 2023.<\/p>\n<p> \tNata dalla collaborazione tra il <strong>Comune di Lione, l&#39;Istituto Italiano di Cultura di Lione, la Regione Friuli Venezia Giulia, l&#39;Ente Friuli nel Mondo, il Fogolar Furlan di Lione<\/strong> e naturalmente la Scuola Mosaicisti del Friuli, presenta una selezione di opere a mosaico realizzate proprio dalla Scuola, dai suoi allievi che qui studiano e si formano per diventare Maestri Mosaicisti.<\/p>\n<p> \tA fare gli onori di casa all\u2019inaugurazione il vicesindaco di Lione, delegato alla cultura, <strong>Nathalie Perrin-Gilbert<\/strong>, e il console d\u2019Italia a Lione, <strong>Pierangelo Cammarota<\/strong>. Sono seguiti i saluti dell\u2019assessore regionale <strong>Barbara Zilli<\/strong>, del presidente della Scuola Mosaicisti del Friuli <strong>Stefano Lovison <\/strong>e del presidente dell\u2019Ente Friuli nel Mondo <strong>Loris Basso<\/strong> assieme a <strong>Danilo Vezzio<\/strong> presidente del Fogolar Furlan di Lione.<\/p>\n<p> \tL\u2019introduzione critica alla mostra \u00e8 stata affidata a <strong>Henri Lavagne<\/strong>, presidente dell\u2019Acad\u00e9mie des Inscriptions et Belles-Lettres e autore del saggio <em>Il mosaico attraverso i secoli<\/em>, e a Gian Piero Brovedani, direttore della Scuola Mosaicisti del Friuli, promotore e curatore di iniziative per lo studio e la valorizzazione dell\u2019arte del mosaico. \u00a0<\/p>\n<p> \tIl numero e la variet\u00e0 di opere esposte offre la possibilit\u00e0 di ripercorre l\u2019evoluzione stilistica del mosaico nel corso dei secoli. Si inizia con il mosaico romano di alcune copie di particolari tratti dalle vaste superfici pavimentali di Aquileia. Patrimonio UNESCO dal 1998 proprio per il valore dei suoi mosaici, Aquileia rappresenta il riferimento pi\u00f9 noto della tradizione musiva in Friuli Venezia Giulia, che pu\u00f2 vantare cos\u00ec origini antiche.<\/p>\n<p> \tNella mostra un\u2019ampia sezione \u00e8 dedicata al presente e alle ricerche che la Scuola compie sul mosaico contemporaneo. Nel rispetto della tradizione e di quel \u201csaper fare\u201d proprio dell\u2019artigianato artistico, la Scuola si apre alle esigenze e ai gusti attuali, approfondendo gli aspetti legati alla progettazione, dialogando con la tridimensionalit\u00e0, il design, coeve forme espressive, rispondendo alle richieste di arredo di spazi interni, ma anche esterni, di pubblica fruizione.<\/p>\n<p> \t\u00a0<\/p>\n","protected":false},"excerpt":{"rendered":"<p>In occasione dei suoi cento anni di attivit\u00e0<\/p>\n","protected":false},"author":28,"featured_media":45341,"comment_status":"closed","ping_status":"closed","sticky":false,"template":"","format":"standard","meta":{"dwc-title":[],"dwc-content":[],"footnotes":""},"categories":[37],"tags":[],"class_list":["post-45340","post","type-post","status-publish","format-standard","has-post-thumbnail","hentry","category-cultura-e-spettacolo"],"rttpg_featured_image_url":{"full":["https:\/\/imagazine.it\/wp-content\/uploads\/2024\/01\/50985-1.webp",1600,739,false],"landscape":["https:\/\/imagazine.it\/wp-content\/uploads\/2024\/01\/50985-1.webp",1600,739,false],"portraits":["https:\/\/imagazine.it\/wp-content\/uploads\/2024\/01\/50985-1.webp",1600,739,false],"thumbnail":["https:\/\/imagazine.it\/wp-content\/uploads\/2024\/01\/50985-1-150x150.webp",150,150,true],"medium":["https:\/\/imagazine.it\/wp-content\/uploads\/2024\/01\/50985-1-300x139.webp",300,139,true],"large":["https:\/\/imagazine.it\/wp-content\/uploads\/2024\/01\/50985-1-1024x473.webp",640,296,true],"thumblist":["https:\/\/imagazine.it\/wp-content\/uploads\/2024\/01\/50985-1.webp",300,139,false],"thumbrelated":["https:\/\/imagazine.it\/wp-content\/uploads\/2024\/01\/50985-1.webp",500,231,false],"meccarouselthumb":["https:\/\/imagazine.it\/wp-content\/uploads\/2024\/01\/50985-1.webp",474,219,false],"gridsquare":["https:\/\/imagazine.it\/wp-content\/uploads\/2024\/01\/50985-1.webp",391,181,false],"tileview":["https:\/\/imagazine.it\/wp-content\/uploads\/2024\/01\/50985-1.webp",300,139,false],"1536x1536":["https:\/\/imagazine.it\/wp-content\/uploads\/2024\/01\/50985-1-1536x709.webp",1536,709,true],"2048x2048":["https:\/\/imagazine.it\/wp-content\/uploads\/2024\/01\/50985-1.webp",1600,739,false],"newsup-slider-full":["https:\/\/imagazine.it\/wp-content\/uploads\/2024\/01\/50985-1-1280x720.webp",1280,720,true],"newsup-featured":["https:\/\/imagazine.it\/wp-content\/uploads\/2024\/01\/50985-1-1024x473.webp",1024,473,true],"newsup-medium":["https:\/\/imagazine.it\/wp-content\/uploads\/2024\/01\/50985-1-720x380.webp",720,380,true],"tptn_thumbnail":["https:\/\/imagazine.it\/wp-content\/uploads\/2024\/01\/50985-1.webp",250,115,false],"sow-carousel-default":["https:\/\/imagazine.it\/wp-content\/uploads\/2024\/01\/50985-1-272x182.webp",272,182,true]},"rttpg_author":{"display_name":"redazione","author_link":"https:\/\/imagazine.it\/home_desk\/author\/redazione\/"},"rttpg_comment":0,"rttpg_category":"<a href=\"https:\/\/imagazine.it\/home_desk\/category\/cultura-e-spettacolo\/\" rel=\"category tag\">CULTURA&amp;SPETTACOLO<\/a>","rttpg_excerpt":"In occasione dei suoi cento anni di attivit\u00e0","_links":{"self":[{"href":"https:\/\/imagazine.it\/home_desk\/wp-json\/wp\/v2\/posts\/45340","targetHints":{"allow":["GET"]}}],"collection":[{"href":"https:\/\/imagazine.it\/home_desk\/wp-json\/wp\/v2\/posts"}],"about":[{"href":"https:\/\/imagazine.it\/home_desk\/wp-json\/wp\/v2\/types\/post"}],"author":[{"embeddable":true,"href":"https:\/\/imagazine.it\/home_desk\/wp-json\/wp\/v2\/users\/28"}],"replies":[{"embeddable":true,"href":"https:\/\/imagazine.it\/home_desk\/wp-json\/wp\/v2\/comments?post=45340"}],"version-history":[{"count":0,"href":"https:\/\/imagazine.it\/home_desk\/wp-json\/wp\/v2\/posts\/45340\/revisions"}],"wp:featuredmedia":[{"embeddable":true,"href":"https:\/\/imagazine.it\/home_desk\/wp-json\/wp\/v2\/media\/45341"}],"wp:attachment":[{"href":"https:\/\/imagazine.it\/home_desk\/wp-json\/wp\/v2\/media?parent=45340"}],"wp:term":[{"taxonomy":"category","embeddable":true,"href":"https:\/\/imagazine.it\/home_desk\/wp-json\/wp\/v2\/categories?post=45340"},{"taxonomy":"post_tag","embeddable":true,"href":"https:\/\/imagazine.it\/home_desk\/wp-json\/wp\/v2\/tags?post=45340"}],"curies":[{"name":"wp","href":"https:\/\/api.w.org\/{rel}","templated":true}]}}