{"id":45334,"date":"2022-11-23T00:00:00","date_gmt":"2022-11-22T23:00:00","guid":{"rendered":"https:\/\/imagazine.it\/?p=45334"},"modified":"2022-11-23T00:00:00","modified_gmt":"2022-11-22T23:00:00","slug":"la-serie-su-mussolini-sbarca-in-fvg","status":"publish","type":"post","link":"https:\/\/imagazine.it\/home_desk\/la-serie-su-mussolini-sbarca-in-fvg\/","title":{"rendered":"La serie su Mussolini sbarca in FVG"},"content":{"rendered":"<p> \tSono iniziate luned\u00ec nella <strong>Basilica patriarcale di Aquileia<\/strong> le riprese dell\u2019adattamento cinematografico di \u201c<em>M. il figlio del secolo<\/em>\u201d, il romanzo storico di <strong>Antonio Scurati,<\/strong> gi\u00e0 vincitore del Premio Strega nel 2019. La serie, in otto episodi, \u00e8 prodotta da Sky Studios e da\u00a0<strong>Lorenzo Mieli<\/strong>\u00a0per <strong>The Apartment Pictures<\/strong> (societ\u00e0 del gruppo Fremantle) in collaborazione, tra gli altri, con <strong>Path\u00e9<\/strong> e sar\u00e0 distribuita in esclusiva su <strong>Sky<\/strong> e in streaming su <strong>NOW<\/strong>.<\/p>\n<p> \tLa regia dell\u2019opera \u00e8 stata affidata a <strong>Joe Wright<\/strong>, reso celebre dal successo del suo \u201cOrgoglio e Pregiudizio\u201d (2005), candidato ai Golden Globe con \u201cEspiazione\u201d nel 2008, e alla direzione de \u201cL\u2019ora pi\u00f9 buia\u201d e dell\u2019episodio \u201cNosedive\u201d nella terza stagione di \u201cBlack Mirror\u201d; a scrivere la sceneggiatura sono\u00a0<strong>Stefano Bises<\/strong>\u00a0(&#8220;Gomorra \u2013 La Serie&#8221;, &#8220;The New Pope&#8221;, &#8220;ZeroZeroZero&#8221;) e <strong>Davide Serino<\/strong>\u00a0(&#8220;1992&#8221;, &#8220;1993&#8221;, &#8220;Il Re&#8221; con Luca Zingaretti).<\/p>\n<p> \tContinua dunque il trend che vede il Friuli Venezia Giulia come una delle mete pi\u00f9 ambite per produzioni nazionali e internazionali, grazie alla sua variet\u00e0 di paesaggi in grado di soddisfare, con costi ridotti per gli spostamenti, le necessit\u00e0 di produzioni e registi.<\/p>\n<p> \t<strong>Friuli Venezia Giulia Film Commission, <\/strong>che sostiene economicamente e logisticamente le produzioni, \u00e8 riuscita solo nell\u2019ultimo mese a portare in regione due tra le serie TV pi\u00f9 attese sugli schermi. Oltre a \u201c<em>M. Il figlio del secolo<\/em>\u201d infatti, stanno proseguendo <u><a href=\"http:\/\/www.imagazine.it\/notizie-trieste-gorizia-udine-friuli\/12863\" target=\"_blank\" rel=\"noopener\"><span style=\"color:#0000cd;\">a Trieste le riprese de \u201c<em>Il Re 2<\/em>\u201d con Luca Zingaretti, per la regia di Giuseppe Gagliardi<\/span><\/a><\/u>.<\/p>\n<p> \t\u201c<em>M. Il figlio del secolo<\/em>\u201d sar\u00e0 la trasposizione televisiva del primo libro della trilogia di Scurati e ripercorrer\u00e0 la storia di Benito Mussolini dalla fondazione dei Fasci italiani nel 1919 fino al famigerato discorso tenuto al Parlamento italiano dopo l&#39;omicidio di Giacomo Matteotti nel 1924. Come il romanzo da cui \u00e8 tratta, anche la serie approfondir\u00e0 un lato spesso poco conosciuto, come quello della vita privata di Mussolini e delle sue relazioni personali, tra cui quelle con la moglie Rachele, l\u2019amante Margherita Sarfatti e con altre figure dell&#39;epoca.<\/p>\n<p> \tA interpretare Benito Mussolini sar\u00e0 l\u2019attore <strong>Luca Marinelli<\/strong>, gi\u00e0 nominato cinque volte ai David di Donatello &#8211; fra cui la nomination che gli \u00e8 valsa il premio per\u00a0\u201c<em>Lo chiamavano Jeeg Robot<\/em>\u201d, film che gli ha fatto conquistare anche il <strong>Nastro d\u2019Argento<\/strong>. Marinelli \u00e8 fra i pi\u00f9 apprezzati attori italiani, insignito anche della <strong>Coppa Volpi<\/strong> come miglior attore a Venezia per\u00a0\u201c<em>Martin Eden<\/em>\u201d\u00a0e dello <strong>Shooting Stars Award<\/strong> al Festival di Berlino.<\/p>\n<p> \tLe location scelte sul territorio regionale non si limitano alla sola <strong>Aquileia, <\/strong>ma comprendono anche la citt\u00e0 di <strong>Gorizia<\/strong> e la sua <strong>via Rastello<\/strong>, che \u00e8 stata oggetto di importanti opere scenografiche.<\/p>\n<p> \tIl territorio del Friuli Venezia Giulia continua a risultare molto attrattivo per le grandi produzioni tv, che confermano la volont\u00e0 di portare sul territorio regionale progetti di assoluto livello internazionale, dando continuit\u00e0 a un lavoro che sta impiegando a oggi su <strong>\u201c<em>M. Il figlio del secolo<\/em>\u201d<\/strong> pi\u00f9 di <strong>20 professionisti locali, circa 150 comparse per un totale di 8 giorni di lavorazione<\/strong>.<\/p>\n<p> \tFVG Film Commission \u2013 PromoTurismoFVG ringrazia per la collaborazione il Comune di Gorizia e la sua cittadinanza, la Fondazione &#8220;Societ\u00e0 per la Conservazione della Basilica di Aquileia&#8221;,\u00a0il Comune di Aquileia, la Protezione Civile di Gorizia e il Nucleo ANC FVG.<\/p>\n<p> \t\u00a0<\/p>\n","protected":false},"excerpt":{"rendered":"<p>&#8220;M. Il figlio del secolo&#8221;<\/p>\n","protected":false},"author":28,"featured_media":45335,"comment_status":"closed","ping_status":"closed","sticky":false,"template":"","format":"standard","meta":{"dwc-title":[],"dwc-content":[],"footnotes":""},"categories":[37],"tags":[],"class_list":["post-45334","post","type-post","status-publish","format-standard","has-post-thumbnail","hentry","category-cultura-e-spettacolo"],"rttpg_featured_image_url":{"full":["https:\/\/imagazine.it\/wp-content\/uploads\/2024\/01\/50982-1.webp",1000,667,false],"landscape":["https:\/\/imagazine.it\/wp-content\/uploads\/2024\/01\/50982-1.webp",1000,667,false],"portraits":["https:\/\/imagazine.it\/wp-content\/uploads\/2024\/01\/50982-1.webp",1000,667,false],"thumbnail":["https:\/\/imagazine.it\/wp-content\/uploads\/2024\/01\/50982-1-150x150.webp",150,150,true],"medium":["https:\/\/imagazine.it\/wp-content\/uploads\/2024\/01\/50982-1-300x200.webp",300,200,true],"large":["https:\/\/imagazine.it\/wp-content\/uploads\/2024\/01\/50982-1.webp",640,427,false],"thumblist":["https:\/\/imagazine.it\/wp-content\/uploads\/2024\/01\/50982-1.webp",300,200,false],"thumbrelated":["https:\/\/imagazine.it\/wp-content\/uploads\/2024\/01\/50982-1.webp",500,334,false],"meccarouselthumb":["https:\/\/imagazine.it\/wp-content\/uploads\/2024\/01\/50982-1.webp",474,316,false],"gridsquare":["https:\/\/imagazine.it\/wp-content\/uploads\/2024\/01\/50982-1.webp",391,260,false],"tileview":["https:\/\/imagazine.it\/wp-content\/uploads\/2024\/01\/50982-1.webp",300,200,false],"1536x1536":["https:\/\/imagazine.it\/wp-content\/uploads\/2024\/01\/50982-1.webp",1000,667,false],"2048x2048":["https:\/\/imagazine.it\/wp-content\/uploads\/2024\/01\/50982-1.webp",1000,667,false],"newsup-slider-full":["https:\/\/imagazine.it\/wp-content\/uploads\/2024\/01\/50982-1.webp",1000,667,false],"newsup-featured":["https:\/\/imagazine.it\/wp-content\/uploads\/2024\/01\/50982-1.webp",1000,667,false],"newsup-medium":["https:\/\/imagazine.it\/wp-content\/uploads\/2024\/01\/50982-1-720x380.webp",720,380,true],"tptn_thumbnail":["https:\/\/imagazine.it\/wp-content\/uploads\/2024\/01\/50982-1.webp",250,167,false],"sow-carousel-default":["https:\/\/imagazine.it\/wp-content\/uploads\/2024\/01\/50982-1-272x182.webp",272,182,true]},"rttpg_author":{"display_name":"redazione","author_link":"https:\/\/imagazine.it\/home_desk\/author\/redazione\/"},"rttpg_comment":0,"rttpg_category":"<a href=\"https:\/\/imagazine.it\/home_desk\/category\/cultura-e-spettacolo\/\" rel=\"category tag\">CULTURA&amp;SPETTACOLO<\/a>","rttpg_excerpt":"\"M. Il figlio del secolo\"","_links":{"self":[{"href":"https:\/\/imagazine.it\/home_desk\/wp-json\/wp\/v2\/posts\/45334","targetHints":{"allow":["GET"]}}],"collection":[{"href":"https:\/\/imagazine.it\/home_desk\/wp-json\/wp\/v2\/posts"}],"about":[{"href":"https:\/\/imagazine.it\/home_desk\/wp-json\/wp\/v2\/types\/post"}],"author":[{"embeddable":true,"href":"https:\/\/imagazine.it\/home_desk\/wp-json\/wp\/v2\/users\/28"}],"replies":[{"embeddable":true,"href":"https:\/\/imagazine.it\/home_desk\/wp-json\/wp\/v2\/comments?post=45334"}],"version-history":[{"count":0,"href":"https:\/\/imagazine.it\/home_desk\/wp-json\/wp\/v2\/posts\/45334\/revisions"}],"wp:featuredmedia":[{"embeddable":true,"href":"https:\/\/imagazine.it\/home_desk\/wp-json\/wp\/v2\/media\/45335"}],"wp:attachment":[{"href":"https:\/\/imagazine.it\/home_desk\/wp-json\/wp\/v2\/media?parent=45334"}],"wp:term":[{"taxonomy":"category","embeddable":true,"href":"https:\/\/imagazine.it\/home_desk\/wp-json\/wp\/v2\/categories?post=45334"},{"taxonomy":"post_tag","embeddable":true,"href":"https:\/\/imagazine.it\/home_desk\/wp-json\/wp\/v2\/tags?post=45334"}],"curies":[{"name":"wp","href":"https:\/\/api.w.org\/{rel}","templated":true}]}}