{"id":45332,"date":"2022-11-23T00:00:00","date_gmt":"2022-11-22T23:00:00","guid":{"rendered":"https:\/\/imagazine.it\/?p=45332"},"modified":"2022-11-23T00:00:00","modified_gmt":"2022-11-22T23:00:00","slug":"elisa-protagonista-del-fine-anno-di-jesolo","status":"publish","type":"post","link":"https:\/\/imagazine.it\/home_desk\/elisa-protagonista-del-fine-anno-di-jesolo\/","title":{"rendered":"Elisa protagonista del fine anno di Jesolo"},"content":{"rendered":"<p> \t<strong>Elisa<\/strong> sar\u00e0 la protagonista del \u201c<strong>Concerto di fine anno<\/strong>\u201d, in programma <strong>sabato 31 dicembre<\/strong> al <strong>Palazzo del Turismo<\/strong> di <strong>Jesolo<\/strong>.<\/p>\n<p> \tIl live avr\u00e0 inizio alle <strong>22<\/strong>, per terminare con il brindisi di mezzanotte, con <strong>Elisa<\/strong> sul palco a salutare, assieme al suo pubblico, l\u2019arrivo del 2023.<\/p>\n<p> \tAd accompagnare la cantautrice monfalconese ci sar\u00e0 la sua band, con la quale presenter\u00e0 una scaletta fatta di tutti i grandi successi di oltre 25 anni di carriera.<\/p>\n<p> \t&#8220;<em>Siamo lieti e orgogliosi di poter ospitare nella nostra citt\u00e0 il concerto di una grandissima artista come Elisa<\/em> &#8211; dichiarano il sindaco della Citt\u00e0 di Jesolo, <strong>Christofer De Zotti<\/strong>, e l&#39;assessore al Turismo, <strong>Alberto Maschio<\/strong> -. <em>In questi mesi abbiamo lavorato intensamente per presentare a residenti e ospiti una citt\u00e0 magica per queste festivit\u00e0, che ci auguriamo segnino il cambio di passo dopo alcuni anni complessi. Senza ombra di dubbio, questo evento arricchisce il palinsesto soprattutto dal punto di vista qualitativo e sostiene ulteriormente il suo carattere internazionale. Elisa sapr\u00e0 incantare e attrarre, come sempre, contribuendo a rendere il periodo delle festivit\u00e0 a Jesolo ancora pi\u00f9 speciale<\/em>&#8220;.<\/p>\n<p> \t\u00a0<\/p>\n","protected":false},"excerpt":{"rendered":"<p>Concerto il 31 dicembre<\/p>\n","protected":false},"author":28,"featured_media":45333,"comment_status":"closed","ping_status":"closed","sticky":false,"template":"","format":"standard","meta":{"dwc-title":[],"dwc-content":[],"footnotes":""},"categories":[37],"tags":[],"class_list":["post-45332","post","type-post","status-publish","format-standard","has-post-thumbnail","hentry","category-cultura-e-spettacolo"],"rttpg_featured_image_url":{"full":["https:\/\/imagazine.it\/wp-content\/uploads\/2024\/01\/50981-1.webp",750,609,false],"landscape":["https:\/\/imagazine.it\/wp-content\/uploads\/2024\/01\/50981-1.webp",750,609,false],"portraits":["https:\/\/imagazine.it\/wp-content\/uploads\/2024\/01\/50981-1.webp",750,609,false],"thumbnail":["https:\/\/imagazine.it\/wp-content\/uploads\/2024\/01\/50981-1-150x150.webp",150,150,true],"medium":["https:\/\/imagazine.it\/wp-content\/uploads\/2024\/01\/50981-1-300x244.webp",300,244,true],"large":["https:\/\/imagazine.it\/wp-content\/uploads\/2024\/01\/50981-1.webp",640,520,false],"thumblist":["https:\/\/imagazine.it\/wp-content\/uploads\/2024\/01\/50981-1.webp",300,244,false],"thumbrelated":["https:\/\/imagazine.it\/wp-content\/uploads\/2024\/01\/50981-1.webp",500,406,false],"meccarouselthumb":["https:\/\/imagazine.it\/wp-content\/uploads\/2024\/01\/50981-1.webp",399,324,false],"gridsquare":["https:\/\/imagazine.it\/wp-content\/uploads\/2024\/01\/50981-1.webp",320,260,false],"tileview":["https:\/\/imagazine.it\/wp-content\/uploads\/2024\/01\/50981-1.webp",300,244,false],"1536x1536":["https:\/\/imagazine.it\/wp-content\/uploads\/2024\/01\/50981-1.webp",750,609,false],"2048x2048":["https:\/\/imagazine.it\/wp-content\/uploads\/2024\/01\/50981-1.webp",750,609,false],"newsup-slider-full":["https:\/\/imagazine.it\/wp-content\/uploads\/2024\/01\/50981-1.webp",750,609,false],"newsup-featured":["https:\/\/imagazine.it\/wp-content\/uploads\/2024\/01\/50981-1.webp",750,609,false],"newsup-medium":["https:\/\/imagazine.it\/wp-content\/uploads\/2024\/01\/50981-1-720x380.webp",720,380,true],"tptn_thumbnail":["https:\/\/imagazine.it\/wp-content\/uploads\/2024\/01\/50981-1.webp",250,203,false],"sow-carousel-default":["https:\/\/imagazine.it\/wp-content\/uploads\/2024\/01\/50981-1-272x182.webp",272,182,true]},"rttpg_author":{"display_name":"redazione","author_link":"https:\/\/imagazine.it\/home_desk\/author\/redazione\/"},"rttpg_comment":0,"rttpg_category":"<a href=\"https:\/\/imagazine.it\/home_desk\/category\/cultura-e-spettacolo\/\" rel=\"category tag\">CULTURA&amp;SPETTACOLO<\/a>","rttpg_excerpt":"Concerto il 31 dicembre","_links":{"self":[{"href":"https:\/\/imagazine.it\/home_desk\/wp-json\/wp\/v2\/posts\/45332","targetHints":{"allow":["GET"]}}],"collection":[{"href":"https:\/\/imagazine.it\/home_desk\/wp-json\/wp\/v2\/posts"}],"about":[{"href":"https:\/\/imagazine.it\/home_desk\/wp-json\/wp\/v2\/types\/post"}],"author":[{"embeddable":true,"href":"https:\/\/imagazine.it\/home_desk\/wp-json\/wp\/v2\/users\/28"}],"replies":[{"embeddable":true,"href":"https:\/\/imagazine.it\/home_desk\/wp-json\/wp\/v2\/comments?post=45332"}],"version-history":[{"count":0,"href":"https:\/\/imagazine.it\/home_desk\/wp-json\/wp\/v2\/posts\/45332\/revisions"}],"wp:featuredmedia":[{"embeddable":true,"href":"https:\/\/imagazine.it\/home_desk\/wp-json\/wp\/v2\/media\/45333"}],"wp:attachment":[{"href":"https:\/\/imagazine.it\/home_desk\/wp-json\/wp\/v2\/media?parent=45332"}],"wp:term":[{"taxonomy":"category","embeddable":true,"href":"https:\/\/imagazine.it\/home_desk\/wp-json\/wp\/v2\/categories?post=45332"},{"taxonomy":"post_tag","embeddable":true,"href":"https:\/\/imagazine.it\/home_desk\/wp-json\/wp\/v2\/tags?post=45332"}],"curies":[{"name":"wp","href":"https:\/\/api.w.org\/{rel}","templated":true}]}}