{"id":45322,"date":"2022-11-21T00:00:00","date_gmt":"2022-11-20T23:00:00","guid":{"rendered":"https:\/\/imagazine.it\/?p=45322"},"modified":"2022-11-21T00:00:00","modified_gmt":"2022-11-20T23:00:00","slug":"stefano-zannier-presidente-della-fondazione-dolomiti-unesco","status":"publish","type":"post","link":"https:\/\/imagazine.it\/home_desk\/stefano-zannier-presidente-della-fondazione-dolomiti-unesco\/","title":{"rendered":"Stefano Zannier presidente della Fondazione Dolomiti Unesco"},"content":{"rendered":"<p> \tL&#39;assessore regionale alle Risorse agroalimentari, forestali, ittiche e montagna del Friuli Venezia Giulia, <strong>Stefano Zannier<\/strong>, \u00e8 da oggi il nuovo presidente della <strong>Fondazione Dolomiti Unesco<\/strong>.<\/p>\n<p> \tDurante la riunione del consiglio di amministrazione dell&#39;organismo, svoltosi questa mattina a <strong>Cortina d&#39;Ampezzo<\/strong>, \u00e8 avvenuto il passaggio di consegne con il presidente uscente <strong>Mario Tonina<\/strong>, vicepresidente della Provincia Autonoma di Trento.<\/p>\n<p> \t&#8220;\u00c8 per me un onore ricevere il testimone di presidente della Fondazione Dolomiti Unesco, conscio dell&#39;importanza del ruolo e del lavoro necessario per proseguire quanto gi\u00e0 avviato dal presidente Tonina, mantenendo centrali i temi della sostenibilit\u00e0 ma anche della valorizzazione di tutte le peculiarit\u00e0 rappresentate in un unicum straordinario come quello delle Dolomiti Unesco &#8211; ha spiegato Zannier -. Sempre nuove sfide caratterizzeranno il futuro della Fondazione ma verranno affrontate con lo spirito di condivisione e pragmatismo indispensabile per ottenere lusinghieri risultati. Concludo, infine, avendo vissuto da assessore della Provincia di Pordenone il percorso che ha portato al riconoscimento dell&#39;area quale patrimonio Unesco, esprimendo profonda gioia nell&#39;assumerne oggi la presidenza con la volont\u00e0 di garantire tutto l&#39;impegno necessario per una strada da percorre assieme&#8221;.<\/p>\n<p> \tLo statuto della Fondazione prevede che la presidenza venga assunta in base a una rotazione triennale in ordine alfabetico tra i soci dell&#39;ente: dal 2010 \u00e8 toccata prima alla Provincia di Belluno, quindi alla Provincia Autonoma di Bolzano, alla Regione Friuli Venezia Giulia e alla Provincia Autonoma di Trento. Al Friuli Venezia Giulia spetta tuttavia anche il turno di presidenza delle due ex province di Udine e Pordenone: da l\u00ec l&#39;indicazione dell&#39;assessore Zannier, che tra i suoi referati ha anche quello alla montagna, come presidente della Fondazione per il prossimo triennio.<\/p>\n<p> \tZannier ha evidenziato che &#8220;tra i temi pi\u00f9 rilevanti con i quali la Fondazione dovr\u00e0 confrontarsi spiccano le Olimpiadi invernali, un evento di portata e valenza enorme e il turismo. In merito a quest&#39;ultimo aspetto le differenze tra i territori aderenti alla Fondazione sono talmente rilevanti che \u00e8 fondamentale definire qual \u00e8 il livello dell&#39;offerta da proporre al pubblico, di modo da garantire sia la sostenibilit\u00e0 ambientale dell&#39;area dolomitica sia quella economica delle azioni promozionali intraprese&#8221;.<\/p>\n<p> \t\u00a0<\/p>\n","protected":false},"excerpt":{"rendered":"<p>Oggi la nomina<\/p>\n","protected":false},"author":28,"featured_media":45323,"comment_status":"closed","ping_status":"closed","sticky":false,"template":"","format":"standard","meta":{"dwc-title":[],"dwc-content":[],"footnotes":""},"categories":[5],"tags":[],"class_list":["post-45322","post","type-post","status-publish","format-standard","has-post-thumbnail","hentry","category-attualita"],"rttpg_featured_image_url":{"full":["https:\/\/imagazine.it\/wp-content\/uploads\/2024\/01\/50959-1.webp",2016,1512,false],"landscape":["https:\/\/imagazine.it\/wp-content\/uploads\/2024\/01\/50959-1.webp",2016,1512,false],"portraits":["https:\/\/imagazine.it\/wp-content\/uploads\/2024\/01\/50959-1.webp",2016,1512,false],"thumbnail":["https:\/\/imagazine.it\/wp-content\/uploads\/2024\/01\/50959-1-150x150.webp",150,150,true],"medium":["https:\/\/imagazine.it\/wp-content\/uploads\/2024\/01\/50959-1-300x225.webp",300,225,true],"large":["https:\/\/imagazine.it\/wp-content\/uploads\/2024\/01\/50959-1-1024x768.webp",640,480,true],"thumblist":["https:\/\/imagazine.it\/wp-content\/uploads\/2024\/01\/50959-1.webp",300,225,false],"thumbrelated":["https:\/\/imagazine.it\/wp-content\/uploads\/2024\/01\/50959-1.webp",500,375,false],"meccarouselthumb":["https:\/\/imagazine.it\/wp-content\/uploads\/2024\/01\/50959-1.webp",432,324,false],"gridsquare":["https:\/\/imagazine.it\/wp-content\/uploads\/2024\/01\/50959-1.webp",347,260,false],"tileview":["https:\/\/imagazine.it\/wp-content\/uploads\/2024\/01\/50959-1.webp",300,225,false],"1536x1536":["https:\/\/imagazine.it\/wp-content\/uploads\/2024\/01\/50959-1-1536x1152.webp",1536,1152,true],"2048x2048":["https:\/\/imagazine.it\/wp-content\/uploads\/2024\/01\/50959-1.webp",2016,1512,false],"newsup-slider-full":["https:\/\/imagazine.it\/wp-content\/uploads\/2024\/01\/50959-1-1280x720.webp",1280,720,true],"newsup-featured":["https:\/\/imagazine.it\/wp-content\/uploads\/2024\/01\/50959-1-1024x768.webp",1024,768,true],"newsup-medium":["https:\/\/imagazine.it\/wp-content\/uploads\/2024\/01\/50959-1-720x380.webp",720,380,true],"tptn_thumbnail":["https:\/\/imagazine.it\/wp-content\/uploads\/2024\/01\/50959-1.webp",250,188,false],"sow-carousel-default":["https:\/\/imagazine.it\/wp-content\/uploads\/2024\/01\/50959-1-272x182.webp",272,182,true]},"rttpg_author":{"display_name":"redazione","author_link":"https:\/\/imagazine.it\/home_desk\/author\/redazione\/"},"rttpg_comment":0,"rttpg_category":"<a href=\"https:\/\/imagazine.it\/home_desk\/category\/attualita\/\" rel=\"category tag\">ATTUALIT\u00c0<\/a>","rttpg_excerpt":"Oggi la nomina","_links":{"self":[{"href":"https:\/\/imagazine.it\/home_desk\/wp-json\/wp\/v2\/posts\/45322","targetHints":{"allow":["GET"]}}],"collection":[{"href":"https:\/\/imagazine.it\/home_desk\/wp-json\/wp\/v2\/posts"}],"about":[{"href":"https:\/\/imagazine.it\/home_desk\/wp-json\/wp\/v2\/types\/post"}],"author":[{"embeddable":true,"href":"https:\/\/imagazine.it\/home_desk\/wp-json\/wp\/v2\/users\/28"}],"replies":[{"embeddable":true,"href":"https:\/\/imagazine.it\/home_desk\/wp-json\/wp\/v2\/comments?post=45322"}],"version-history":[{"count":0,"href":"https:\/\/imagazine.it\/home_desk\/wp-json\/wp\/v2\/posts\/45322\/revisions"}],"wp:featuredmedia":[{"embeddable":true,"href":"https:\/\/imagazine.it\/home_desk\/wp-json\/wp\/v2\/media\/45323"}],"wp:attachment":[{"href":"https:\/\/imagazine.it\/home_desk\/wp-json\/wp\/v2\/media?parent=45322"}],"wp:term":[{"taxonomy":"category","embeddable":true,"href":"https:\/\/imagazine.it\/home_desk\/wp-json\/wp\/v2\/categories?post=45322"},{"taxonomy":"post_tag","embeddable":true,"href":"https:\/\/imagazine.it\/home_desk\/wp-json\/wp\/v2\/tags?post=45322"}],"curies":[{"name":"wp","href":"https:\/\/api.w.org\/{rel}","templated":true}]}}