{"id":45318,"date":"2022-11-21T00:00:00","date_gmt":"2022-11-20T23:00:00","guid":{"rendered":"https:\/\/imagazine.it\/?p=45318"},"modified":"2022-11-21T00:00:00","modified_gmt":"2022-11-20T23:00:00","slug":"comunicazione-e-relazioni-nuovi-progetti-della-parrocchia-di-grado","status":"publish","type":"post","link":"https:\/\/imagazine.it\/home_desk\/comunicazione-e-relazioni-nuovi-progetti-della-parrocchia-di-grado\/","title":{"rendered":"Comunicazione e relazioni, nuovi progetti della Parrocchia di Grado"},"content":{"rendered":"<p> \tViene presentato in questi giorni in <strong>Parrocchia a Grado<\/strong> il <em>Calendario Pastorale<\/em> per il nuovo anno liturgico che inizier\u00e0 domenica 27 novembre, prima domenica di Avvento.<\/p>\n<p> \t\u201cSi tratta \u2013 spiega il parroco di Grado, <strong>monsignor Paolo Nutarelli<\/strong> \u2013 di un semplice strumento pensato sia per le famiglie della nostra comunit\u00e0 ma anche per i tanti ospiti della nostra isola che, frequentando la parrocchia, diventano parte di essa\u201d.<\/p>\n<p> \t\u00c8 una visione di insieme sulla comunit\u00e0 gradese che mostra un desiderio di programmazione e cerca di mettere insieme le varie realt\u00e0 parrocchiali.<\/p>\n<p> \t\u201c\u00c8 importante \u2013 continua monsignor Nutarelli \u2013 mettere in relazione e far conoscere ci\u00f2 che si fa e si vorrebbe fare. Tante cose cambieranno ma il <em>Calendario Liturgico Pastorale<\/em> racconta una visione di insieme della nostra comunit\u00e0\u201d.<\/p>\n<p> \tIn occasione della presentazione di questa \u201cAgenda\u201d viene ufficialmente presentato anche il nuovo portale della parrocchia: <u><a href=\"http:\/\/www.chiesagrado.org\" target=\"_blank\" rel=\"noopener\"><span style=\"color:#0000cd;\"><strong>www.chiesagrado.org<\/strong><\/span><\/a><\/u>.<\/p>\n<p> \tCon questo strumento si porta a compimento la presenza sui social della parrocchia, che, grazie alla collaborazione di una piccola equipe, sta cercando di essere presente attraverso Facebook o Instagram (chiesagrado_insieme), aderendo peraltro a un nuovo servizio di comunicazione, attraverso l&#39;accesso a una piattaforma editoriale on-line dedicata.<\/p>\n<p> \tSul proprio smartphone sar\u00e0 possibile scaricare gratuitamente (sia su Google Play e su Apple Store) l\u2019App \u201cInParrocchia\u201d: installata l\u2019App sar\u00e0 necessario registrarsi (nome, cognome, data di nascita, e-mail e creare le proprie credenziali) e, quindi, trovare tutte le informazioni della comunit\u00e0.<\/p>\n<p> \tRicordiamo, poi, che \u00e8 attivo lo streaming delle celebrazioni dalla Basilica di Sant\u2019Eufemia sul <u><a href=\"https:\/\/www.youtube.com\/watch?v=r_plazCHNws\" target=\"_blank\" rel=\"noopener\"><span style=\"color:#0000cd;\">canale YouTube della Parrocchia<\/span><\/a><\/u>.<\/p>\n<p> \tNelle prossime settimane si cercher\u00e0 di formare una vera e propria redazione di persone e competenze per migliorare e incrementare i servizi multimediali.<\/p>\n<p> \t\u00a0<\/p>\n","protected":false},"excerpt":{"rendered":"<p>Si presenta il Calendario pastorale<\/p>\n","protected":false},"author":28,"featured_media":45319,"comment_status":"closed","ping_status":"closed","sticky":false,"template":"","format":"standard","meta":{"dwc-title":[],"dwc-content":[],"footnotes":""},"categories":[5],"tags":[],"class_list":["post-45318","post","type-post","status-publish","format-standard","has-post-thumbnail","hentry","category-attualita"],"rttpg_featured_image_url":{"full":["https:\/\/imagazine.it\/wp-content\/uploads\/2024\/01\/50953-1.webp",1024,485,false],"landscape":["https:\/\/imagazine.it\/wp-content\/uploads\/2024\/01\/50953-1.webp",1024,485,false],"portraits":["https:\/\/imagazine.it\/wp-content\/uploads\/2024\/01\/50953-1.webp",1024,485,false],"thumbnail":["https:\/\/imagazine.it\/wp-content\/uploads\/2024\/01\/50953-1-150x150.webp",150,150,true],"medium":["https:\/\/imagazine.it\/wp-content\/uploads\/2024\/01\/50953-1-300x142.webp",300,142,true],"large":["https:\/\/imagazine.it\/wp-content\/uploads\/2024\/01\/50953-1.webp",640,303,false],"thumblist":["https:\/\/imagazine.it\/wp-content\/uploads\/2024\/01\/50953-1.webp",300,142,false],"thumbrelated":["https:\/\/imagazine.it\/wp-content\/uploads\/2024\/01\/50953-1.webp",500,237,false],"meccarouselthumb":["https:\/\/imagazine.it\/wp-content\/uploads\/2024\/01\/50953-1.webp",474,225,false],"gridsquare":["https:\/\/imagazine.it\/wp-content\/uploads\/2024\/01\/50953-1.webp",391,185,false],"tileview":["https:\/\/imagazine.it\/wp-content\/uploads\/2024\/01\/50953-1.webp",300,142,false],"1536x1536":["https:\/\/imagazine.it\/wp-content\/uploads\/2024\/01\/50953-1.webp",1024,485,false],"2048x2048":["https:\/\/imagazine.it\/wp-content\/uploads\/2024\/01\/50953-1.webp",1024,485,false],"newsup-slider-full":["https:\/\/imagazine.it\/wp-content\/uploads\/2024\/01\/50953-1.webp",1024,485,false],"newsup-featured":["https:\/\/imagazine.it\/wp-content\/uploads\/2024\/01\/50953-1.webp",1024,485,false],"newsup-medium":["https:\/\/imagazine.it\/wp-content\/uploads\/2024\/01\/50953-1-720x380.webp",720,380,true],"tptn_thumbnail":["https:\/\/imagazine.it\/wp-content\/uploads\/2024\/01\/50953-1.webp",250,118,false],"sow-carousel-default":["https:\/\/imagazine.it\/wp-content\/uploads\/2024\/01\/50953-1-272x182.webp",272,182,true]},"rttpg_author":{"display_name":"redazione","author_link":"https:\/\/imagazine.it\/home_desk\/author\/redazione\/"},"rttpg_comment":0,"rttpg_category":"<a href=\"https:\/\/imagazine.it\/home_desk\/category\/attualita\/\" rel=\"category tag\">ATTUALIT\u00c0<\/a>","rttpg_excerpt":"Si presenta il Calendario pastorale","_links":{"self":[{"href":"https:\/\/imagazine.it\/home_desk\/wp-json\/wp\/v2\/posts\/45318","targetHints":{"allow":["GET"]}}],"collection":[{"href":"https:\/\/imagazine.it\/home_desk\/wp-json\/wp\/v2\/posts"}],"about":[{"href":"https:\/\/imagazine.it\/home_desk\/wp-json\/wp\/v2\/types\/post"}],"author":[{"embeddable":true,"href":"https:\/\/imagazine.it\/home_desk\/wp-json\/wp\/v2\/users\/28"}],"replies":[{"embeddable":true,"href":"https:\/\/imagazine.it\/home_desk\/wp-json\/wp\/v2\/comments?post=45318"}],"version-history":[{"count":0,"href":"https:\/\/imagazine.it\/home_desk\/wp-json\/wp\/v2\/posts\/45318\/revisions"}],"wp:featuredmedia":[{"embeddable":true,"href":"https:\/\/imagazine.it\/home_desk\/wp-json\/wp\/v2\/media\/45319"}],"wp:attachment":[{"href":"https:\/\/imagazine.it\/home_desk\/wp-json\/wp\/v2\/media?parent=45318"}],"wp:term":[{"taxonomy":"category","embeddable":true,"href":"https:\/\/imagazine.it\/home_desk\/wp-json\/wp\/v2\/categories?post=45318"},{"taxonomy":"post_tag","embeddable":true,"href":"https:\/\/imagazine.it\/home_desk\/wp-json\/wp\/v2\/tags?post=45318"}],"curies":[{"name":"wp","href":"https:\/\/api.w.org\/{rel}","templated":true}]}}