{"id":45286,"date":"2022-11-18T00:00:00","date_gmt":"2022-11-17T23:00:00","guid":{"rendered":"https:\/\/imagazine.it\/?p=45286"},"modified":"2022-11-18T00:00:00","modified_gmt":"2022-11-17T23:00:00","slug":"il-legno-arredo-in-fvg-punta-sulla-sostenibilita","status":"publish","type":"post","link":"https:\/\/imagazine.it\/home_desk\/il-legno-arredo-in-fvg-punta-sulla-sostenibilita\/","title":{"rendered":"Il legno-arredo in FVG punta sulla sostenibilit\u00e0"},"content":{"rendered":"<p> \tIl 38,7% delle imprese in Friuli Venezia Giulia ha effettuato eco-investimenti nel quinquennio 2017-2021, con un valore di un punto superiore a quello medio italiano (37,6%) e in particolare, nel territorio di Udine, ha investito in prodotti e tecnologie green il 37,4% delle imprese e in quello di Pordenone il 43,1%. Per quanto riguarda i cosiddetti \u201cgreen jobs\u201d, raggiungono il 38,9% del totale i contratti attivati per professionalit\u00e0 legate al mondo della sostenibilit\u00e0, quasi cinque punti percentuali pi\u00f9 che a livello italiano (Rapporto GreenItaly 2022). Quello della sostenibilit\u00e0 \u00e8 un trend fondamentale e fortunatamente in crescita: attraverso la creazione di valore per l\u2019ambiente, crea anche valore per le imprese e per chi vi opera. Ed \u00e8 un trend che conoscono bene al <strong>Catas di San Giovanni al Natisone<\/strong>, riconosciuto quale primario laboratorio, a livello italiano e internazionale, di prova e ricerca applicata per il comparto, centro tecnologico nel quale <strong>la Camera di Commercio Pordenone-Udine<\/strong>, socia di riferimento, ha voluto organizzare l\u2019incontro <strong>\u201cParola d\u2019ordine: sostenibilit\u00e0<\/strong>\u201d.<\/p>\n<p> \tL\u2019approfondimento, dedicato in particolare alle imprese e alle associazioni di categoria, \u00e8 stato promosso proprio \u00abper mettere in luce \u2013 hanno evidenziato il presidente camerale <strong>Giovanni Da Pozzo<\/strong> e la presidente Catas <strong>Lucia Piu<\/strong> in apertura dei lavori \u2013 come il laboratorio friulano si stia impegnando su questo fronte, dal punto di vista della sostenibilit\u00e0 ecologica, economica e sociale\u00bb. La sua attivit\u00e0 quotidiana, infatti, consente alle imprese del settore di mettere in campo una serie di verifiche sui propri prodotti, che garantiscono sicurezza, funzionalit\u00e0 e durata ai materiali e al bene finale. Ma non solo. Come hanno spiegato il direttore generale\u00a0<strong>Franco Bulian<\/strong> e la referente marketing di Catas <strong>Serena Petaccia<\/strong>, il laboratorio \u00e8 impegnato nell\u2019offrire alle imprese che vi si rivolgono il <em>Life Cycle Assessment<\/em>, con cui Catas misura l\u2019impatto ambientale di un prodotto o servizio, secondo standard riconosciuti a livello mondiale. Come dice il nome stesso, Lca considera l&#39;intero ciclo di vita del prodotto, dal consumo di risorse e materiali, alla sua produzione, uso e fine vita ed \u00e8 una preziosa fonte di informazione in ottica di studio e miglioramento del prodotto in chiave ambientale, oltre a essere alla base di dichiarazioni ambientali di tipo III (Epd), soggette a verifica da parte di un ente certificatore e normate dall\u2019applicazione di Product Category Rules (PCR).<\/p>\n<p> \t<strong>I DATI<\/strong><\/p>\n<p> \tIl presidente Da Pozzo, a margine dell&#39;incontro, ha approfondito alcuni dati. Innanzitutto, a livello italiano, sempre citando il Rapporto GreenItaly 2022, emerge come \u00abla filiera arredo-casa si confermi decisamente attiva sul tema sostenibilit\u00e0\u00bb. Il 37,3% delle imprese del legno-arredo italiane, infatti, ha effettuato eco-investimenti nell&#39;ultimo quinquennio. Sul tema del prodotto, il 50% delle imprese intervistate per GreenItaly considera nella fase di produzione la riduzione degli imballaggi, la ricilabilit\u00e0 e l&#39;efficienza energetica, il 30% considera criteri di riparabilit\u00e0. Il 64% delle aziende ha implementato interventi di efficientamento dei processi produttivi e Il 28% delle aziende ha gi\u00e0 ottenuto certificazioni di prodotto.<\/p>\n<p> \tDati particolarmente interessanti, per un cluster che, in Fvg, conta <strong>2.797 imprese<\/strong> al 30 giugno 2022, il 19,8% del totale delle localizzazioni dell\u2019industria manifatturiera regionale, secondo le elaborazioni del Centro Studi Cciaa Pn-Ud su dati Infocamere. Il <strong>legno-arredo<\/strong>, tra silvicoltura, industria del legno e produzioni di mobili occupa <strong>19.396 addetti<\/strong>, la maggior parte dei quali (71,2%) si concentra in quest\u2019ultimo segmento. In Fvg, <strong>l&#39;export di mobili e prodotti in legno<\/strong> nel primo semestre 2022 \u00e8 stato pari a 1,4 miliardi di euro, <strong>in crescita del 30,2% rispetto all&#39;anno precedente<\/strong> (+335 milioni di euro). <strong>Rispetto al 1\u00b0 semestre del 2019 \u00e8 aumentato del 40,9%<\/strong> (+419 milioni di euro). Fatto 100 l&#39;export regionale del legno-arredo, le <strong>imprese di Pordenone-Udine ne esportano l&#39;82,9%<\/strong>. Pi\u00f9 in generale, l&#39;export del settore legno arredo costituisce il <strong>13,7% dell&#39;export totale del FVG<\/strong> nel 1\u00b0 semestre 2022.<\/p>\n<p> \t<strong>IL CATAS<\/strong><\/p>\n<p> \tIl Catas, con sedi a San Giovanni al Natisone in provincia di Udine e Lissone (Monza-Brianza), \u00e8 nato nel 1969 nel distretto allora conosciuto in tutto il mondo come la patria della sedia e dei componenti per l\u2019arredo, il Distretto della Sedia in terra friulana. L\u2019istituto \u00e8 stato fondato dalla Camera di Commercio di Udine per rispondere principalmente all\u2019esigenza delle aziende locali di svilupparsi sui nuovi mercati esteri, di adeguarsi alle norme nazionali e straniere, nonch\u00e9 di essere aggiornate su caratteristiche e prestazioni di materiali nuovi o innovativi. Nel 1994, il Catas \u00e8 diventato una srl con la missione, come specificato nello statuto, di promuovere lo sviluppo tecnologico delle imprese del settore legno-arredo. Oggi il CATAS \u00e8 una societ\u00e0 per azioni i cui soci sono la Camera di Commercio di Udine, la FederlegnoArredo Eventi, la Banca di Cividale, Confindustria Udine, la Confindustria Monza e Brianza, l\u2019Aial-Associazione italiana artigiani del legno, il Cna-Confederazione nazionale dell\u2019artigianato di Como, l\u2019Associazione piccole e medie industrie Confapi Fvg di Udine e Confartigianato Udine.<\/p>\n<p> \tDal 2021 \u00e8 attivo a Pesaro, nel cuore del distretto marchigiano del mobile, il primo Catas Point territoriale, un punto di primo contatto e informazione per le aziende interessate a test e prove su materiali, componenti o prodotti finiti d&#39;arredo e a valutare le opportunit\u00e0 offerte dai tanti servizi che CATAS rende disponibili per il settore legno-arredo.\u00a0<\/p>\n<p> \tCatas \u00e8 considerato oggi il pi\u00f9 grande istituto italiano ed europeo nel settore del legno e dell\u2019arredo. Centro di ricerca supportato da un gruppo di lavoro altamente qualificato e specializzato, che pu\u00f2 contare sulle competenze di oltre 50 dipendenti, tra i quali tecnici del legno-arredamento, laureati in chimica, fisica, biologia, ingegneria e matematica.<\/p>\n<p> \tI cinque reparti (Meccanico, Superfici, Prodotti finiti, Chimico-Biologico e Fuoco) coprono un vasto campo di prove e ricerche che vengono commissionate sia sui materiali che sui prodotti finiti. Per ogni singolo materiale e prodotto Catas pu\u00f2 comprovare l\u2019effettiva rispondenza a specifiche stabilite dal cliente, oltre che la conformit\u00e0 ai requisiti previsti da leggi o norme tramite la verifica delle prestazioni, della sicurezza e della durata dei prodotti.\u00a0 Da alcuni anni \u00e8 anche attivo un ufficio tecnico in grado di eseguire simulazioni virtuali delle prove meccaniche. Tutte le prove sono condotte in conformit\u00e0 alle norme europee (EN), internazionali (ISO) e nazionali (UNI, DIN, BS, NF, ASTM, ANSI, eccetera.). A queste si aggiungono quelle effettuate secondo capitolati specifici richiesti dal cliente.<\/p>\n<p> \tOltre all\u2019accreditamento di Accredia, il Catas gode di svariati riconoscimenti da parte di enti pubblici (ad esempio quello del Ministero dell\u2019Interno per le prove di reazione al fuoco o gli americani CARB e EPA per l\u2019emissione di formaldeide), associazioni (Bifma, che riunisce i produttori americani di mobili per ufficio) e grandi gruppi privati e catene di distribuzione specializzate nel settore dell\u2019arredo. Catas \u00e8 anche inserito nell\u2019elenco Cpsc (Consumer Products Safety Commission) per le analisi sul piombo nelle finiture per il mercato americano.<\/p>\n<p> \t\u00a0<\/p>\n","protected":false},"excerpt":{"rendered":"<p>L&#8217;esempio virtuoso del CATAS<\/p>\n","protected":false},"author":28,"featured_media":45287,"comment_status":"closed","ping_status":"closed","sticky":false,"template":"","format":"standard","meta":{"dwc-title":[],"dwc-content":[],"footnotes":""},"categories":[6],"tags":[],"class_list":["post-45286","post","type-post","status-publish","format-standard","has-post-thumbnail","hentry","category-societa"],"rttpg_featured_image_url":{"full":["https:\/\/imagazine.it\/wp-content\/uploads\/2024\/01\/50911-1.webp",1000,667,false],"landscape":["https:\/\/imagazine.it\/wp-content\/uploads\/2024\/01\/50911-1.webp",1000,667,false],"portraits":["https:\/\/imagazine.it\/wp-content\/uploads\/2024\/01\/50911-1.webp",1000,667,false],"thumbnail":["https:\/\/imagazine.it\/wp-content\/uploads\/2024\/01\/50911-1-150x150.webp",150,150,true],"medium":["https:\/\/imagazine.it\/wp-content\/uploads\/2024\/01\/50911-1-300x200.webp",300,200,true],"large":["https:\/\/imagazine.it\/wp-content\/uploads\/2024\/01\/50911-1.webp",640,427,false],"thumblist":["https:\/\/imagazine.it\/wp-content\/uploads\/2024\/01\/50911-1.webp",300,200,false],"thumbrelated":["https:\/\/imagazine.it\/wp-content\/uploads\/2024\/01\/50911-1.webp",500,334,false],"meccarouselthumb":["https:\/\/imagazine.it\/wp-content\/uploads\/2024\/01\/50911-1.webp",474,316,false],"gridsquare":["https:\/\/imagazine.it\/wp-content\/uploads\/2024\/01\/50911-1.webp",391,260,false],"tileview":["https:\/\/imagazine.it\/wp-content\/uploads\/2024\/01\/50911-1.webp",300,200,false],"1536x1536":["https:\/\/imagazine.it\/wp-content\/uploads\/2024\/01\/50911-1.webp",1000,667,false],"2048x2048":["https:\/\/imagazine.it\/wp-content\/uploads\/2024\/01\/50911-1.webp",1000,667,false],"newsup-slider-full":["https:\/\/imagazine.it\/wp-content\/uploads\/2024\/01\/50911-1.webp",1000,667,false],"newsup-featured":["https:\/\/imagazine.it\/wp-content\/uploads\/2024\/01\/50911-1.webp",1000,667,false],"newsup-medium":["https:\/\/imagazine.it\/wp-content\/uploads\/2024\/01\/50911-1-720x380.webp",720,380,true],"tptn_thumbnail":["https:\/\/imagazine.it\/wp-content\/uploads\/2024\/01\/50911-1.webp",250,167,false],"sow-carousel-default":["https:\/\/imagazine.it\/wp-content\/uploads\/2024\/01\/50911-1-272x182.webp",272,182,true]},"rttpg_author":{"display_name":"redazione","author_link":"https:\/\/imagazine.it\/home_desk\/author\/redazione\/"},"rttpg_comment":0,"rttpg_category":"<a href=\"https:\/\/imagazine.it\/home_desk\/category\/societa\/\" rel=\"category tag\">SOCIET\u00c0<\/a>","rttpg_excerpt":"L'esempio virtuoso del CATAS","_links":{"self":[{"href":"https:\/\/imagazine.it\/home_desk\/wp-json\/wp\/v2\/posts\/45286","targetHints":{"allow":["GET"]}}],"collection":[{"href":"https:\/\/imagazine.it\/home_desk\/wp-json\/wp\/v2\/posts"}],"about":[{"href":"https:\/\/imagazine.it\/home_desk\/wp-json\/wp\/v2\/types\/post"}],"author":[{"embeddable":true,"href":"https:\/\/imagazine.it\/home_desk\/wp-json\/wp\/v2\/users\/28"}],"replies":[{"embeddable":true,"href":"https:\/\/imagazine.it\/home_desk\/wp-json\/wp\/v2\/comments?post=45286"}],"version-history":[{"count":0,"href":"https:\/\/imagazine.it\/home_desk\/wp-json\/wp\/v2\/posts\/45286\/revisions"}],"wp:featuredmedia":[{"embeddable":true,"href":"https:\/\/imagazine.it\/home_desk\/wp-json\/wp\/v2\/media\/45287"}],"wp:attachment":[{"href":"https:\/\/imagazine.it\/home_desk\/wp-json\/wp\/v2\/media?parent=45286"}],"wp:term":[{"taxonomy":"category","embeddable":true,"href":"https:\/\/imagazine.it\/home_desk\/wp-json\/wp\/v2\/categories?post=45286"},{"taxonomy":"post_tag","embeddable":true,"href":"https:\/\/imagazine.it\/home_desk\/wp-json\/wp\/v2\/tags?post=45286"}],"curies":[{"name":"wp","href":"https:\/\/api.w.org\/{rel}","templated":true}]}}