{"id":45266,"date":"2022-11-17T00:00:00","date_gmt":"2022-11-16T23:00:00","guid":{"rendered":"https:\/\/imagazine.it\/?p=45266"},"modified":"2022-11-17T00:00:00","modified_gmt":"2022-11-16T23:00:00","slug":"villa-vicentina-rilancia-il-concorso-presepi","status":"publish","type":"post","link":"https:\/\/imagazine.it\/home_desk\/villa-vicentina-rilancia-il-concorso-presepi\/","title":{"rendered":"Villa Vicentina rilancia il concorso presepi"},"content":{"rendered":"<p> \tTorna il concorso \u201c<strong>Presepi a Villa Vicentina<\/strong>\u201d ideato per valorizzare la tradizione presepiale e giunto alla quindicesima edizione.<\/p>\n<p> \tLa partecipazione \u00e8 gratuita. Sono previste due sezioni: <strong>Ragazzi<\/strong> (fino ai 14 anni anche in gruppo e con l\u2019aiuto dei familiari); <strong>Adulti<\/strong> (dai 15 anni).<\/p>\n<p> \tLe opere possono essere realizzate con qualsiasi tecnica e materiale. Il piano d\u2019appoggio potr\u00e0 avere dimensioni massime di 1 metro di lunghezza e 70 centimetri di profondit\u00e0. Le <strong>iscrizioni<\/strong> e consegne del presepe dovranno avvenire <strong>dal 28 novembre al 16 dicembre<\/strong> presso la Biblioteca di Villa Vicentina, in orario d\u2019apertura o previ accordi telefonici.<\/p>\n<p> \tI presepi ammessi saranno esposti nella Chiesa parrocchiale S. Maria dal 24 dicembre 2022 al 22 gennaio 2023 (visitabili prima e dopo le funzioni religiose).<\/p>\n<p> \tLa giuria, composta da un rappresentante dell\u2019Amministrazione comunale di Fiumicello Villa Vicentina, dalla bibliotecaria e da un rappresentante della Parrocchia, valuter\u00e0 tutti i presepi iscritti, riservandosi la facolt\u00e0 di escludere le opere ritenute non idonee.<\/p>\n<p> \tGli iscritti autorizzano l\u2019organizzazione a realizzare fotografie delle opere e a esporle e divulgarle a propria discrezione, per fini non di lucro.<\/p>\n<p> \tAl primo classificato di ogni sezione sar\u00e0 assegnato un premio, consistente in materiale ludico-didattico per la sezione Ragazzi, in cesti gastronomici per la sezione Adulti. La giuria si riserva inoltre la facolt\u00e0 di segnalare ulteriori opere.<\/p>\n<p> \tA tutti i partecipanti verr\u00e0 rilasciato un attestato di partecipazione e verr\u00e0 consegnato un omaggio ricordo.<\/p>\n<p> \tLe premiazioni avranno luogo mercoled\u00ec 5 gennaio alle ore 16.30 nella Chiesa parrocchiale S. Maria e saranno seguite dalla Benedizione dei bambini (ore 17).<\/p>\n<p> \tLe opere partecipanti saranno tutte restituite e potranno essere ritirate in Biblioteca dal 23 gennaio. Per informazioni rivolgersi alla Biblioteca di Villa Vicentina (Centro Cultura in via Duca d\u2019Aosta 24 \u2013 0431 970034 \u00a0<a href=\"mailto:biblioteca.villavicentina@comune.fiumicellovillavicentina.ud.it\">biblioteca.villavicentina@comune.fiumicellovillavicentina.ud.it<\/a>, orario: luned\u00ec, marted\u00ec e gioved\u00ec 15.30-18.30; venerd\u00ec 10-13).<\/p>\n<p> \t\u00a0<\/p>\n","protected":false},"excerpt":{"rendered":"<p>Iscrizioni dal 28 novembre al 16 dicembre<\/p>\n","protected":false},"author":28,"featured_media":45267,"comment_status":"closed","ping_status":"closed","sticky":false,"template":"","format":"standard","meta":{"dwc-title":[],"dwc-content":[],"footnotes":""},"categories":[5],"tags":[],"class_list":["post-45266","post","type-post","status-publish","format-standard","has-post-thumbnail","hentry","category-attualita"],"rttpg_featured_image_url":{"full":["https:\/\/imagazine.it\/wp-content\/uploads\/2024\/01\/50889-1.webp",1000,648,false],"landscape":["https:\/\/imagazine.it\/wp-content\/uploads\/2024\/01\/50889-1.webp",1000,648,false],"portraits":["https:\/\/imagazine.it\/wp-content\/uploads\/2024\/01\/50889-1.webp",1000,648,false],"thumbnail":["https:\/\/imagazine.it\/wp-content\/uploads\/2024\/01\/50889-1-150x150.webp",150,150,true],"medium":["https:\/\/imagazine.it\/wp-content\/uploads\/2024\/01\/50889-1-300x194.webp",300,194,true],"large":["https:\/\/imagazine.it\/wp-content\/uploads\/2024\/01\/50889-1.webp",640,415,false],"thumblist":["https:\/\/imagazine.it\/wp-content\/uploads\/2024\/01\/50889-1.webp",300,194,false],"thumbrelated":["https:\/\/imagazine.it\/wp-content\/uploads\/2024\/01\/50889-1.webp",500,324,false],"meccarouselthumb":["https:\/\/imagazine.it\/wp-content\/uploads\/2024\/01\/50889-1.webp",474,307,false],"gridsquare":["https:\/\/imagazine.it\/wp-content\/uploads\/2024\/01\/50889-1.webp",391,253,false],"tileview":["https:\/\/imagazine.it\/wp-content\/uploads\/2024\/01\/50889-1.webp",300,194,false],"1536x1536":["https:\/\/imagazine.it\/wp-content\/uploads\/2024\/01\/50889-1.webp",1000,648,false],"2048x2048":["https:\/\/imagazine.it\/wp-content\/uploads\/2024\/01\/50889-1.webp",1000,648,false],"newsup-slider-full":["https:\/\/imagazine.it\/wp-content\/uploads\/2024\/01\/50889-1.webp",1000,648,false],"newsup-featured":["https:\/\/imagazine.it\/wp-content\/uploads\/2024\/01\/50889-1.webp",1000,648,false],"newsup-medium":["https:\/\/imagazine.it\/wp-content\/uploads\/2024\/01\/50889-1-720x380.webp",720,380,true],"tptn_thumbnail":["https:\/\/imagazine.it\/wp-content\/uploads\/2024\/01\/50889-1.webp",250,162,false],"sow-carousel-default":["https:\/\/imagazine.it\/wp-content\/uploads\/2024\/01\/50889-1-272x182.webp",272,182,true]},"rttpg_author":{"display_name":"redazione","author_link":"https:\/\/imagazine.it\/home_desk\/author\/redazione\/"},"rttpg_comment":0,"rttpg_category":"<a href=\"https:\/\/imagazine.it\/home_desk\/category\/attualita\/\" rel=\"category tag\">ATTUALIT\u00c0<\/a>","rttpg_excerpt":"Iscrizioni dal 28 novembre al 16 dicembre","_links":{"self":[{"href":"https:\/\/imagazine.it\/home_desk\/wp-json\/wp\/v2\/posts\/45266","targetHints":{"allow":["GET"]}}],"collection":[{"href":"https:\/\/imagazine.it\/home_desk\/wp-json\/wp\/v2\/posts"}],"about":[{"href":"https:\/\/imagazine.it\/home_desk\/wp-json\/wp\/v2\/types\/post"}],"author":[{"embeddable":true,"href":"https:\/\/imagazine.it\/home_desk\/wp-json\/wp\/v2\/users\/28"}],"replies":[{"embeddable":true,"href":"https:\/\/imagazine.it\/home_desk\/wp-json\/wp\/v2\/comments?post=45266"}],"version-history":[{"count":0,"href":"https:\/\/imagazine.it\/home_desk\/wp-json\/wp\/v2\/posts\/45266\/revisions"}],"wp:featuredmedia":[{"embeddable":true,"href":"https:\/\/imagazine.it\/home_desk\/wp-json\/wp\/v2\/media\/45267"}],"wp:attachment":[{"href":"https:\/\/imagazine.it\/home_desk\/wp-json\/wp\/v2\/media?parent=45266"}],"wp:term":[{"taxonomy":"category","embeddable":true,"href":"https:\/\/imagazine.it\/home_desk\/wp-json\/wp\/v2\/categories?post=45266"},{"taxonomy":"post_tag","embeddable":true,"href":"https:\/\/imagazine.it\/home_desk\/wp-json\/wp\/v2\/tags?post=45266"}],"curies":[{"name":"wp","href":"https:\/\/api.w.org\/{rel}","templated":true}]}}