{"id":45258,"date":"2022-11-16T00:00:00","date_gmt":"2022-11-15T23:00:00","guid":{"rendered":"https:\/\/imagazine.it\/?p=45258"},"modified":"2022-11-16T00:00:00","modified_gmt":"2022-11-15T23:00:00","slug":"la-scuola-amanuensi-del-friuli-protagonista-a-roma","status":"publish","type":"post","link":"https:\/\/imagazine.it\/home_desk\/la-scuola-amanuensi-del-friuli-protagonista-a-roma\/","title":{"rendered":"La Scuola Amanuensi del Friuli protagonista a Roma"},"content":{"rendered":"<p> \tNella\u00a0<strong>Sala Stampa Camera, a Montecitorio a Roma<\/strong>, \u00e8 stato presentato l&#39;ultimo lavoro dello\u00a0<strong>Scriptorium Foroiuliense di San Daniele del Friuli: la &#39;Operina&#39; di Ludovico degli Arrighi detto &#39;Vicentino&#39;.\u00a0<\/strong><\/p>\n<p> \tUn appuntamento alla presenza del presidente della Scuola Italiana Amanuensi, <strong>Roberto Giurano<\/strong>, del\u00a0<strong>professor Francesco Ascoli,<\/strong>\u00a0del\u00a0sindaco di San Daniele del Friuli<strong>, Pietro Valent,<\/strong>\u00a0dell&#39;assessora alle Finanze della Regione Friuli Venezia Giulia<strong>, Barbara Zilli,<\/strong>\u00a0di\u00a0<strong>Agostino Maio<\/strong>, dell&#39;onorevole\u00a0<strong>Graziano Pizzimenti <\/strong>e del senatore<strong> Marco Dreosto,<\/strong>\u00a0per celebrare il decimo anniversario della Scuola e i 500 anni del primo manuale al mondo dedicato alla calligrafia.<\/p>\n<p> \tDell&#39; opera, che \u00e8 stata alla base del lavoro di tutti i manuali calligrafici e di scrittura pubblicati successivamente e fino ai giorni nostri, lo Scriptorium ha realizzato\u00a0<strong>20 copie anastatiche<\/strong>\u00a0che vantano una\u00a0<strong>prefazione<\/strong>\u00a0scritta dal gi\u00e0 Ministro della Cultura,\u00a0<strong>Dario Franceschini<\/strong>.<\/p>\n<p> \tA corredo della Operina \u00e8 arrivato a Montecitorio anche il<strong>\u00a0kit dello scrivano,\u00a0<\/strong>che contiene un coltello dal manico lungo e dalla lama corta (il &#39;temperatoio&#39;) realizzato da uno dei mastri coltellinai di Maniago in Friuli, due penne d&#39;oca da temperare e\u00a0uno speciale inchiostro realizzato con la ricetta custodita nelle Biblioteca Guarneriana di San Daniele del Friuli, la stessa che conserva una delle copie originali della Operina.<\/p>\n<p> \t&#8220;Mancano 5 giorni esatti \u2013 ha affermato il\u00a0presidente<strong> Roberto Giurano\u00a0<\/strong>\u2013 all&#39;anniversario dalla fondazione dello Scriptorium Foroiuliense:\u00a0eravamo 7 persone che con 50 euro a testa hanno costruito un sogno. Andavamo per le sagre con il nostro banchetto, una penna d&#39;oca e invitavamo le persone ai nostri corsi gratuiti. La fortuna \u00e8 stato il nostro territorio. In Friuli assessori, consiglieri e sindaci sono raggiungibili e ricettivi. Abbiamo iniziato con 350 euro e oggi da San Daniele del Friuli stiamo arrivando lontanissimo. Siamo stati all&#39;EXPO per il nostro lavoro di ricerca e artigianato, siamo arrivati a Toronto e tantissime scuole italiane ci stanno cercando per insegnare l&#39;arte calligrafica ai ragazzi. L&#39;associazione avendo potuto studiare da vicino <em>La Operina<\/em> conservata in Guarneriana ha realizzato e pubblicato in serie limitata alcune riproduzioni in facsimile di questo manuale. Tutto \u00e8 eseguito con tecniche antiche, carta pregiata fatta a mano e legature d&#39;epoca. Dentro c&#39;\u00e8 tutto ci\u00f2 che si deve sapere sul lavoro dello scrivano. Gli &#39;eccellentissimi, gli &#39;egregi&#39; che tuttora nominiamo nelle comunicazioni istituzionali, arrivano dal manuale del Vicentino&#8221;.<\/p>\n<p> \t&#8220;<strong>Il Vicentino <\/strong>\u2013 ha spiegato in conferenza il<strong>\u00a0prof. Ascoli<\/strong>\u00a0\u2013\u00a0invent\u00f2 una scrittura elegante ed efficace<strong>,\u00a0<\/strong>dopo di lui tutti iniziarono a scrivere in\u00a0&#39;cancelleresca&#39;. Attraverso l&#39;Operina, Arrighi insegn\u00f2 a scrivere a tutta l&#39;Europa, fornendo un modulo di scrittura per tutti&#8221;.<\/p>\n<p> \t&#8220;Lo scriptorium \u2013 ha aggiunto l&#39;<strong>assessora Zilli <\/strong>\u2013 non \u00e8 solo un&#39;istituzione: \u00e8 famiglia. \u00c8 una storia di\u00a0successo che permette a ragazze e ragazzi di avvicinarsi a un&#39;arte perduta, crea possibilit\u00e0 di lavoro e aiuta a sognare in grande. Il legame dell&#39;associazione con il mondo sociale \u00e8 un ulteriore elemento di orgoglio. Roberto Giurano ha saputo cogliere tutti gli aspetti del nostro territorio, esportando il culto del bello che \u00e8 un culto senza tempo&#8221;.\u00a0<\/p>\n<p> \tAl plauso per la scuola che dal Friuli arriva in tutto il mondo si sono aggiunti i complimenti dell<strong>&#39;onorevole Graziano Pizzimenti<\/strong>\u00a0e del\u00a0<strong>senatore Marco Dreosto.<\/strong><br \/> \t&#8220;Siamo i\u00a0capofila del mandato\u00a0per far diventare patrimonio Unesco la scrittura latina \u2013 ha concluso il presidente Giurano \u2013 e proprio oggi M<strong>arc Smith, dell&#39;Ecole Nationale Des Chartes, ha detto che si unir\u00e0 a noi<\/strong>. Infine entro due anni realizzeremo la Bibbia di Gutenberg, la richiesta arriva da New York, ce ne sono 48 in tutto il mondo: la 49esima la faremo noi&#8221;.<\/p>\n<p> \t\u00a0<\/p>\n","protected":false},"excerpt":{"rendered":"<p>Presentazione a Montecitorio<\/p>\n","protected":false},"author":28,"featured_media":45259,"comment_status":"closed","ping_status":"closed","sticky":false,"template":"","format":"standard","meta":{"dwc-title":[],"dwc-content":[],"footnotes":""},"categories":[37],"tags":[],"class_list":["post-45258","post","type-post","status-publish","format-standard","has-post-thumbnail","hentry","category-cultura-e-spettacolo"],"rttpg_featured_image_url":{"full":["https:\/\/imagazine.it\/wp-content\/uploads\/2024\/01\/50874-1.webp",1000,750,false],"landscape":["https:\/\/imagazine.it\/wp-content\/uploads\/2024\/01\/50874-1.webp",1000,750,false],"portraits":["https:\/\/imagazine.it\/wp-content\/uploads\/2024\/01\/50874-1.webp",1000,750,false],"thumbnail":["https:\/\/imagazine.it\/wp-content\/uploads\/2024\/01\/50874-1-150x150.webp",150,150,true],"medium":["https:\/\/imagazine.it\/wp-content\/uploads\/2024\/01\/50874-1-300x225.webp",300,225,true],"large":["https:\/\/imagazine.it\/wp-content\/uploads\/2024\/01\/50874-1.webp",640,480,false],"thumblist":["https:\/\/imagazine.it\/wp-content\/uploads\/2024\/01\/50874-1.webp",300,225,false],"thumbrelated":["https:\/\/imagazine.it\/wp-content\/uploads\/2024\/01\/50874-1.webp",500,375,false],"meccarouselthumb":["https:\/\/imagazine.it\/wp-content\/uploads\/2024\/01\/50874-1.webp",432,324,false],"gridsquare":["https:\/\/imagazine.it\/wp-content\/uploads\/2024\/01\/50874-1.webp",347,260,false],"tileview":["https:\/\/imagazine.it\/wp-content\/uploads\/2024\/01\/50874-1.webp",300,225,false],"1536x1536":["https:\/\/imagazine.it\/wp-content\/uploads\/2024\/01\/50874-1.webp",1000,750,false],"2048x2048":["https:\/\/imagazine.it\/wp-content\/uploads\/2024\/01\/50874-1.webp",1000,750,false],"newsup-slider-full":["https:\/\/imagazine.it\/wp-content\/uploads\/2024\/01\/50874-1-1000x720.webp",1000,720,true],"newsup-featured":["https:\/\/imagazine.it\/wp-content\/uploads\/2024\/01\/50874-1.webp",1000,750,false],"newsup-medium":["https:\/\/imagazine.it\/wp-content\/uploads\/2024\/01\/50874-1-720x380.webp",720,380,true],"tptn_thumbnail":["https:\/\/imagazine.it\/wp-content\/uploads\/2024\/01\/50874-1.webp",250,188,false],"sow-carousel-default":["https:\/\/imagazine.it\/wp-content\/uploads\/2024\/01\/50874-1-272x182.webp",272,182,true]},"rttpg_author":{"display_name":"redazione","author_link":"https:\/\/imagazine.it\/home_desk\/author\/redazione\/"},"rttpg_comment":0,"rttpg_category":"<a href=\"https:\/\/imagazine.it\/home_desk\/category\/cultura-e-spettacolo\/\" rel=\"category tag\">CULTURA&amp;SPETTACOLO<\/a>","rttpg_excerpt":"Presentazione a Montecitorio","_links":{"self":[{"href":"https:\/\/imagazine.it\/home_desk\/wp-json\/wp\/v2\/posts\/45258","targetHints":{"allow":["GET"]}}],"collection":[{"href":"https:\/\/imagazine.it\/home_desk\/wp-json\/wp\/v2\/posts"}],"about":[{"href":"https:\/\/imagazine.it\/home_desk\/wp-json\/wp\/v2\/types\/post"}],"author":[{"embeddable":true,"href":"https:\/\/imagazine.it\/home_desk\/wp-json\/wp\/v2\/users\/28"}],"replies":[{"embeddable":true,"href":"https:\/\/imagazine.it\/home_desk\/wp-json\/wp\/v2\/comments?post=45258"}],"version-history":[{"count":0,"href":"https:\/\/imagazine.it\/home_desk\/wp-json\/wp\/v2\/posts\/45258\/revisions"}],"wp:featuredmedia":[{"embeddable":true,"href":"https:\/\/imagazine.it\/home_desk\/wp-json\/wp\/v2\/media\/45259"}],"wp:attachment":[{"href":"https:\/\/imagazine.it\/home_desk\/wp-json\/wp\/v2\/media?parent=45258"}],"wp:term":[{"taxonomy":"category","embeddable":true,"href":"https:\/\/imagazine.it\/home_desk\/wp-json\/wp\/v2\/categories?post=45258"},{"taxonomy":"post_tag","embeddable":true,"href":"https:\/\/imagazine.it\/home_desk\/wp-json\/wp\/v2\/tags?post=45258"}],"curies":[{"name":"wp","href":"https:\/\/api.w.org\/{rel}","templated":true}]}}