{"id":45252,"date":"2022-11-16T00:00:00","date_gmt":"2022-11-15T23:00:00","guid":{"rendered":"https:\/\/imagazine.it\/?p=45252"},"modified":"2022-11-16T00:00:00","modified_gmt":"2022-11-15T23:00:00","slug":"la-biblioteca-a-passo-dasino","status":"publish","type":"post","link":"https:\/\/imagazine.it\/home_desk\/la-biblioteca-a-passo-dasino\/","title":{"rendered":"La biblioteca a passo d&#8217;asino"},"content":{"rendered":"<p> \tIl cammino dei libri che, con l\u2019aiuto degli asini (e quest\u2019anno anche di un lama), arrivano ogni anno alle piccole comunit\u00e0, ha coinvolto tra settembre e ottobre <strong>13 comuni, 43 classi di 11 scuole da tre Istituti Comprensivi del territorio<\/strong>. <strong>Oltre 650 gli alunni delle primarie che hanno partecipato<\/strong>, <strong>tre gli incontri aperti anche alle famiglie<\/strong> e <strong>due i momenti di formazione dedicati a operatori, docenti e bibliotecari<\/strong>. <strong>Pi\u00f9 di 1000 i libri &#8211; donati da CSB Centro per la Salute del Bambino di Trieste<\/strong>, anch\u2019esso partner di LeggiAMO 0-18 &#8211; che sono rimasti alla comunit\u00e0, tra scuole e biblioteche.<\/p>\n<p> \t<strong>\u201cNessuno Escluso. Biblioteca a passo d\u2019asino\u201d<\/strong> ha origini lontane: un maestro sulle montagne della Colombia, con la sua \u201cBiblio Burro\u201d (Biblioteca Asino), <strong>portava i libri anche nei paesini pi\u00f9 piccoli e irraggiungibili<\/strong>. Da queste radici, parte anche \u201cNessuno Escluso. Biblioteca a passo d\u2019asino\u201d: \u00e8 infatti un progetto speciale, inserito nel programma regionale di promozione della lettura LeggiAMO 0-18, che ogni anno porta libri e letture nelle pi\u00f9 piccole e lontane comunit\u00e0 della regione. Dopo aver percorso, gli scorsi anni, attraverso argini, valli, colline e montagne <strong>i paesi soggiacenti a tutto l\u2019arco montuoso del territorio regionale<\/strong> (dalle Alpi e Prealpi Carniche alla stessa Carnia, fino alle valli delle Alpi Giulie), nel 2022 il percorso \u00e8 arrivato alle <strong>Comunit\u00e0 delle Prealpi Friulane Orientali. <\/strong><\/p>\n<p> \tAl centro del progetto sono i <strong>Silent Books<\/strong>, quei libri senza parole \u2013 che gli organizzatori amano definire \u201csilenziosi laboratori d\u2019accoglienza\u201d \u2013 che parlano a chi legge con figure e immagini: raccontano le storie a chi non sa leggere, a chi parla lingue diverse e lontane; creano situazioni di lettura capaci di favorire il confronto e la tolleranza.<\/p>\n<p> \tNessuno Escluso, attraverso gli albi illustrati, <strong>promuove e consolida il\u00a0ruolo dei libri e delle storie nei processi di inclusione\u00a0all\u2019interno delle scuole, sin dai primissimi anni<\/strong>; accompagna l\u2019integrazione tra le lingue e le culture presenti sul territorio <strong>coinvolgendo le famiglie<\/strong>; riserva maggiore attenzione alle <strong>piccole biblioteche delle zone periferiche (in questo caso, le comunit\u00e0 montane)<\/strong> il cui impegno per la promozione della lettura va sostenuto con speciali iniziative dedicate. Ogni anno Nessuno Escluso seleziona i titoli di miglior qualit\u00e0 e propone una <strong>bibliografia ragionata che raccoglie il meglio dei Silent Books<\/strong>.<\/p>\n<p> \tIl progetto nasce grazie alla collaborazione <strong>con la sezione italiana di IBBY<\/strong> (International Board on Books for Young People), l\u2019associazione internazionale fondata da Jella Lepman che promuove la cooperazione e la comprensione tra i popoli e difende la possibilit\u00e0 di accesso ai libri di grande qualit\u00e0 artistica e letteraria per le bambine e i bambini di tutto il mondo. C\u2019\u00e8 gi\u00e0 grande attesa per il 2024, quando <strong>sar\u00e0 proprio la nostra regione (in particolare Trieste) a ospitare la<\/strong> <strong>39\u00b0 edizione del Congresso Internazionale di IBBY<\/strong>, uno dei pi\u00f9 importanti eventi legati alla letteratura e alle illustrazioni per bambine e bambini, che torna per la prima volta in Italia dopo il 1958.<\/p>\n<p> \t<strong>I comuni e le Biblioteche<\/strong><\/p>\n<p> \tLe <strong>Amministrazioni comunali<\/strong> coinvolte nel cammino di Nessuno Escluso 2022 sono state <strong>Arba, Castelnovo del Friuli, Cavasso Nuovo, Clauzetto, Fanna, Meduno, Montereale Valcellina, Pinzano al Tagliamento, Sequals-Lestans, Travesio, Vajont, Vito d\u2019Asio e Vivaro<\/strong> e, con loro, le <strong>tante biblioteche di comunit\u00e0<\/strong> che hanno messo a disposizione luoghi, materiali e servizi.<\/p>\n<p> \t<strong>I libri<\/strong><\/p>\n<p> \tQuest\u2019anno, grazie alla <strong>disponibilit\u00e0 di CSB \u2013 Centro per la Salute del Bambino di Trieste<\/strong>, partner di LeggiAMO 0-18, sono stati donati 686 libri alle 14 biblioteche delle diverse comunit\u00e0 e 385 libri per le 11 scuole primarie che hanno aderito al progetto, per <strong>un totale di 1071 libri<\/strong>.<\/p>\n<p> \t<strong>Il cammino di asinelle e lama verso le scuole<\/strong><\/p>\n<p> \tDal 27 settembre al 20 ottobre, in <strong>11 scuole primarie dei territori della Comunit\u00e0 di Montagna delle Prealpi Friulane<\/strong>, sono arrivate diverse asinelle e una dolcissima esemplare di lama femmina, con il dorso pieno di libri, e a passo lento si sono fermate a scuola per incontrare le classi. La Biblioteca Asino porta con s\u00e9 tanti libri illustrati di grande qualit\u00e0, ricchi di emozioni, interrogativi, dilemmi, esperienze e linguaggi artistici capaci di far crescere racconti e conoscenza del mondo in ogni luogo e in ogni lingua \u2026 Nessuno Escluso!<br \/> \tLe tappe dei libri a dorso d\u2019asino sono passate per le <strong>scuole primarie di: Montereale Valcellina<\/strong> (30 settembre), il 3 ottobre per quelle di <strong>Vajont<\/strong>, il 4 ottobre per <strong>Pinzano e Anduins Vito d\u2019Asio<\/strong>, il 7 ottobre per <strong>Sequals<\/strong>, l\u201911 ottobre per <strong>Vivaro<\/strong>, il 12 ottobre per <strong>Travesio<\/strong>, il 13 ottobre per <strong>Cavasso Nuovo<\/strong>, il 14 ottobre per <strong>Fanna<\/strong>, il 20 ottobre per <strong>Meduno<\/strong>. <strong>Gli Istituti Comprensivi<\/strong> coinvolti sono stati quello delle <strong>Valli del Meduna, Cosa, Arzino<\/strong>, quello di <strong>Montereale Valcellina<\/strong> e il <strong>\u201cMargherita Hack\u201d di Maniago<\/strong>: <strong>43 le classi<\/strong> coinvolte nel progetto per un totale di <strong>650 giovani lettori<\/strong>.<\/p>\n<p> \t<strong>L\u2019invito alle famiglie delle comunit\u00e0<\/strong><\/p>\n<p> \tIl programma di Nessuno Escluso ha coinvolto anche\u00a0le\u00a0famiglie\u00a0dei bambini che hanno partecipato al progetto e <strong>tre appuntamenti <\/strong>(a cura di Damatr\u00e0 in collaborazione con le guide naturalistiche\u00a0Anna Lazzati e Lisetta Totis), <strong>in\u00a0tempo\u00a0extra\u00a0scolastico hanno coinvolto il territorio<\/strong>, perch\u00e9 anche il paesaggio, le foreste, le montagne sono dei grandi libri senza parole da leggere insieme. A passo lento, le camminate hanno coinvolto molte famiglie, che hanno sperimentato \u2013 grandi e piccoli insieme \u2013 la lettura anche in mezzo al bosco!<br \/> \tA Pinzano al tagliamento (9 ottobre) la camminata di circa 4 km tra strada, sentieri e piste forestali si \u00e8 snodata <strong>\u201cSulle tracce di San Cristoforo\u201d<\/strong> \u2013 il santo protettore dei pellegrini; il 16 ottobre, intorno a Montereale Valcellina, un percorso di circa 3 km su strada e pista forestale, si \u00e8 svolto <strong>\u201cAlla ricerca dell\u2019acqua\u201d<\/strong> e il 23 ottobre a Lestans l\u2019itinerario ha ripercorso <strong>\u201cL\u2019Anello di San Zenone\u201d<\/strong>.<\/p>\n<p> \t<strong>La formazione<\/strong><\/p>\n<p> \tPrima dell\u2019arrivo della Biblioteca Asino, non sono mancate le <strong>proposte di formazione per gli insegnanti e i bibliotecari<\/strong>, cos\u00ec da poter accogliere al meglio l\u2019esperienza della lettura condivisa. Per gli insegnanti delle scuole dell\u2019infanzia e i bibliotecari, il 15 settembre a Lestans, <strong>Piero Gugliemino ha parlato di \u201cIncanto senza parole\u201d, un seminario sui Silent Books<\/strong>. Come leggerli? Quali sono le loro potenzialit\u00e0 nascoste? Quante infinite e incantevoli possibilit\u00e0 ha la narrazione con le figure? Questo ha raccontato l\u2019ospite, studioso di letteratura giovanile, formatore ed esperto di editoria per ragazzi.<\/p>\n<p> \tPer gli insegnanti della scuola primaria e di nuovo per i bibliotecari, sabato 24 settembre a Montereale Valcellina si \u00e8 parlato di <strong>\u201cCome leggere i Silent Books\u201d con le operatrici e gli operatori di Damatr\u00e0 e con Deborah Soria<\/strong>: esperta di promozione della lettura e di letteratura per ragazzi, attivista della lettura per IBBY e del progetto Silent Books Final Destination Lampedusa. I relatori hanno raccontato di una piccola storia dell\u2019evoluzione del libro per l\u2019infanzia per arrivare alla scoperta degli albi illustrati senza parole. Hanno suggerito una selezione\u00a0d&#39;eccellenza della pi\u00f9 recente produzione editoriale di Silent Books italiana ed estera.<\/p>\n<p> \t<strong>Gli amici di Nessuno Escluso<\/strong><\/p>\n<p> \tI percorsi a passo d\u2019asino, le escursioni, la conoscenza del territorio sono stati possibili grazie alla collaborazione di tutti i Comuni, le Biblioteche e le Scuole coinvolte nel progetto, grazie alla Comunit\u00e0 di Montagna delle Prealpi Friulane Orientali e a Lis Aganis Ecomuseo Regionale; e grazie alla collaborazione <strong>delle guide naturalistiche e delle fattorie didattiche del luogo<\/strong>. In particolare ad <strong>Anna Lazzati<\/strong>, guida ambientale escursionistica di <u><a data-saferedirecturl=\"https:\/\/www.google.com\/url?q=http:\/\/www.guidanaturalistica.it&#038;source=gmail&#038;ust=1668673464677000&#038;usg=AOvVaw2ix2o8JFt9mj5MMlbkFFiV\" href=\"http:\/\/www.guidanaturalistica.it\" target=\"_blank\" rel=\"noopener\"><span style=\"color:#0000cd;\">www.guidanaturalistica.it <\/span><\/a><\/u>, a Ersilio Stocco della <strong>Fattoria Vasulmus<\/strong>, a Edoardo Braida della <strong>Fattoria Zalpa<\/strong> e Fabio Calligaro della <strong>Fattoria Kuke<\/strong>. E nulla sarebbe stato possibile senza la <strong>speciale partecipazione della asine Rose, Pelina Iaia, Haidi, Nerina e della giovane lama Tiffany<\/strong>.<\/p>\n","protected":false},"excerpt":{"rendered":"<p>Guarda il video<\/p>\n","protected":false},"author":28,"featured_media":45253,"comment_status":"closed","ping_status":"closed","sticky":false,"template":"","format":"standard","meta":{"dwc-title":[],"dwc-content":[],"footnotes":""},"categories":[37],"tags":[],"class_list":["post-45252","post","type-post","status-publish","format-standard","has-post-thumbnail","hentry","category-cultura-e-spettacolo"],"rttpg_featured_image_url":{"full":["https:\/\/imagazine.it\/wp-content\/uploads\/2024\/01\/50865-1.webp",1000,751,false],"landscape":["https:\/\/imagazine.it\/wp-content\/uploads\/2024\/01\/50865-1.webp",1000,751,false],"portraits":["https:\/\/imagazine.it\/wp-content\/uploads\/2024\/01\/50865-1.webp",1000,751,false],"thumbnail":["https:\/\/imagazine.it\/wp-content\/uploads\/2024\/01\/50865-1-150x150.webp",150,150,true],"medium":["https:\/\/imagazine.it\/wp-content\/uploads\/2024\/01\/50865-1-300x225.webp",300,225,true],"large":["https:\/\/imagazine.it\/wp-content\/uploads\/2024\/01\/50865-1.webp",640,481,false],"thumblist":["https:\/\/imagazine.it\/wp-content\/uploads\/2024\/01\/50865-1.webp",300,225,false],"thumbrelated":["https:\/\/imagazine.it\/wp-content\/uploads\/2024\/01\/50865-1.webp",500,376,false],"meccarouselthumb":["https:\/\/imagazine.it\/wp-content\/uploads\/2024\/01\/50865-1.webp",431,324,false],"gridsquare":["https:\/\/imagazine.it\/wp-content\/uploads\/2024\/01\/50865-1.webp",346,260,false],"tileview":["https:\/\/imagazine.it\/wp-content\/uploads\/2024\/01\/50865-1.webp",300,225,false],"1536x1536":["https:\/\/imagazine.it\/wp-content\/uploads\/2024\/01\/50865-1.webp",1000,751,false],"2048x2048":["https:\/\/imagazine.it\/wp-content\/uploads\/2024\/01\/50865-1.webp",1000,751,false],"newsup-slider-full":["https:\/\/imagazine.it\/wp-content\/uploads\/2024\/01\/50865-1-1000x720.webp",1000,720,true],"newsup-featured":["https:\/\/imagazine.it\/wp-content\/uploads\/2024\/01\/50865-1.webp",1000,751,false],"newsup-medium":["https:\/\/imagazine.it\/wp-content\/uploads\/2024\/01\/50865-1-720x380.webp",720,380,true],"tptn_thumbnail":["https:\/\/imagazine.it\/wp-content\/uploads\/2024\/01\/50865-1.webp",250,188,false],"sow-carousel-default":["https:\/\/imagazine.it\/wp-content\/uploads\/2024\/01\/50865-1-272x182.webp",272,182,true]},"rttpg_author":{"display_name":"redazione","author_link":"https:\/\/imagazine.it\/home_desk\/author\/redazione\/"},"rttpg_comment":0,"rttpg_category":"<a href=\"https:\/\/imagazine.it\/home_desk\/category\/cultura-e-spettacolo\/\" rel=\"category tag\">CULTURA&amp;SPETTACOLO<\/a>","rttpg_excerpt":"Guarda il video","_links":{"self":[{"href":"https:\/\/imagazine.it\/home_desk\/wp-json\/wp\/v2\/posts\/45252","targetHints":{"allow":["GET"]}}],"collection":[{"href":"https:\/\/imagazine.it\/home_desk\/wp-json\/wp\/v2\/posts"}],"about":[{"href":"https:\/\/imagazine.it\/home_desk\/wp-json\/wp\/v2\/types\/post"}],"author":[{"embeddable":true,"href":"https:\/\/imagazine.it\/home_desk\/wp-json\/wp\/v2\/users\/28"}],"replies":[{"embeddable":true,"href":"https:\/\/imagazine.it\/home_desk\/wp-json\/wp\/v2\/comments?post=45252"}],"version-history":[{"count":0,"href":"https:\/\/imagazine.it\/home_desk\/wp-json\/wp\/v2\/posts\/45252\/revisions"}],"wp:featuredmedia":[{"embeddable":true,"href":"https:\/\/imagazine.it\/home_desk\/wp-json\/wp\/v2\/media\/45253"}],"wp:attachment":[{"href":"https:\/\/imagazine.it\/home_desk\/wp-json\/wp\/v2\/media?parent=45252"}],"wp:term":[{"taxonomy":"category","embeddable":true,"href":"https:\/\/imagazine.it\/home_desk\/wp-json\/wp\/v2\/categories?post=45252"},{"taxonomy":"post_tag","embeddable":true,"href":"https:\/\/imagazine.it\/home_desk\/wp-json\/wp\/v2\/tags?post=45252"}],"curies":[{"name":"wp","href":"https:\/\/api.w.org\/{rel}","templated":true}]}}