{"id":45238,"date":"2022-11-15T00:00:00","date_gmt":"2022-11-14T23:00:00","guid":{"rendered":"https:\/\/imagazine.it\/?p=45238"},"modified":"2022-11-15T00:00:00","modified_gmt":"2022-11-14T23:00:00","slug":"nuove-opportunita-transatlantiche-per-il-fvg","status":"publish","type":"post","link":"https:\/\/imagazine.it\/home_desk\/nuove-opportunita-transatlantiche-per-il-fvg\/","title":{"rendered":"Nuove opportunit\u00e0 transatlantiche per il FVG"},"content":{"rendered":"<p> \tIl <strong>MIB di Trieste<\/strong> ha ospitato oggi l\u2019evento <strong>\u201cIl Friuli-Venezia Giulia e le opportunit\u00e0 transatlantiche\u201d<\/strong>, un\u2019occasione di confronto tra il tessuto economico locale e le imprese americane che gi\u00e0 operano sul territorio.<\/p>\n<p> \tIl panel, organizzato da <strong>American Chamber of Commerce in Italy, con il supporto di Cerere, Friulia, Kroll e MIB Trieste School of Management<\/strong>, ha visto la partecipazione di alcune tra le principali aziende italiane e americane attive sull\u2019asse transatlantico, ed \u00e8 stata l\u2019occasione per incontrare le istituzioni locali e approfondire le possibilit\u00e0 di investimento per le imprese della Regione negli Stati Uniti.<\/p>\n<p> \tTra gli speaker intervenuti, oltre agli organizzatori dell\u2019evento, anche l\u2019assessore alle Finanze della Regione Friuli Venezia Giulia<strong> Barbara Zilli,<\/strong> <strong>Andrea Di Paolo, <\/strong>responsabile Affari Legali e Regolatori per l\u2019Area Sud Europa di BAT &#038; vicepresidente BAT Trieste, <strong>Luigino Pozzo<\/strong>, presidente PMP Industries,<strong> Edoardo Cesari, <\/strong>amministratore delegato di Iotty e <strong>Mirco Maschio<\/strong>, presidente di Maschio Gaspardo.<\/p>\n<p> \tNell\u2019ambito dell\u2019incontro \u00e8 stato siglato <strong>il protocollo d\u2019Intesa tra l\u2019American Chamber of Commerce in Italy e Friulia<\/strong>, che va nella direzione di un sempre pi\u00f9 coerente sviluppo delle relazioni economiche e culturali fra gli Stati Uniti e l\u2019Italia, con un focus privilegiato sulla regione <strong>Friuli Venezia Giulia<\/strong>.<\/p>\n<p> \tGrazie al network dei suoi <em>Local Chapters<\/em> presenti nelle maggiori citt\u00e0 italiane e nei principali stati americani, <strong>AmCham Italy<\/strong> <em>\u2013<\/em> che ha fra i propri obiettivi lo sviluppo delle relazioni economiche e culturali fra gli Stati Uniti e l\u2019Italia <em>\u2013<\/em> \u00e8 in grado di garantire un filo diretto con le aree di maggiore interesse per la business community italo-americana e di assicurare un costante aggiornamento sulle politiche locali e sulle opportunit\u00e0 di investimento, fondamentali per le aziende che mirano ad internazionalizzare il proprio business al di l\u00e0 dell\u2019Atlantico.<\/p>\n<p> \t<em>\u201cUn incontro di primissimo livello per AmCham Italy \u2013 <\/em>il commento di <strong>Simone Crolla, consigliere delegato della Camera di Commercio Americana in Italia <\/strong><em>\u2013 per la cui realizzazione ringrazio tutte le realt\u00e0 che ci hanno supportato e in particolare il MIB che ci ospita, per fare il punto sulla situazione dei rapporti tra Italia e Stati Uniti, per raccontare un territorio inesplorato come il Friuli Venezia Giulia come meta privilegiata di investimenti americani, e supportare le eccellenze della regione ad approcciarsi al mercato americano. Il Friuli-Venezia Giulia, cos\u00ec come la maggior parte delle Regioni italiane, \u00e8 un tesoro ricco di realt\u00e0 ancora capaci di guardare con coraggio oltre confine, e sufficientemente forti da internazionalizzarsi in quella terra che ha accolto i nostri avi, in un momento in cui il sogno americano rappresentava l\u2019unica possibilit\u00e0 di immaginare e costruire con fiducia il futuro. Se \u00e8 vero che l\u2019Italia \u00e8 un bacino inesauribile di business pronti a salpare per gli USA, \u00e8 altrettanto vero che oltreoceano sono sempre di pi\u00f9 le imprese desiderose di stabilirsi nel Bel Paese. Oggi rafforziamo la nostra presenza in tutto il Paese e in particolare a Trieste con l&#39;ufficializzazione di Antonio Moniaci come nostro Rappresentante Locale nella citt\u00e0, punto di riferimento per tutti gli attori del territorio intenzionati o interessati alla nostra realt\u00e0\u201d.<\/em><\/p>\n<p> \t<em>\u201c<\/em><em>\u00c8 per me particolarmente significativo \u2013 <\/em>le parole di <strong>Robert S. Needham, Console Generale degli Stati Uniti a Milano <\/strong><em>\u2013<\/em> <em>prendere parte insieme alla Camera di Commercio Americana in Italia e ai business leader di Trieste e del Friuli Venezia Giulia a questo incontro di alto livello, che ha per tema le straordinarie opportunit\u00e0 economiche che si possono sviluppare tra questa regione e gli Stati Uniti. Da molti anni, il Consolato Generale degli Stati Uniti a Milano, con l\u2019Ufficio Commerciale degli Stati Uniti, opera insieme ad AmCham Italy per promuovere relazioni economiche produttive tra i nostri due paesi. I rapporti commerciali tra gli Stati Uniti e il Friuli-Venezia Giulia sono di lunga durata e sono cresciuti in importanza dalla fine della Seconda Guerra Mondiale. La regione vanta un settore imprenditoriale dinamico, istituzioni scientifiche e centri di ricerca innovativi, eccellenti universit\u00e0, innovazione nel settore commerciale, e lo strategico porto di Trieste: tutto ci\u00f2 fa s\u00ec che le prospettive per un ulteriore crescita degli scambi e degli investimenti tra i nostri due paesi siano straordinarie. Il Consolato Generale degli Stati Uniti a Milano lavora alacremente con i propri partner in questa <\/em><em>regione e in tutto il nord Italia per dare ai nostri due popoli maggiore sicurezza economica e prosperit\u00e0, fondate su valori democratici condivisi\u201d.<\/em><\/p>\n<p> \tPrima dell\u2019inizio dei lavori il Console Generale ha inoltre voluto dedicare agli studenti del MIB, rappresentanti di 30 paesi del mondo e di tutti e 5 i continenti, uno speech nel Grande Salone \u201cGenerali\u201d, focalizzato su diversit\u00e0, adattabilit\u00e0 e fiducia. Il Console Generale Needham ha condiviso con agli\u00a0studenti del MIB una riflessione sulle strategie che imprese e policy maker possono adottare per affrontare le sfide complesse del 21esimo secolo. Nel rispondere alle domande degli studenti, il Console Generale ha inoltre sottolineato l\u2019importanza di affidarsi alle missioni diplomatiche commerciali per avere informazioni su internazionalizzazione e iniziative di espansione del business.<\/p>\n<p> \t<em>\u201cDavanti a tutte queste PMI \u2013 <\/em>ha affermato <strong>Antonio Moniaci, rappresentante locale AmCham Italy per la citt\u00e0 di Trieste, nonch\u00e9 Chief Financial &#038; Operating Officer di Cerere<\/strong><em> \u2013 che rappresentano l\u2019ossatura del modello italiano, grazie alla firma della convenzione che si formalizzer\u00e0 tra Friulia e AmCham, si concretizza una partnership di valore tra chi sa prendere per mano le aziende e svilupparne il potenziale, Friulia; e tra chi presidia le dinamiche del business Networking e spiana quotidianamente autostrade di opportunit\u00e0 a chi vuole intraprendere un percorso transatlantico da e per gli USA, ovvero l&#39;AMCHAM. Il tutto in un contesto di eccellenza della formazione quale \u00e8 il MIB. Direi che quando players di questo rilievo scendono in campo con tutto questo entusiasmo, si creano delle premesse straordinarie per fare un ottimo lavoro\u201d <\/em><\/p>\n<p> \t<em>\u201cPorto innanzitutto il saluto del presidente Massimiliano Fedriga e dell&#39;amministrazione regionale \u2013 <\/em>le parole di <strong>Barbara Zilli, assessore alle Finanze della Regione Friuli Venezia Giulia<\/strong> &#8211;<em> Quello di oggi \u00e8 un evento strategico di grande importanza per il territorio. Siamo convinti della necessit\u00e0 di rafforzare i rapporti tra gli Stati Uniti e nostro territorio perch\u00e9 sappiamo che questa regione \u00e8 molto interessante dal punto di vista economico e finanziario. La laboriosit\u00e0 e l&#39;umilt\u00e0 che da sempre caratterizzano le nostre aziende, che da qui sono andate in tutto il mondo, ci permettono di fotografare oggi una situazione positiva in termini di export e occupazione, Si tratta di aziende resilienti e solide, capaci di cogliere nelle difficolt\u00e0 molte opportunit\u00e0 di crescita. Come amministrazione regionale seguiamo e sosteniamo questa imprenditorialit\u00e0 con operazioni virtuose, grazie a un bilancio regionale molto solido. Sono state fatte scelte coraggiose che stanno dando i loro frutti: defiscalizzazione, semplificazione imposte, vantaggi per il reinserimento nel mercato del lavoro, tutto risultato di un&#39;autonomia finanziaria e tributaria che questa regione ha e che ci rende decisamente attrattivi.\u00a0 Per continuare il trend di crescita e scongiurare i rischi di recessione, che esistono, continuiamo garantendo formazione, innovazione e ricerca per le aziende, con fondi regionali, fondi strutturali europei e con le opportunit\u00e0 date dal React EU (PNRR). Il Friuli Venezia Giulia \u00e8 un laboratorio per chi qui vuole investire o continuare collaborazioni virtuose nel solco della semplificazione e dell&#39;alta competenza.<\/em><\/p>\n<p> \t<em>\u201cSono diversi anni che siamo in contatto con il Consolato Generale e con AmCham \u2013 <\/em>il commento di <strong>Andrea Tracogna Dean di MIB Trieste School of Management<\/strong><em> \u2013 e oggi abbiamo finalmente avuto l&#39;occasione di organizzare insieme qualcosa di davvero grande: le opportunit\u00e0 di sviluppo sono moltissime, sia in termini di crescita che potremo dare ai nostri Alumni sia in termini di sviluppo del nostro appeal sul mercato statunitense.<\/em><\/p>\n<p> \t<em>L\u2019accreditamento AMBA che ci \u00e8 stato riconosciuto solo pochi mesi fa \u00e8 stato un riconoscimento anche della nostra capacit\u00e0 di fare rete con le aziende del territorio e vedere i relatori che hanno parlato qui oggi ne \u00e8 un esempio concreto. Dal punto di vista della scuola, sono oltre 50 gli studenti con cittadinanza statunitense che hanno avuto la possibilit\u00e0 di formarsi al MIB e viceversa diversi professionisti italiani hanno trovato negli USA la loro sede di lavoro o studio dopo essersi formati nelle nostre aule. Sono numeri che restituiscono la fotografia di un legame gi\u00e0 esistente che ha la potenzialit\u00e0 per espandersi in maniera significativa, offrendo sia nuove opportunit\u00e0 per chi vuole intraprendere una carriera oltre oceano sia proponendo il know-how specifico del MIB come integrazione a studenti e professionisti formatisi negli Stati Uniti. Voglio ringraziare sentitamente AmCham, il Console e tutta la delegazione per questo incontro, che speriamo sia il primo di una lunga serie\u201d.<\/em><\/p>\n<p> \t<strong>La presidente di Friulia Federica Seganti<\/strong> ha dichiarato: \u201c<em>Il protocollo firmato oggi consentir\u00e0 alle imprese regionali di avere una corsia d\u2019accesso diretto con il mercato statunitense in un momento di instabilit\u00e0 politica ed economica a livello internazionale. La nostra esperienza del territorio unita al network offerto da AmCham Italy, garantiranno cos\u00ec alle imprese quella conoscenza necessaria per espandersi su nuovi mercati anche grazie al supporto partner solidi in un territorio dalle grandi opportunit\u00e0 come quello degli Stati Uniti\u201d.<\/em><\/p>\n<p> \t<em>\u201cCome testimoniato dai numerosi esempi illustrati durante questo incontro, l\u2019Italia e, nel caso specifico, il Friuli Venezia Giulia costituiscono un forte polo di attrazione per le imprese statunitensi, grazie al vasto patrimonio in termini di know how e di altri asset intangibili, come marchi e brevetti, posseduto dalle realt\u00e0 locali, in grado di fornire un alto valore aggiunto ai prodotti. Allo stesso tempo, attraverso gli investimenti esteri, le aziende italiane possono accedere a strumenti e risorse, utili per iniziare o accelerare il loro processo di internazionalizzazione\u201d,\u00a0<\/em>ha commentato\u00a0<strong>Enrico Rovere, Managing Director Valuation Advisory Services di Kroll in Italia<\/strong><em>. \u201cSoprattutto in questo periodo di incertezza della situazione economica globale, Kroll \u00e8 al fianco del tessuto imprenditoriale italiano per aiutarlo a valorizzare in modo corretto i propri asset aziendali e continuare ad essere attraente agli occhi degli investitori e competitivo sui mercati\u201d.<\/em><\/p>\n<p> \t\u00a0<\/p>\n","protected":false},"excerpt":{"rendered":"<p>Panel al Mib di Trieste<\/p>\n","protected":false},"author":28,"featured_media":45239,"comment_status":"closed","ping_status":"closed","sticky":false,"template":"","format":"standard","meta":{"dwc-title":[],"dwc-content":[],"footnotes":""},"categories":[5],"tags":[],"class_list":["post-45238","post","type-post","status-publish","format-standard","has-post-thumbnail","hentry","category-attualita"],"rttpg_featured_image_url":{"full":["https:\/\/imagazine.it\/wp-content\/uploads\/2024\/01\/50851-1.webp",1000,667,false],"landscape":["https:\/\/imagazine.it\/wp-content\/uploads\/2024\/01\/50851-1.webp",1000,667,false],"portraits":["https:\/\/imagazine.it\/wp-content\/uploads\/2024\/01\/50851-1.webp",1000,667,false],"thumbnail":["https:\/\/imagazine.it\/wp-content\/uploads\/2024\/01\/50851-1-150x150.webp",150,150,true],"medium":["https:\/\/imagazine.it\/wp-content\/uploads\/2024\/01\/50851-1-300x200.webp",300,200,true],"large":["https:\/\/imagazine.it\/wp-content\/uploads\/2024\/01\/50851-1.webp",640,427,false],"thumblist":["https:\/\/imagazine.it\/wp-content\/uploads\/2024\/01\/50851-1.webp",300,200,false],"thumbrelated":["https:\/\/imagazine.it\/wp-content\/uploads\/2024\/01\/50851-1.webp",500,334,false],"meccarouselthumb":["https:\/\/imagazine.it\/wp-content\/uploads\/2024\/01\/50851-1.webp",474,316,false],"gridsquare":["https:\/\/imagazine.it\/wp-content\/uploads\/2024\/01\/50851-1.webp",391,260,false],"tileview":["https:\/\/imagazine.it\/wp-content\/uploads\/2024\/01\/50851-1.webp",300,200,false],"1536x1536":["https:\/\/imagazine.it\/wp-content\/uploads\/2024\/01\/50851-1.webp",1000,667,false],"2048x2048":["https:\/\/imagazine.it\/wp-content\/uploads\/2024\/01\/50851-1.webp",1000,667,false],"newsup-slider-full":["https:\/\/imagazine.it\/wp-content\/uploads\/2024\/01\/50851-1.webp",1000,667,false],"newsup-featured":["https:\/\/imagazine.it\/wp-content\/uploads\/2024\/01\/50851-1.webp",1000,667,false],"newsup-medium":["https:\/\/imagazine.it\/wp-content\/uploads\/2024\/01\/50851-1-720x380.webp",720,380,true],"tptn_thumbnail":["https:\/\/imagazine.it\/wp-content\/uploads\/2024\/01\/50851-1.webp",250,167,false],"sow-carousel-default":["https:\/\/imagazine.it\/wp-content\/uploads\/2024\/01\/50851-1-272x182.webp",272,182,true]},"rttpg_author":{"display_name":"redazione","author_link":"https:\/\/imagazine.it\/home_desk\/author\/redazione\/"},"rttpg_comment":0,"rttpg_category":"<a href=\"https:\/\/imagazine.it\/home_desk\/category\/attualita\/\" rel=\"category tag\">ATTUALIT\u00c0<\/a>","rttpg_excerpt":"Panel al Mib di Trieste","_links":{"self":[{"href":"https:\/\/imagazine.it\/home_desk\/wp-json\/wp\/v2\/posts\/45238","targetHints":{"allow":["GET"]}}],"collection":[{"href":"https:\/\/imagazine.it\/home_desk\/wp-json\/wp\/v2\/posts"}],"about":[{"href":"https:\/\/imagazine.it\/home_desk\/wp-json\/wp\/v2\/types\/post"}],"author":[{"embeddable":true,"href":"https:\/\/imagazine.it\/home_desk\/wp-json\/wp\/v2\/users\/28"}],"replies":[{"embeddable":true,"href":"https:\/\/imagazine.it\/home_desk\/wp-json\/wp\/v2\/comments?post=45238"}],"version-history":[{"count":0,"href":"https:\/\/imagazine.it\/home_desk\/wp-json\/wp\/v2\/posts\/45238\/revisions"}],"wp:featuredmedia":[{"embeddable":true,"href":"https:\/\/imagazine.it\/home_desk\/wp-json\/wp\/v2\/media\/45239"}],"wp:attachment":[{"href":"https:\/\/imagazine.it\/home_desk\/wp-json\/wp\/v2\/media?parent=45238"}],"wp:term":[{"taxonomy":"category","embeddable":true,"href":"https:\/\/imagazine.it\/home_desk\/wp-json\/wp\/v2\/categories?post=45238"},{"taxonomy":"post_tag","embeddable":true,"href":"https:\/\/imagazine.it\/home_desk\/wp-json\/wp\/v2\/tags?post=45238"}],"curies":[{"name":"wp","href":"https:\/\/api.w.org\/{rel}","templated":true}]}}