{"id":45234,"date":"2022-11-15T00:00:00","date_gmt":"2022-11-14T23:00:00","guid":{"rendered":"https:\/\/imagazine.it\/?p=45234"},"modified":"2022-11-15T00:00:00","modified_gmt":"2022-11-14T23:00:00","slug":"le-dolomiti-friulane-svelate-in-un-festival","status":"publish","type":"post","link":"https:\/\/imagazine.it\/home_desk\/le-dolomiti-friulane-svelate-in-un-festival\/","title":{"rendered":"Le Dolomiti Friulane svelate in un festival"},"content":{"rendered":"<p> \tLa Magnifica Comunit\u00e0 di Montagna Dolomiti Friulane Cavallo e Cansiglio ha presentato oggi a <strong>Pordenone<\/strong> <strong>\u201c<em>Assaggi Passaggi Messaggi di un territorio<\/em>\u201d<\/strong>, il festival che vuole promuovere e far conoscere le unicit\u00e0 dei Comuni delle Dolomiti Friulane con una programmazione di eventi che arriva fino a giugno 2023.<\/p>\n<p> \tNata 1. luglio 2021 dallo scioglimento delle Unioni Territoriali Intercomunali (UTI), la Magnifica Comunit\u00e0 <strong>comprende<\/strong> <strong>dodici Comuni<\/strong> (Andreis, Aviano, Barcis, Budoia, Caneva, Cimolais, Claut, Erto e Casso, Frisanco, Polcenigo, Tramonti di Sopra, Tramonti di Sotto), per un totale di 962,95 km<sup>2<\/sup> e 24.030 abitanti.<\/p>\n<p> \t\u201c<em>Il mio ringraziamento \u2013 <\/em>ha affermato <strong>Stefano Zannier<\/strong>, assessore regionale alle risorse agroalimentari, forestali, ittiche e montagna<em> \u2013 va in primis a Montagna Leader, che ha saputo intercettare le reali esigenze dei territori e renderle attuali trovando gli strumenti pi\u00f9 adatti. Va poi a tutti coloro che aderiscono al progetto: hanno capito che per fare promozione del territorio in modo innovativo bisogna mettere insieme iniziative e realt\u00e0 produttive in forma aggregata in modo da avere visione unitaria e corale che poi si declina nelle singole attivit\u00e0. Per essere attrattivi non bastano qualit\u00e0 naturalistiche, ci vuole capacit\u00e0 di gestione per essere accoglienti e non respingenti: le nostre aziende agroalimentari non sono solo soggetti produttori, ma anche elementi che caratterizzano territorio e lo rendono interessante per essere visitato e fruito dai turisti\u201d.<\/em><\/p>\n<p> \t<strong>Il Festival \u201cAssaggi Passaggi Messaggi\u201d<\/strong><\/p>\n<p> \tIl Festival sar\u00e0 un contenitore di eventi nati intorno a tre parole chiave: <strong>sostenibilit\u00e0<\/strong>, intesa come ambiente, turismo slow, prodotti agroalimentari ed energie pulite; <strong>giovani<\/strong>, anima di sviluppo e futuro per questi luoghi; <strong>comunit\u00e0<\/strong>, ovvero il valore del lavoro di squadra tra enti, associazioni, scuole, privati, cooperative di comunit\u00e0.<\/p>\n<p> \t<em>\u201cQuello della Magnifica <\/em>\u2013 spiega il Presidente della Comunit\u00e0 <strong>Dino Salatin<\/strong>, sindaco di Caneva \u2013 <em>\u00e8 un territorio vasto, ricco e complesso: possiede esigenze specifiche e diversificate, ma, allo stesso tempo, riconosce il bisogno di costruire un\u2019identit\u00e0 e una visione condivise per la tutela del territorio e lo sviluppo sociale, economico e culturale, con un occhio al futuro e alle prossime generazioni. Collaborare per noi \u00e8 allo stesso tempo una sfida ed una necessit\u00e0. Il tema scelto per il festival \u00e8 emblematico e vuole rappresentare proprio l\u2019ideale di fondo del nostro progetto: \u00e8 una spinta a conoscere, vivere, assaggiare e visitare i nostri luoghi\u201d.<\/em><\/p>\n<p> \tIl Festival \u00e8 un\u2019iniziativa finanziata dal Programma di Sviluppo Rurale 2014-2020 della Regione Autonoma Friuli Venezia Giulia, grazie al quale la Magnifica Comunit\u00e0 ha ottenuto un <strong>contributo di 100mila euro<\/strong>, partecipando al Bando del <strong>GAL Montagna Leader<\/strong>.<\/p>\n<p> \tLa finalit\u00e0 del finanziamento \u00e8 la promozione dei Comuni della Magnifica che rientrano nelle cosiddette \u201caree interne\u201d (Barcis, Cimolais, Claut, Erto e Casso, Frisanco, Tramonti di Sopra, Tramonti di Sotto), a cui si aggiunge il comune di Meduno (comune delle aree interne afferente alla Comunit\u00e0 di montagna delle Prealpi Friulane Orientali).<\/p>\n<p> \tPer \u201caree interne\u201d si intendono i comuni pi\u00f9 periferici, in termini di accesso ai servizi essenziali, che pertanto sono oggetto in questi anni di una specifica strategia di intervento, finanziata con fondi nazionali e comunitari. Indirettamente, il Festival sar\u00e0 anche una vetrina per le eccellenze e peculiarit\u00e0 di tutti gli altri Comuni della Magnifica Comunit\u00e0: basti pensare al Frantoio di Caneva, recentemente inaugurato per valorizzare ed incentivare le produzioni locali.<\/p>\n<p> \tIl Festival sar\u00e0 quindi un mosaico di eventi tenuti nei singoli comuni partecipanti, con un\u2019attivit\u00e0 di coordinamento da parte della Magnifica Comunit\u00e0 di Montagna Dolomiti Friulane, Cavallo e Cansiglio in collaborazione con l\u2019Associazione Lis Aganis Ecomuseo delle Dolomiti Friulane APS, con il sostegno di Promoturismo FVG e del Parco regionale delle Dolomiti Friulane<\/p>\n<p> \t<strong>Il programma dei prossimi mesi <\/strong><\/p>\n<p> \tIl programma non \u00e8 ancora definitivo perch\u00e9 si arricchisce costantemente di nuovi appuntamenti che guardano al prossimo anno e fino all\u2019inizio dell\u2019estate 2023.<\/p>\n<p> \tFa parte del Festival la <strong>Festa della Pitina IGP, <\/strong>che si \u00e8 svolta lo scorso weekend a Tramonti di Sopra e che, in due giorni, ha portato oltre 50 produttori al Mercato della Terra, con showcooking, laboratori, degustazioni e una Cena con ben sette cuochi dell\u2019Alleanza Slowfood.<\/p>\n<p> \tA breve arrivano gli appuntamenti del Festival legati al Natale, come le <strong>Lanterne di Natale a Meduno<\/strong>, l\u2019evento che, dall\u20198 dicembre e per tutti i weekend del mese, coinvolger\u00e0 le frazioni e le borgate del Comune con animazioni, luci, lanterne e musica dal vivo.<\/p>\n<p> \tEventi da non perdere anche a Cimolais, con <strong>La Magia del Natale a Cimolais,<\/strong> e nel Comune di <strong>Frisanco,<\/strong> con i presepi<strong>.<\/strong><\/p>\n<p> \t<strong>In primavera<\/strong> arriveranno le <strong>escursioni <\/strong>a cura di Ri.natura nel territorio di Tramonti di Sotto e di Meduno e <strong>Art in Val,<\/strong> contenitore che unisce arte e natura in Val Tramontina.<\/p>\n<p> \tLa stagione primaverile, in particolare dal ponte del 1\u00b0 maggio che vedr\u00e0 protagonista la Val Meduna, sar\u00e0 l\u2019occasione per valorizzare il territorio attraverso gli \u201cassaggi\u201d delle produzioni e della gastronomia locale che sono frutto di tradizioni e tecniche che hanno saputo tramandarsi nel tempo e anche attraverso i \u201cmessaggi\u201d, ovvero narrazioni e visite guidate, laboratori, piccoli eventi curati dalle comunit\u00e0 locali o dai giovani imprenditori che hanno deciso di intraprendere qui il proprio percorso di vita. Saranno eventi che si svolgeranno durante il weekend, pensati per tutta la famiglia e per accogliere visitatori e turisti grazie all\u2019accoglienza diffusa che caratterizza questi territori.<\/p>\n<p> \t<strong>Al termine del Festival<\/strong>, l\u2019evento finale: un progetto gi\u00e0 in cantiere in cui non solo visitatori e turisti, ma anche esperti, studiosi e ricercatori avranno l\u2019opportunit\u00e0 di vivere nelle valli esperienze uniche e di confrontarsi sui temi fondamentali per il territorio, gli stessi che sono alla base dell\u2019operato della Magnifica Comunit\u00e0, ovvero servizi, mobilit\u00e0, istruzione e salute; un\u2019occasione per raccontare quanto si sta facendo confrontandosi con altre esperienze nazionali e internazionali.<\/p>\n<p> \t\u00a0<\/p>\n","protected":false},"excerpt":{"rendered":"<p>Presentato a Pordenone<\/p>\n","protected":false},"author":28,"featured_media":45235,"comment_status":"closed","ping_status":"closed","sticky":false,"template":"","format":"standard","meta":{"dwc-title":[],"dwc-content":[],"footnotes":""},"categories":[8],"tags":[],"class_list":["post-45234","post","type-post","status-publish","format-standard","has-post-thumbnail","hentry","category-turismo"],"rttpg_featured_image_url":{"full":["https:\/\/imagazine.it\/wp-content\/uploads\/2024\/01\/50844-1.webp",1280,960,false],"landscape":["https:\/\/imagazine.it\/wp-content\/uploads\/2024\/01\/50844-1.webp",1280,960,false],"portraits":["https:\/\/imagazine.it\/wp-content\/uploads\/2024\/01\/50844-1.webp",1280,960,false],"thumbnail":["https:\/\/imagazine.it\/wp-content\/uploads\/2024\/01\/50844-1-150x150.webp",150,150,true],"medium":["https:\/\/imagazine.it\/wp-content\/uploads\/2024\/01\/50844-1-300x225.webp",300,225,true],"large":["https:\/\/imagazine.it\/wp-content\/uploads\/2024\/01\/50844-1-1024x768.webp",640,480,true],"thumblist":["https:\/\/imagazine.it\/wp-content\/uploads\/2024\/01\/50844-1.webp",300,225,false],"thumbrelated":["https:\/\/imagazine.it\/wp-content\/uploads\/2024\/01\/50844-1.webp",500,375,false],"meccarouselthumb":["https:\/\/imagazine.it\/wp-content\/uploads\/2024\/01\/50844-1.webp",432,324,false],"gridsquare":["https:\/\/imagazine.it\/wp-content\/uploads\/2024\/01\/50844-1.webp",347,260,false],"tileview":["https:\/\/imagazine.it\/wp-content\/uploads\/2024\/01\/50844-1.webp",300,225,false],"1536x1536":["https:\/\/imagazine.it\/wp-content\/uploads\/2024\/01\/50844-1.webp",1280,960,false],"2048x2048":["https:\/\/imagazine.it\/wp-content\/uploads\/2024\/01\/50844-1.webp",1280,960,false],"newsup-slider-full":["https:\/\/imagazine.it\/wp-content\/uploads\/2024\/01\/50844-1-1280x720.webp",1280,720,true],"newsup-featured":["https:\/\/imagazine.it\/wp-content\/uploads\/2024\/01\/50844-1-1024x768.webp",1024,768,true],"newsup-medium":["https:\/\/imagazine.it\/wp-content\/uploads\/2024\/01\/50844-1-720x380.webp",720,380,true],"tptn_thumbnail":["https:\/\/imagazine.it\/wp-content\/uploads\/2024\/01\/50844-1.webp",250,188,false],"sow-carousel-default":["https:\/\/imagazine.it\/wp-content\/uploads\/2024\/01\/50844-1-272x182.webp",272,182,true]},"rttpg_author":{"display_name":"redazione","author_link":"https:\/\/imagazine.it\/home_desk\/author\/redazione\/"},"rttpg_comment":0,"rttpg_category":"<a href=\"https:\/\/imagazine.it\/home_desk\/category\/turismo\/\" rel=\"category tag\">TURISMO<\/a>","rttpg_excerpt":"Presentato a Pordenone","_links":{"self":[{"href":"https:\/\/imagazine.it\/home_desk\/wp-json\/wp\/v2\/posts\/45234","targetHints":{"allow":["GET"]}}],"collection":[{"href":"https:\/\/imagazine.it\/home_desk\/wp-json\/wp\/v2\/posts"}],"about":[{"href":"https:\/\/imagazine.it\/home_desk\/wp-json\/wp\/v2\/types\/post"}],"author":[{"embeddable":true,"href":"https:\/\/imagazine.it\/home_desk\/wp-json\/wp\/v2\/users\/28"}],"replies":[{"embeddable":true,"href":"https:\/\/imagazine.it\/home_desk\/wp-json\/wp\/v2\/comments?post=45234"}],"version-history":[{"count":0,"href":"https:\/\/imagazine.it\/home_desk\/wp-json\/wp\/v2\/posts\/45234\/revisions"}],"wp:featuredmedia":[{"embeddable":true,"href":"https:\/\/imagazine.it\/home_desk\/wp-json\/wp\/v2\/media\/45235"}],"wp:attachment":[{"href":"https:\/\/imagazine.it\/home_desk\/wp-json\/wp\/v2\/media?parent=45234"}],"wp:term":[{"taxonomy":"category","embeddable":true,"href":"https:\/\/imagazine.it\/home_desk\/wp-json\/wp\/v2\/categories?post=45234"},{"taxonomy":"post_tag","embeddable":true,"href":"https:\/\/imagazine.it\/home_desk\/wp-json\/wp\/v2\/tags?post=45234"}],"curies":[{"name":"wp","href":"https:\/\/api.w.org\/{rel}","templated":true}]}}