{"id":45216,"date":"2022-11-11T00:00:00","date_gmt":"2022-11-10T23:00:00","guid":{"rendered":"https:\/\/imagazine.it\/?p=45216"},"modified":"2022-11-11T00:00:00","modified_gmt":"2022-11-10T23:00:00","slug":"pillole-di-parita-successo-per-la-campagna-triveneta","status":"publish","type":"post","link":"https:\/\/imagazine.it\/home_desk\/pillole-di-parita-successo-per-la-campagna-triveneta\/","title":{"rendered":"Pillole di Parit\u00e0, successo per la campagna triveneta"},"content":{"rendered":"<p> \tSi \u00e8 tenuta presso l\u2019ex Ospedale Militare di <strong>Trieste<\/strong>, all\u2019interno dell\u2019Assemblea annuale di Manager Italia Fvg, la conferenza stampa delle <strong>Consigliere di Parit\u00e0 del Friuli Venezia Giulia, Veneto e Trentino Alto Adige<\/strong> (le ultime collegate da remoto) volta a raccontare gli sviluppi della Campagna di Comunicazione \u201cPillole di Parit\u00e0\u201d da loro promossa e <u><a href=\"http:\/\/www.imagazine.it\/notizie-trieste-gorizia-udine-friuli\/11720\" target=\"_blank\" rel=\"noopener\"><span style=\"color:#0000cd;\">lanciata il 5 marzo scorso presso il Palazzo della Regione di Piazza Unit\u00e0<\/span><\/a><\/u> alla presenza delle assessore regionali, Rosolen per il Friuli Venezia Giulia, e Donazzan, per il Veneto.<\/p>\n<p> \tLa Campagna, voluta dalla Consigliera del Friuli Venezia Giulia <strong>Anna Limpido<\/strong> e creata dalla <em>DCube<\/em> del <u><a href=\"http:\/\/www.imagazine.it\/notizie-trieste-gorizia-udine-friuli\/8662\" target=\"_blank\" rel=\"noopener\"><span style=\"color:#0000cd;\">regista triestino <strong>Davide Del Degan<\/strong><\/span><\/a><\/u>, in questi 7 mesi di distribuzione (social e media) ha raggiunto milioni di visualizzazioni approdando anche ai media nazionali grazie a una fitta rete di collaborazioni fra enti, associazioni e testimonials (tra cui ManagerItalia appunto, l\u2019<u><a href=\"http:\/\/www.imagazine.it\/notizie-trieste-gorizia-udine-friuli\/11993\" target=\"_blank\" rel=\"noopener\"><span style=\"color:#0000cd;\">attrice del film premio Oscar \u201cLa Grande Bellezza\u201d <strong>Anita Kravos<\/strong><\/span><\/a><\/u> e la youtuber \u201cQuello che le donne non dicono\u201d da oltre tre milioni di followers).<\/p>\n<p> \t\u201cDi parit\u00e0 di genere \u2013 ha affermato Anna Limpido \u2013 \u00e8 urgente parlare e far parlare perch\u00e9 le statistiche continuano a mostrare un disequilibrio fra gli uomini e le donne ai vertici nel mondo del lavoro. La forza della Campagna \u00e8 stato proprio il riempire un vuoto comunicativo istituzionale che era avvertito anche da molti media, enti e associazioni che quindi l\u2019hanno poi supportata spontaneamente\u201d.<\/p>\n<p> \tLa Campagna, che si compone di 5 immagini iconiche rivisitate, \u00e8 patrocinata anche dal Ministero del Lavoro e dal Ministero delle Pari Opportunit\u00e0 ed \u00e8 visibile nelle pagine Facebook e Instagram (\u201cPillole di Parit\u00e0\u201d). Da oggi poi \u00e8 gratuitamente disponibile per qualunque associazione che volesse sostenerla o autosostenersi con i suoi contenuti, oramai riconoscibili e di pregio grafico, mediante semplice richiesta all\u2019ufficio delle Consigliere di Parit\u00e0.<\/p>\n<p> \tTra i prossimi appuntamenti espositivi gi\u00e0 in programma si segnala l\u2019esposizione permanente presso tutti i 19 Infopoint PromoturismoFvg della Regione e la competizione coreutica del \u201cPressurepoleography contest\u201d dell\u2019ASD Dancing School del maggio 2023 a Trieste.<\/p>\n<p> \t\u00a0<\/p>\n","protected":false},"excerpt":{"rendered":"<p>Grazie al coinvolgimento dei mass media<\/p>\n","protected":false},"author":28,"featured_media":45217,"comment_status":"closed","ping_status":"closed","sticky":false,"template":"","format":"standard","meta":{"dwc-title":[],"dwc-content":[],"footnotes":""},"categories":[6],"tags":[],"class_list":["post-45216","post","type-post","status-publish","format-standard","has-post-thumbnail","hentry","category-societa"],"rttpg_featured_image_url":{"full":["https:\/\/imagazine.it\/wp-content\/uploads\/2024\/01\/50798-1.webp",750,618,false],"landscape":["https:\/\/imagazine.it\/wp-content\/uploads\/2024\/01\/50798-1.webp",750,618,false],"portraits":["https:\/\/imagazine.it\/wp-content\/uploads\/2024\/01\/50798-1.webp",750,618,false],"thumbnail":["https:\/\/imagazine.it\/wp-content\/uploads\/2024\/01\/50798-1-150x150.webp",150,150,true],"medium":["https:\/\/imagazine.it\/wp-content\/uploads\/2024\/01\/50798-1-300x247.webp",300,247,true],"large":["https:\/\/imagazine.it\/wp-content\/uploads\/2024\/01\/50798-1.webp",640,527,false],"thumblist":["https:\/\/imagazine.it\/wp-content\/uploads\/2024\/01\/50798-1.webp",300,247,false],"thumbrelated":["https:\/\/imagazine.it\/wp-content\/uploads\/2024\/01\/50798-1.webp",500,412,false],"meccarouselthumb":["https:\/\/imagazine.it\/wp-content\/uploads\/2024\/01\/50798-1.webp",393,324,false],"gridsquare":["https:\/\/imagazine.it\/wp-content\/uploads\/2024\/01\/50798-1.webp",316,260,false],"tileview":["https:\/\/imagazine.it\/wp-content\/uploads\/2024\/01\/50798-1.webp",300,247,false],"1536x1536":["https:\/\/imagazine.it\/wp-content\/uploads\/2024\/01\/50798-1.webp",750,618,false],"2048x2048":["https:\/\/imagazine.it\/wp-content\/uploads\/2024\/01\/50798-1.webp",750,618,false],"newsup-slider-full":["https:\/\/imagazine.it\/wp-content\/uploads\/2024\/01\/50798-1.webp",750,618,false],"newsup-featured":["https:\/\/imagazine.it\/wp-content\/uploads\/2024\/01\/50798-1.webp",750,618,false],"newsup-medium":["https:\/\/imagazine.it\/wp-content\/uploads\/2024\/01\/50798-1-720x380.webp",720,380,true],"tptn_thumbnail":["https:\/\/imagazine.it\/wp-content\/uploads\/2024\/01\/50798-1.webp",250,206,false],"sow-carousel-default":["https:\/\/imagazine.it\/wp-content\/uploads\/2024\/01\/50798-1-272x182.webp",272,182,true]},"rttpg_author":{"display_name":"redazione","author_link":"https:\/\/imagazine.it\/home_desk\/author\/redazione\/"},"rttpg_comment":0,"rttpg_category":"<a href=\"https:\/\/imagazine.it\/home_desk\/category\/societa\/\" rel=\"category tag\">SOCIET\u00c0<\/a>","rttpg_excerpt":"Grazie al coinvolgimento dei mass media","_links":{"self":[{"href":"https:\/\/imagazine.it\/home_desk\/wp-json\/wp\/v2\/posts\/45216","targetHints":{"allow":["GET"]}}],"collection":[{"href":"https:\/\/imagazine.it\/home_desk\/wp-json\/wp\/v2\/posts"}],"about":[{"href":"https:\/\/imagazine.it\/home_desk\/wp-json\/wp\/v2\/types\/post"}],"author":[{"embeddable":true,"href":"https:\/\/imagazine.it\/home_desk\/wp-json\/wp\/v2\/users\/28"}],"replies":[{"embeddable":true,"href":"https:\/\/imagazine.it\/home_desk\/wp-json\/wp\/v2\/comments?post=45216"}],"version-history":[{"count":0,"href":"https:\/\/imagazine.it\/home_desk\/wp-json\/wp\/v2\/posts\/45216\/revisions"}],"wp:featuredmedia":[{"embeddable":true,"href":"https:\/\/imagazine.it\/home_desk\/wp-json\/wp\/v2\/media\/45217"}],"wp:attachment":[{"href":"https:\/\/imagazine.it\/home_desk\/wp-json\/wp\/v2\/media?parent=45216"}],"wp:term":[{"taxonomy":"category","embeddable":true,"href":"https:\/\/imagazine.it\/home_desk\/wp-json\/wp\/v2\/categories?post=45216"},{"taxonomy":"post_tag","embeddable":true,"href":"https:\/\/imagazine.it\/home_desk\/wp-json\/wp\/v2\/tags?post=45216"}],"curies":[{"name":"wp","href":"https:\/\/api.w.org\/{rel}","templated":true}]}}