{"id":45173,"date":"2022-11-08T00:00:00","date_gmt":"2022-11-07T23:00:00","guid":{"rendered":"https:\/\/imagazine.it\/?p=45173"},"modified":"2022-11-08T00:00:00","modified_gmt":"2022-11-07T23:00:00","slug":"muggia-visite-multisensoriali-per-persone-con-disturbi-neurocognitivi","status":"publish","type":"post","link":"https:\/\/imagazine.it\/home_desk\/muggia-visite-multisensoriali-per-persone-con-disturbi-neurocognitivi\/","title":{"rendered":"Muggia, visite multisensoriali per persone con disturbi neurocognitivi"},"content":{"rendered":"<p> \tRivivere attraverso i sensi il territorio, il Carso e le sue peculiarit\u00e0: questo l\u2019intento di <strong>due visite guidate speciali<\/strong> alla mostra \u201c<strong>Il mio Carso<\/strong>\u201d allestita al Museo d\u2019Arte Moderna \u201cUgo Car\u00e0\u201d di <strong>Muggia<\/strong>, un\u2019esposizione organizzata dall\u2019Assessorato alla Cultura del Comune di Muggia e dalla Fondazione CRTrieste.<\/p>\n<p> \tAttraverso un <strong>percorso multisensoriale<\/strong>, i visitatori saranno guidati dalla dottoressa <strong>Gena Esposito<\/strong> alla riscoperta di profumi, colori, forme del Carso, in dialogo costante con le opere esposte.<\/p>\n<p> \tStudiato appositamente per permettere una migliore fruizione della mostra <strong>anche alle persone con disturbi neurocognitivi<\/strong>, il percorso sollecita piacevolmente ricordi, sensazioni e memorie legati alla storia del territorio e all\u2019identit\u00e0 di ciascuno. La prima visita multisensoriale \u00e8 organizzata mercoled\u00ec 9 novembre, appositamente riservata agli ospiti della Casa di Riposo Comunale di Muggia.<\/p>\n<p> \tLa seconda invece, sabato 19 novembre alle 11, \u00e8 aperta al pubblico. \u00c9 consigliabile la prenotazione, telefonando ai numeri di CasaViola (040 362766) o dell\u2019Ufficio Cultura del Comune di Muggia (040 3360340)<\/p>\n<p> \tLa mostra, ideata per celebrare i 110 anni dalla pubblicazione del romanzo \u201cIl mio Carso\u201d di Scipio Slataper, raccoglie opere scelte di venticinque artisti del Novecento custodite nella Collezione d\u2019Arte della Fondazione CRTrieste.<\/p>\n<p> \tL\u2019esposizione, curata da <strong>Alessandro Del Puppo<\/strong>, attraversa i passi salienti dell\u2019opera di Slataper per accompagnare il visitatore nel ricostruire l\u2019immagine mitica del Carso come luogo dell\u2019anima, territorio rusticamente poetico e problematicamente identitario. Uno spazio della memoria, dell\u2019idillio e non di rado del dolore: una geografia che si rispecchia nella storia e che dalla storia \u00e8 segnata.<\/p>\n<p> \tLe <strong>visite speciali multisensoriali<\/strong> sono realizzate all\u2019interno del progetto \u201c<strong>Muggia citt\u00e0 amica della demenza<\/strong>\u201d, grazie a una collaborazione tra l\u2019Ufficio Cultura del Comune di Muggia e l\u2019Associazione de Banfield.<\/p>\n<p> \t\u00a0<\/p>\n","protected":false},"excerpt":{"rendered":"<p>Alla mostra &#8220;Il mio Carso&#8221;<\/p>\n","protected":false},"author":28,"featured_media":45174,"comment_status":"closed","ping_status":"closed","sticky":false,"template":"","format":"standard","meta":{"dwc-title":[],"dwc-content":[],"footnotes":""},"categories":[37],"tags":[],"class_list":["post-45173","post","type-post","status-publish","format-standard","has-post-thumbnail","hentry","category-cultura-e-spettacolo"],"rttpg_featured_image_url":{"full":["https:\/\/imagazine.it\/wp-content\/uploads\/2024\/01\/50704-1.webp",1000,680,false],"landscape":["https:\/\/imagazine.it\/wp-content\/uploads\/2024\/01\/50704-1.webp",1000,680,false],"portraits":["https:\/\/imagazine.it\/wp-content\/uploads\/2024\/01\/50704-1.webp",1000,680,false],"thumbnail":["https:\/\/imagazine.it\/wp-content\/uploads\/2024\/01\/50704-1-150x150.webp",150,150,true],"medium":["https:\/\/imagazine.it\/wp-content\/uploads\/2024\/01\/50704-1-300x204.webp",300,204,true],"large":["https:\/\/imagazine.it\/wp-content\/uploads\/2024\/01\/50704-1.webp",640,435,false],"thumblist":["https:\/\/imagazine.it\/wp-content\/uploads\/2024\/01\/50704-1.webp",300,204,false],"thumbrelated":["https:\/\/imagazine.it\/wp-content\/uploads\/2024\/01\/50704-1.webp",500,340,false],"meccarouselthumb":["https:\/\/imagazine.it\/wp-content\/uploads\/2024\/01\/50704-1.webp",474,322,false],"gridsquare":["https:\/\/imagazine.it\/wp-content\/uploads\/2024\/01\/50704-1.webp",382,260,false],"tileview":["https:\/\/imagazine.it\/wp-content\/uploads\/2024\/01\/50704-1.webp",300,204,false],"1536x1536":["https:\/\/imagazine.it\/wp-content\/uploads\/2024\/01\/50704-1.webp",1000,680,false],"2048x2048":["https:\/\/imagazine.it\/wp-content\/uploads\/2024\/01\/50704-1.webp",1000,680,false],"newsup-slider-full":["https:\/\/imagazine.it\/wp-content\/uploads\/2024\/01\/50704-1.webp",1000,680,false],"newsup-featured":["https:\/\/imagazine.it\/wp-content\/uploads\/2024\/01\/50704-1.webp",1000,680,false],"newsup-medium":["https:\/\/imagazine.it\/wp-content\/uploads\/2024\/01\/50704-1-720x380.webp",720,380,true],"tptn_thumbnail":["https:\/\/imagazine.it\/wp-content\/uploads\/2024\/01\/50704-1.webp",250,170,false],"sow-carousel-default":["https:\/\/imagazine.it\/wp-content\/uploads\/2024\/01\/50704-1-272x182.webp",272,182,true]},"rttpg_author":{"display_name":"redazione","author_link":"https:\/\/imagazine.it\/home_desk\/author\/redazione\/"},"rttpg_comment":0,"rttpg_category":"<a href=\"https:\/\/imagazine.it\/home_desk\/category\/cultura-e-spettacolo\/\" rel=\"category tag\">CULTURA&amp;SPETTACOLO<\/a>","rttpg_excerpt":"Alla mostra \"Il mio Carso\"","_links":{"self":[{"href":"https:\/\/imagazine.it\/home_desk\/wp-json\/wp\/v2\/posts\/45173","targetHints":{"allow":["GET"]}}],"collection":[{"href":"https:\/\/imagazine.it\/home_desk\/wp-json\/wp\/v2\/posts"}],"about":[{"href":"https:\/\/imagazine.it\/home_desk\/wp-json\/wp\/v2\/types\/post"}],"author":[{"embeddable":true,"href":"https:\/\/imagazine.it\/home_desk\/wp-json\/wp\/v2\/users\/28"}],"replies":[{"embeddable":true,"href":"https:\/\/imagazine.it\/home_desk\/wp-json\/wp\/v2\/comments?post=45173"}],"version-history":[{"count":0,"href":"https:\/\/imagazine.it\/home_desk\/wp-json\/wp\/v2\/posts\/45173\/revisions"}],"wp:featuredmedia":[{"embeddable":true,"href":"https:\/\/imagazine.it\/home_desk\/wp-json\/wp\/v2\/media\/45174"}],"wp:attachment":[{"href":"https:\/\/imagazine.it\/home_desk\/wp-json\/wp\/v2\/media?parent=45173"}],"wp:term":[{"taxonomy":"category","embeddable":true,"href":"https:\/\/imagazine.it\/home_desk\/wp-json\/wp\/v2\/categories?post=45173"},{"taxonomy":"post_tag","embeddable":true,"href":"https:\/\/imagazine.it\/home_desk\/wp-json\/wp\/v2\/tags?post=45173"}],"curies":[{"name":"wp","href":"https:\/\/api.w.org\/{rel}","templated":true}]}}