{"id":45171,"date":"2022-11-08T00:00:00","date_gmt":"2022-11-07T23:00:00","guid":{"rendered":"https:\/\/imagazine.it\/?p=45171"},"modified":"2022-11-08T00:00:00","modified_gmt":"2022-11-07T23:00:00","slug":"ronchi-park-gratuito-in-aeroporto-per-i-residenti","status":"publish","type":"post","link":"https:\/\/imagazine.it\/home_desk\/ronchi-park-gratuito-in-aeroporto-per-i-residenti\/","title":{"rendered":"Ronchi, park gratuito in aeroporto per i residenti"},"content":{"rendered":"<p> \tLa \u201cConvenzione per la concessione in diritto di superficie a favore della Societ\u00e0 <strong>Aeroporto Friuli Venezia Giulia<\/strong> SpA\u201d tra la societ\u00e0 aeroportuale ed il <strong>Comune di Ronchi dei Legionari<\/strong> \u00e8 stata estesa sino all\u2019anno 2049, termine della concessione di gestione delle aree demaniali dello scalo.<\/p>\n<p> \tLa precedente convenzione, siglata il 22 dicembre 2016, \u00e8 stata pertanto estesa ed integrata con ulteriori impegni reciproci definiti tra Comune di Ronchi dei Legionari e Aeroporto Friuli Venezia Giulia SpA.<\/p>\n<p> \tL\u2019aeroporto metter\u00e0 a disposizione ai veicoli elettrici in dotazione al Comune, 10.000 KWh\/anno prodotti dal nuovo impianto fotovoltaico. Il Comune di Ronchi dei Legionari potr\u00e0 inoltre partecipare alla futura CER (Comunit\u00e0 Energetiche Rinnovabili), quando verr\u00e0 consentito dalla normativa nazionale la possibilit\u00e0 di installare impianti di energia rinnovabile in deroga all\u2019attuale limite di potenza di 1 MW.<\/p>\n<p> \tAeroporto consentir\u00e0 l\u2019<strong>utilizzo<\/strong> <strong>gratuito del parcheggio P8 del polo intermodale<\/strong> per una fascia giornaliera di sosta di <strong>10 ore<\/strong> al fine di promuovere <strong>per i residenti<\/strong> del Comune di Ronchi dei Legionari lo scambio \u201cauto-treno\u201d o \u201cauto-bus\u201d e spostarsi comodamente in regione con il trasporto pubblico locale. L\u2019intermodalit\u00e0 dei trasporti verr\u00e0 inoltre potenziata con l\u2019ottimizzazione e il potenziamento delle piste ciclabili che interessano l\u2019aeroporto ed il polo intermodale.<\/p>\n<p> \t&#8220;Trieste Airport \u2013 afferma il presidente di Aeroporto Friuli Venezia Giulia S.p.A., <strong>Antonio Marano<\/strong> \u2013 pone costante impegno nella sua strategia di sostenibilit\u00e0 proponendo modelli di trasporto e soluzioni di viaggio sempre pi\u00f9 attente all&#39;ambiente. La sigla di questa convenzione rappresenta l&#39;impegno concreto con il territorio e i suoi abitanti al fine di garantire le migliori funzionalit\u00e0 del nostro polo intermodale: la possibilit\u00e0 di sosta gratuita presso il park P8 offrir\u00e0 l&#39;opportunit\u00e0 ai pendolari di attivare lo scambio auto-bus \/ auto-treno; il completamento della viabilit\u00e0 ciclabile apporter\u00e0 non solo un miglioramento per il territorio, ma aprir\u00e0 a nuove opportunit\u00e0 turistiche di mobilit\u00e0 sostenibili\u201d.<\/p>\n<p> \t\u201cCredo sia un ottimo raggiungimento di intenti nell&#39;ottica di stimolare l&#39;incremento della mobilit\u00e0 pubblica,\u00a0 creando un ciclo virtuoso, un volano di crescita che ricadrebbe sull&#39; intera regione con l&#39;obiettivo di agevolare una maggiore fruibilit\u00e0 della mobilit\u00e0 sostenibile. Sar\u00e0 nostra cura sensibilizzare la regione per estendere l\u2019utilizzo dei parcheggi agevolati a tutto il territorio, in quanto credo che questo di oggi sia un punto di partenza\u00a0inteso come opportunit\u00e0\u00a0di sviluppo di interesse regionale\u201d, commenta il sindaco di Ronchi, <strong>Mauro Benvenuto<\/strong>.<\/p>\n<p> \t\u00a0<\/p>\n","protected":false},"excerpt":{"rendered":"<p>Prorogata la convenzione per il diritto di superficie<\/p>\n","protected":false},"author":22,"featured_media":45172,"comment_status":"closed","ping_status":"closed","sticky":false,"template":"","format":"standard","meta":{"dwc-title":[],"dwc-content":[],"footnotes":""},"categories":[5],"tags":[],"class_list":["post-45171","post","type-post","status-publish","format-standard","has-post-thumbnail","hentry","category-attualita"],"rttpg_featured_image_url":{"full":["https:\/\/imagazine.it\/wp-content\/uploads\/2024\/01\/50703-1.webp",750,422,false],"landscape":["https:\/\/imagazine.it\/wp-content\/uploads\/2024\/01\/50703-1.webp",750,422,false],"portraits":["https:\/\/imagazine.it\/wp-content\/uploads\/2024\/01\/50703-1.webp",750,422,false],"thumbnail":["https:\/\/imagazine.it\/wp-content\/uploads\/2024\/01\/50703-1-150x150.webp",150,150,true],"medium":["https:\/\/imagazine.it\/wp-content\/uploads\/2024\/01\/50703-1-300x169.webp",300,169,true],"large":["https:\/\/imagazine.it\/wp-content\/uploads\/2024\/01\/50703-1.webp",640,360,false],"thumblist":["https:\/\/imagazine.it\/wp-content\/uploads\/2024\/01\/50703-1.webp",300,169,false],"thumbrelated":["https:\/\/imagazine.it\/wp-content\/uploads\/2024\/01\/50703-1.webp",500,281,false],"meccarouselthumb":["https:\/\/imagazine.it\/wp-content\/uploads\/2024\/01\/50703-1.webp",474,267,false],"gridsquare":["https:\/\/imagazine.it\/wp-content\/uploads\/2024\/01\/50703-1.webp",391,220,false],"tileview":["https:\/\/imagazine.it\/wp-content\/uploads\/2024\/01\/50703-1.webp",300,169,false],"1536x1536":["https:\/\/imagazine.it\/wp-content\/uploads\/2024\/01\/50703-1.webp",750,422,false],"2048x2048":["https:\/\/imagazine.it\/wp-content\/uploads\/2024\/01\/50703-1.webp",750,422,false],"newsup-slider-full":["https:\/\/imagazine.it\/wp-content\/uploads\/2024\/01\/50703-1.webp",750,422,false],"newsup-featured":["https:\/\/imagazine.it\/wp-content\/uploads\/2024\/01\/50703-1.webp",750,422,false],"newsup-medium":["https:\/\/imagazine.it\/wp-content\/uploads\/2024\/01\/50703-1-720x380.webp",720,380,true],"tptn_thumbnail":["https:\/\/imagazine.it\/wp-content\/uploads\/2024\/01\/50703-1.webp",250,141,false],"sow-carousel-default":["https:\/\/imagazine.it\/wp-content\/uploads\/2024\/01\/50703-1-272x182.webp",272,182,true]},"rttpg_author":{"display_name":"Livio Nonis","author_link":"https:\/\/imagazine.it\/home_desk\/author\/nonis\/"},"rttpg_comment":0,"rttpg_category":"<a href=\"https:\/\/imagazine.it\/home_desk\/category\/attualita\/\" rel=\"category tag\">ATTUALIT\u00c0<\/a>","rttpg_excerpt":"Prorogata la convenzione per il diritto di superficie","_links":{"self":[{"href":"https:\/\/imagazine.it\/home_desk\/wp-json\/wp\/v2\/posts\/45171","targetHints":{"allow":["GET"]}}],"collection":[{"href":"https:\/\/imagazine.it\/home_desk\/wp-json\/wp\/v2\/posts"}],"about":[{"href":"https:\/\/imagazine.it\/home_desk\/wp-json\/wp\/v2\/types\/post"}],"author":[{"embeddable":true,"href":"https:\/\/imagazine.it\/home_desk\/wp-json\/wp\/v2\/users\/22"}],"replies":[{"embeddable":true,"href":"https:\/\/imagazine.it\/home_desk\/wp-json\/wp\/v2\/comments?post=45171"}],"version-history":[{"count":0,"href":"https:\/\/imagazine.it\/home_desk\/wp-json\/wp\/v2\/posts\/45171\/revisions"}],"wp:featuredmedia":[{"embeddable":true,"href":"https:\/\/imagazine.it\/home_desk\/wp-json\/wp\/v2\/media\/45172"}],"wp:attachment":[{"href":"https:\/\/imagazine.it\/home_desk\/wp-json\/wp\/v2\/media?parent=45171"}],"wp:term":[{"taxonomy":"category","embeddable":true,"href":"https:\/\/imagazine.it\/home_desk\/wp-json\/wp\/v2\/categories?post=45171"},{"taxonomy":"post_tag","embeddable":true,"href":"https:\/\/imagazine.it\/home_desk\/wp-json\/wp\/v2\/tags?post=45171"}],"curies":[{"name":"wp","href":"https:\/\/api.w.org\/{rel}","templated":true}]}}