{"id":45167,"date":"2022-11-08T00:00:00","date_gmt":"2022-11-07T23:00:00","guid":{"rendered":"https:\/\/imagazine.it\/?p=45167"},"modified":"2022-11-08T00:00:00","modified_gmt":"2022-11-07T23:00:00","slug":"palmanova-village-accende-il-natale","status":"publish","type":"post","link":"https:\/\/imagazine.it\/home_desk\/palmanova-village-accende-il-natale\/","title":{"rendered":"Palmanova Village accende il Natale"},"content":{"rendered":"<p> \tSabato 12 novembre al <strong>Palmanova Village<\/strong> si accende la magia del Natale con luminarie e decorazioni, cascate di luci che scendono dalle facciate, ghirlande lungo le arcate e, naturalmente, gli alberi addobbati.<\/p>\n<p> \tTutto sar\u00e0 illuminato per rendere l\u2019atmosfera unica e magica, anche la zona parcheggi con cinque alberi luminosi, e al primo ingresso trover\u00e0 spazio un grande abete che dar\u00e0 il benvenuto ai clienti insieme a delle renne dorate. All\u2019ingresso centrale del Village sar\u00e0 posizionato un tetto luminoso di luci che esalter\u00e0 colori e forme delle nuove facciate del Village dipinte dall\u2019artista <strong>Geometric Bang<\/strong> e in piazza campegger\u00e0 un <strong>grande abete di 12 metri<\/strong>, addobbato con luci e palline dorate, moquette color cioccolato e uno speciale allestimento floreale.<\/p>\n<p> \t<em>\u201c<strong>Feel the real Christmas<\/strong>, ovvero senti il vero Natale, \u00e8 il concept della campagna Natale Land of Fashion e il titolo che racchiude le tantissime iniziative dedicate al Natale che abbiamo in programma tra novembre e dicembre <\/em>\u2013 spiega <strong>Giada Marangone<\/strong>, responsabile marketing del Palmanova Village \u2013. <em>E sar\u00e0 proprio cos\u00ec, un Natale tutto da vivere, con esperienze davvero magiche ed emozionanti, pensate per coinvolgere tutta la famiglia\u201d. <\/em><\/p>\n<p> \tSi inizia <strong>sabato 12 novembre<\/strong>, dalle ore 16, con <strong><em>\u201cChristmas Time\u201d <\/em><\/strong>, la prima accensione di tutte le luminarie e la musica dal vivo di un gruppo funky. Per l\u2019occasione, Palmanova Village offrir\u00e0 l\u2019aperitivo a tutti i visitatori con spumanti metodo classico del Friuli Venezia Giulia e i finger food di prodotti del territorio.<\/p>\n<p> \t<strong>Domenica 4 dicembre, <\/strong>dalle ore 11, al civico 87, si parler\u00e0 de <em>\u201cLa cucina friulana del Natale tra tradizione e innovazione\u201d,<\/em> un evento (su prenotazione) in collaborazione con <strong>l\u2019Accademia Italiana della Cucina<\/strong> \u2013 Istituzione Culturale della Repubblica Italiana \u2013 e la blogger udinese di <strong>\u201cManca il sale\u201d<\/strong> <strong>Annalisa Sandri<\/strong>: si parler\u00e0 dei cambiamenti delle pietanze-simbolo regionali delle Feste e delle nuove proposte che, pur richiamando la consolidata tradizione, arricchiscono la gastronomia friulana con un tocco di eleganza e di innovazione. A seguire, assaggi di pietanze tipiche di Natale a cura del Ristorante Prosciutteria Dall\u2019Ava con prodotti della Dall\u2019Ava Bakery offerti dal Palmanova Village.<\/p>\n<p> \t<strong>Gioved\u00ec 8 dicembre, <\/strong>dalle 10.30 alle 12.30, al civico 87, saranno protagonisti i pi\u00f9 piccoli (dai 4 agli 11 anni) grazie al <em>\u201cLaboratorio per bambini di piccola scenografia teatrale\u201d <\/em>organizzato dal Village in collaborazione con il <strong>Teatro Nuovo Giovanni da Udine<\/strong>. La fantasia e l\u2019esperienza di <strong>Margherita Mattotti<\/strong> e di <strong>Eloisa Gozzi<\/strong>, che da tanti anni realizzano i laboratori per il teatro udinese, trasformeranno insieme ai bambini stoffe, legno, plastica, cartone, e materiali di riciclo trasformandoli in tante storie dedicate al magico mondo del teatro. Il laboratorio \u00e8 gratuito, con iscrizione obbligatoria.<\/p>\n<p> \t<strong>Domenica 18 dicembre, <\/strong>alle ore 16, gran finale con il classico del Natale: il concerto gospel. In collaborazione con Azalea Promotion, il Village ospiter\u00e0 i <strong>Soul Circus Gospel Choir<\/strong>, un poliedrico ensemble vocale, uno dei cori pi\u00f9 apprezzati del Friuli Venezia Giulia, che canter\u00e0 i pi\u00f9 famosi Christmas carols, classici rivisitati e brani inediti.<\/p>\n<p> \tPer gli eventi su prenotazione e per tutte le informazioni: <u><a href=\"http:\/\/www.palmanovavillage.it\" target=\"_blank\" rel=\"noopener\"><span style=\"color:#0000cd;\">www.palmanovavillage.it<\/span><\/a><\/u><\/p>\n<p> \t\u00a0<\/p>\n","protected":false},"excerpt":{"rendered":"<p>Da sabato 12 novembre<\/p>\n","protected":false},"author":28,"featured_media":45168,"comment_status":"closed","ping_status":"closed","sticky":false,"template":"","format":"standard","meta":{"dwc-title":[],"dwc-content":[],"footnotes":""},"categories":[37],"tags":[],"class_list":["post-45167","post","type-post","status-publish","format-standard","has-post-thumbnail","hentry","category-cultura-e-spettacolo"],"rttpg_featured_image_url":{"full":["https:\/\/imagazine.it\/wp-content\/uploads\/2024\/01\/50698-1.webp",1000,667,false],"landscape":["https:\/\/imagazine.it\/wp-content\/uploads\/2024\/01\/50698-1.webp",1000,667,false],"portraits":["https:\/\/imagazine.it\/wp-content\/uploads\/2024\/01\/50698-1.webp",1000,667,false],"thumbnail":["https:\/\/imagazine.it\/wp-content\/uploads\/2024\/01\/50698-1-150x150.webp",150,150,true],"medium":["https:\/\/imagazine.it\/wp-content\/uploads\/2024\/01\/50698-1-300x200.webp",300,200,true],"large":["https:\/\/imagazine.it\/wp-content\/uploads\/2024\/01\/50698-1.webp",640,427,false],"thumblist":["https:\/\/imagazine.it\/wp-content\/uploads\/2024\/01\/50698-1.webp",300,200,false],"thumbrelated":["https:\/\/imagazine.it\/wp-content\/uploads\/2024\/01\/50698-1.webp",500,334,false],"meccarouselthumb":["https:\/\/imagazine.it\/wp-content\/uploads\/2024\/01\/50698-1.webp",474,316,false],"gridsquare":["https:\/\/imagazine.it\/wp-content\/uploads\/2024\/01\/50698-1.webp",391,260,false],"tileview":["https:\/\/imagazine.it\/wp-content\/uploads\/2024\/01\/50698-1.webp",300,200,false],"1536x1536":["https:\/\/imagazine.it\/wp-content\/uploads\/2024\/01\/50698-1.webp",1000,667,false],"2048x2048":["https:\/\/imagazine.it\/wp-content\/uploads\/2024\/01\/50698-1.webp",1000,667,false],"newsup-slider-full":["https:\/\/imagazine.it\/wp-content\/uploads\/2024\/01\/50698-1.webp",1000,667,false],"newsup-featured":["https:\/\/imagazine.it\/wp-content\/uploads\/2024\/01\/50698-1.webp",1000,667,false],"newsup-medium":["https:\/\/imagazine.it\/wp-content\/uploads\/2024\/01\/50698-1-720x380.webp",720,380,true],"tptn_thumbnail":["https:\/\/imagazine.it\/wp-content\/uploads\/2024\/01\/50698-1.webp",250,167,false],"sow-carousel-default":["https:\/\/imagazine.it\/wp-content\/uploads\/2024\/01\/50698-1-272x182.webp",272,182,true]},"rttpg_author":{"display_name":"redazione","author_link":"https:\/\/imagazine.it\/home_desk\/author\/redazione\/"},"rttpg_comment":0,"rttpg_category":"<a href=\"https:\/\/imagazine.it\/home_desk\/category\/cultura-e-spettacolo\/\" rel=\"category tag\">CULTURA&amp;SPETTACOLO<\/a>","rttpg_excerpt":"Da sabato 12 novembre","_links":{"self":[{"href":"https:\/\/imagazine.it\/home_desk\/wp-json\/wp\/v2\/posts\/45167","targetHints":{"allow":["GET"]}}],"collection":[{"href":"https:\/\/imagazine.it\/home_desk\/wp-json\/wp\/v2\/posts"}],"about":[{"href":"https:\/\/imagazine.it\/home_desk\/wp-json\/wp\/v2\/types\/post"}],"author":[{"embeddable":true,"href":"https:\/\/imagazine.it\/home_desk\/wp-json\/wp\/v2\/users\/28"}],"replies":[{"embeddable":true,"href":"https:\/\/imagazine.it\/home_desk\/wp-json\/wp\/v2\/comments?post=45167"}],"version-history":[{"count":0,"href":"https:\/\/imagazine.it\/home_desk\/wp-json\/wp\/v2\/posts\/45167\/revisions"}],"wp:featuredmedia":[{"embeddable":true,"href":"https:\/\/imagazine.it\/home_desk\/wp-json\/wp\/v2\/media\/45168"}],"wp:attachment":[{"href":"https:\/\/imagazine.it\/home_desk\/wp-json\/wp\/v2\/media?parent=45167"}],"wp:term":[{"taxonomy":"category","embeddable":true,"href":"https:\/\/imagazine.it\/home_desk\/wp-json\/wp\/v2\/categories?post=45167"},{"taxonomy":"post_tag","embeddable":true,"href":"https:\/\/imagazine.it\/home_desk\/wp-json\/wp\/v2\/tags?post=45167"}],"curies":[{"name":"wp","href":"https:\/\/api.w.org\/{rel}","templated":true}]}}