{"id":45161,"date":"2022-11-07T00:00:00","date_gmt":"2022-11-06T23:00:00","guid":{"rendered":"https:\/\/imagazine.it\/?p=45161"},"modified":"2022-11-07T00:00:00","modified_gmt":"2022-11-06T23:00:00","slug":"percorsi-inclusivi-alla-scoperta-del-fvg","status":"publish","type":"post","link":"https:\/\/imagazine.it\/home_desk\/percorsi-inclusivi-alla-scoperta-del-fvg\/","title":{"rendered":"Percorsi inclusivi alla scoperta del FVG"},"content":{"rendered":"<p> \tPresentato a <strong>Udine<\/strong> il progetto <em>&#39;Percorsi inclusivi alla scoperta del FVG<\/em>&#39; dell&#39;associazione di promozione sociale <strong>&#39;Io ci vado&#39;<\/strong> che fonde turismo esperienziale, tecnologia e competenze in materia di accessibilit\u00e0.<\/p>\n<p> \t&#8220;Rendere la nostra regione sempre pi\u00f9 accessibile ai turisti con specifiche necessit\u00e0 \u00e8 un obiettivo di primaria importanza che attesta la sensibilit\u00e0 di questa Regione per il mondo della disabilit\u00e0 e per il sostegno all&#39;accessibilit\u00e0 in tutte le sue forme&#8221;, ha dichiarato l&#39;assessore regionale alle Attivit\u00e0 produttive e turismo <strong>Sergio Emidio Bini<\/strong>.<\/p>\n<p> \t&#8220;I visitatori &#8211; ha evidenziato l&#39;assessore &#8211; potranno conoscere in anteprima i luoghi e l&#39;offerta ricettiva del Friuli Venezia Giulia, per organizzare al meglio la propria vacanza e scegliendo l&#39;itinerario pi\u00f9 adatto alle proprie esigenze. Uno dei punti di forza del progetto sta nel fatto che l&#39;accessibilit\u00e0 viene declinata a 360 gradi: non soltanto nei confronti delle persone con disabilit\u00e0 motoria, cognitiva o sensoriale, ma anche nel caso di quelle necessit\u00e0 legate all&#39;et\u00e0, si pensi ai bambini o alle persone anziane, o alla volont\u00e0 di portare con s\u00e9 il proprio animale domestico. Una prima sperimentazione partir\u00e0 dalle citt\u00e0 di <strong>Maniago<\/strong> e <strong>Villa Santina<\/strong>, con una mappatura dei luoghi di interesse e l&#39;individuazione di itinerari accessibili. Mi auguro possa essere soltanto l&#39;inizio di un percorso virtuoso che coinvolga tutte le localit\u00e0 turistiche del Friuli Venezia Giulia&#8221;.<\/p>\n<p> \tCome ha spiegato il presidente dell&#39;associazione e ideatore del progetto, <strong>William Del Negro<\/strong>, il Friuli Venezia Giulia \u00e8 apripista del programma che, nuovo nel suo genere in Italia, porta alla valorizzazione del territorio e alla promozione del patrimonio turistico-culturale proponendo itinerari pensati a misura di tutte e tutti grazie a tecnologia, innovazione e al coinvolgimento dei portatori di interesse.<\/p>\n<p> \tIl primo prototipo del sito web \u00e8 gi\u00e0 completo e sar\u00e0 messo online, nelle intenzioni dei promotori, entro Natale per poi essere integralmente sviluppato grazie al sostegno della Regione e dei partner privati, e in collaborazione con il Club per l&#39;Unesco di Udine e la Federazione regionale campeggiatori.<\/p>\n<p> \tLa mancanza di informazioni sulla accessibilit\u00e0 dei luoghi ha spinto l&#39;associazione a realizzare la mappatura e la promozione di itinerari accessibili nelle loro varie accezioni. Il portale infatti \u00e8 rivolto a tutti quei turisti e residenti che, quando si spostano, hanno delle specifiche esigenze di accessibilit\u00e0.<\/p>\n<p> \tIl sito propone gi\u00e0 degli itinerari nelle tre citt\u00e0 Unesco di <strong>Aquileia<\/strong>, <strong>Cividale del Friuli<\/strong> e <strong>Palmanova<\/strong>, oltre a Maniago e Villa Santina su cui partir\u00e0 anche la sperimentazione in loco.<\/p>\n<p> \tUna seconda parte del progetto prevede la mappatura degli eventi accessibili e le condizioni di accessibilit\u00e0 di ciascuna manifestazione per singole categorie di utenti e in questo senso \u00e8 complementare all&#39;iniziativa legislativa assunta l&#39;anno scorso con la legge &#8220;Salva sagre&#8221; in cui \u00e8 stata introdotta la possibilit\u00e0 di richiedere contributi alla Regione a sostegno delle spese di adeguamento dell&#39;evento alla normativa sull&#39;accessibilit\u00e0.<\/p>\n<p> \tUna persona su tre &#8211; \u00e8 stato infatti ricordato &#8211; rinuncia alla partecipazione a un evento per paura di sentirsi a disagio. Il sito indica per ciascuna manifestazione le categorie a cui \u00e8 adatta, visibili immediatamente attraverso delle icone e propone quelle pi\u00f9 adeguate a ciascun tipo di disabilit\u00e0 o limitazione. Il sito propone, inoltre, schede sui singoli punti di interesse, e virtual tour video resi fruibili anche senza l&#39;uso delle mani, ricorrendo al solo riconoscimento facciale.<\/p>\n<p> \tAlla presentazione hanno portato il proprio saluto e attestato di merito anche <strong>Massimo Ritella<\/strong>, direttore di Cr\u00e9dit Agricole FriulAdria, <strong>Luciano Nonis<\/strong>, direttore della Fondazione Friuli, e <strong>Renata Capria D&#39;Aronco<\/strong>, presidente del Club per l&#39;Unesco di Udine.<\/p>\n<p> \t\u00a0<\/p>\n","protected":false},"excerpt":{"rendered":"<p>Presentato il progetto<\/p>\n","protected":false},"author":28,"featured_media":45162,"comment_status":"closed","ping_status":"closed","sticky":false,"template":"","format":"standard","meta":{"dwc-title":[],"dwc-content":[],"footnotes":""},"categories":[5],"tags":[],"class_list":["post-45161","post","type-post","status-publish","format-standard","has-post-thumbnail","hentry","category-attualita"],"rttpg_featured_image_url":{"full":["https:\/\/imagazine.it\/wp-content\/uploads\/2024\/01\/50693-1.webp",2048,1536,false],"landscape":["https:\/\/imagazine.it\/wp-content\/uploads\/2024\/01\/50693-1.webp",2048,1536,false],"portraits":["https:\/\/imagazine.it\/wp-content\/uploads\/2024\/01\/50693-1.webp",2048,1536,false],"thumbnail":["https:\/\/imagazine.it\/wp-content\/uploads\/2024\/01\/50693-1-150x150.webp",150,150,true],"medium":["https:\/\/imagazine.it\/wp-content\/uploads\/2024\/01\/50693-1-300x225.webp",300,225,true],"large":["https:\/\/imagazine.it\/wp-content\/uploads\/2024\/01\/50693-1-1024x768.webp",640,480,true],"thumblist":["https:\/\/imagazine.it\/wp-content\/uploads\/2024\/01\/50693-1.webp",300,225,false],"thumbrelated":["https:\/\/imagazine.it\/wp-content\/uploads\/2024\/01\/50693-1.webp",500,375,false],"meccarouselthumb":["https:\/\/imagazine.it\/wp-content\/uploads\/2024\/01\/50693-1.webp",432,324,false],"gridsquare":["https:\/\/imagazine.it\/wp-content\/uploads\/2024\/01\/50693-1.webp",347,260,false],"tileview":["https:\/\/imagazine.it\/wp-content\/uploads\/2024\/01\/50693-1.webp",300,225,false],"1536x1536":["https:\/\/imagazine.it\/wp-content\/uploads\/2024\/01\/50693-1-1536x1152.webp",1536,1152,true],"2048x2048":["https:\/\/imagazine.it\/wp-content\/uploads\/2024\/01\/50693-1.webp",2048,1536,false],"newsup-slider-full":["https:\/\/imagazine.it\/wp-content\/uploads\/2024\/01\/50693-1-1280x720.webp",1280,720,true],"newsup-featured":["https:\/\/imagazine.it\/wp-content\/uploads\/2024\/01\/50693-1-1024x768.webp",1024,768,true],"newsup-medium":["https:\/\/imagazine.it\/wp-content\/uploads\/2024\/01\/50693-1-720x380.webp",720,380,true],"tptn_thumbnail":["https:\/\/imagazine.it\/wp-content\/uploads\/2024\/01\/50693-1.webp",250,188,false],"sow-carousel-default":["https:\/\/imagazine.it\/wp-content\/uploads\/2024\/01\/50693-1-272x182.webp",272,182,true]},"rttpg_author":{"display_name":"redazione","author_link":"https:\/\/imagazine.it\/home_desk\/author\/redazione\/"},"rttpg_comment":0,"rttpg_category":"<a href=\"https:\/\/imagazine.it\/home_desk\/category\/attualita\/\" rel=\"category tag\">ATTUALIT\u00c0<\/a>","rttpg_excerpt":"Presentato il progetto","_links":{"self":[{"href":"https:\/\/imagazine.it\/home_desk\/wp-json\/wp\/v2\/posts\/45161","targetHints":{"allow":["GET"]}}],"collection":[{"href":"https:\/\/imagazine.it\/home_desk\/wp-json\/wp\/v2\/posts"}],"about":[{"href":"https:\/\/imagazine.it\/home_desk\/wp-json\/wp\/v2\/types\/post"}],"author":[{"embeddable":true,"href":"https:\/\/imagazine.it\/home_desk\/wp-json\/wp\/v2\/users\/28"}],"replies":[{"embeddable":true,"href":"https:\/\/imagazine.it\/home_desk\/wp-json\/wp\/v2\/comments?post=45161"}],"version-history":[{"count":0,"href":"https:\/\/imagazine.it\/home_desk\/wp-json\/wp\/v2\/posts\/45161\/revisions"}],"wp:featuredmedia":[{"embeddable":true,"href":"https:\/\/imagazine.it\/home_desk\/wp-json\/wp\/v2\/media\/45162"}],"wp:attachment":[{"href":"https:\/\/imagazine.it\/home_desk\/wp-json\/wp\/v2\/media?parent=45161"}],"wp:term":[{"taxonomy":"category","embeddable":true,"href":"https:\/\/imagazine.it\/home_desk\/wp-json\/wp\/v2\/categories?post=45161"},{"taxonomy":"post_tag","embeddable":true,"href":"https:\/\/imagazine.it\/home_desk\/wp-json\/wp\/v2\/tags?post=45161"}],"curies":[{"name":"wp","href":"https:\/\/api.w.org\/{rel}","templated":true}]}}