{"id":45153,"date":"2022-11-07T00:00:00","date_gmt":"2022-11-06T23:00:00","guid":{"rendered":"https:\/\/imagazine.it\/?p=45153"},"modified":"2022-11-07T00:00:00","modified_gmt":"2022-11-06T23:00:00","slug":"orientamento-oltre-7-mila-studenti-attesi-a-pordenone","status":"publish","type":"post","link":"https:\/\/imagazine.it\/home_desk\/orientamento-oltre-7-mila-studenti-attesi-a-pordenone\/","title":{"rendered":"Orientamento, oltre 7 mila studenti attesi a Pordenone"},"content":{"rendered":"<p> \tRitorna<strong> Punto di Incontro<\/strong>, <strong>Salone dell\u2019orientamento, formazione e lavoro, <\/strong>la 14^ edizione \u00e8 il programma <strong>il 9 e 10 novembre <\/strong>2022 alla<strong> Fiera di Pordenone <\/strong>e sar\u00e0 come sempre un\u2019occasione di informazione, confronto e dialogo, aperto a tutti coloro che sono interessati ad approfondire le opportunit\u00e0 di formazione e lavoro.<\/p>\n<p> \tUn\u2019occasione unica in Friuli Venezia Giulia per informarsi e confrontarsi con circa 100 realt\u00e0 imprenditoriali, formative, istituzionali, per trovare concreti spunti di riflessione conoscendo in maniera puntuale percorsi di studio, opportunit\u00e0 lavorative, occasioni di formazione in Italia e all\u2019estero.<\/p>\n<p> \tA oggi hanno aderito alla manifestazione <strong>circa 7.000 studenti di oltre 50 scuole superiori<\/strong> con sede in tutto il Friuli Venezia Giulia e nelle provincie di Venezia, Treviso e Belluno. Ad attenderli due giorni densi di appuntamenti, all\u2019interno di una Fiera che si rivolge alle giovani generazioni, alla ricerca di spunti per orientarsi nelle <strong>scelte formative post-diploma<\/strong> e nelle prime <strong>opportunit\u00e0 lavorative<\/strong>, ma anche a chi desidera <strong>riqualificare il proprio profilo<\/strong> professionale, specializzarsi o cambiare impiego.<\/p>\n<p> \tIn queste due giornate, i visitatori possono entrare in contatto con pi\u00f9 di ottanta espositori tra <strong>universit\u00e0<\/strong> (Accademia del Lusso e Bocconi di Milano, IUAV di Venezia, Universit\u00e0 di Trieste, Bolzano, Trento e Genova, Accademia delle Belle Arti di Brescia Santa Giulia, Accademia di Costume e Moda di Roma, la Link Campus University solo per citarne alcuni), <strong>ITS e formazione post diploma<\/strong> (Accademia Nautica dell\u2019Adriatico, Nuove Tecnologie della Vita Alessandro Volta, ITS Alto Adriatico, ITS Academy Agroalimentare Veneto, MITS Malignani, ITS Cosmo Fashion Academy), <strong>business school, imprese, forze dell\u2019ordine, servizi per l\u2019impiego, e pi\u00f9 di 30 tra agenzie del lavoro e aziende<\/strong>, associazioni di categoria, ordini professionali, istituzioni.<\/p>\n<p> \tChe universit\u00e0 o corso post diploma scegliere? Come muovere i primi passi nel mondo del lavoro? A queste e molte altre domande la Regione risponde attraverso i servizi della Direzione centrale lavoro, formazione, istruzione e famiglia: centri di orientamento, centri per l\u2019impiego, politiche giovanili, contributi per il diritto allo studio, mobilit\u00e0 professionale all\u2019estero e tanto altro.<\/p>\n<p> \tQuesto format fieristico, ormai consolidato, propone oltre agli stand espositivi, un <strong>programma di incontri completamente gratuiti<\/strong>, quasi tutti sold out ancora prima dell\u2019inizio della manifestazione. In calendario, ci sono infatti <strong>oltre 150 workshop e incontri<\/strong> nelle 12 sale allestite all\u2019interno dei padiglioni 3 e 4, tutti con un taglio molto pratico, proprio per offrire ai partecipanti spunti e aiuti concreti. Tanti consigli per scrivere il proprio CV e sostenere in modo brillante un colloquio di lavoro e ancora opportunit\u00e0 per parlare di imprenditorialit\u00e0 e libera professione, ma anche presentazioni di aziende e ordini professionali, universit\u00e0 e scuole di specializzazione.<\/p>\n<p> \tAnche il mondo del lavoro \u00e8 protagonista a Punto di Incontro grazie alla presenza di 16 aziende e alcuni importanti partnership alla ricerca di talenti all\u2019interno dell\u2019area denominata <strong>Sistema Alto Adriatico coordinata da Confindustria Alto Adriatico.<\/strong><\/p>\n<p> \tAll\u2019interno del <u><a href=\"http:\/\/www.incontropordenone.it\/\" target=\"_blank\" rel=\"noopener\"><span style=\"color:#0000cd;\">sito web della manifestazione<\/span><\/a><\/u> un\u2019intera sezione \u00e8 dedicata proprio al <strong><em>Talent Matching<\/em><\/strong>, qui sono raccolte oltre ottanta offerte di lavoro relative a posizioni aperte in diverse aziende, alla ricerca di profili con diverse professionalit\u00e0. Durante le due giornate di Punto di Incontro, gli interessati potranno <strong>presentare il proprio CV<\/strong> e <strong>sostenere un primo colloquio direttamente in fiera<\/strong>.<\/p>\n<p> \tLa manifestazione \u00e8 organizzata da <strong>Pordenone Fiere<\/strong> e <strong>Fondazione Friuli <\/strong>con il patrocinio dell\u2019<strong>Ufficio Scolastico Regionale <\/strong>per il Friuli Venezia Giulia. Punto di Incontro \u00e8 realizzato con la collaborazione di diverse realt\u00e0 del territorio, che formano il <strong>Comitato Promotore<\/strong>: <strong>Camera <\/strong><\/p>\n<p> \t<strong>di Commercio di Pordenone e Udine, Concentro Azienda Speciale della Camera di Commercio di Pordenone e Udine, Regione Friuli Venezia Giulia, Comune di Pordenone, Consorzio Universitario di Pordenone, Confindustria Alto Adriatico<\/strong>. Main sponsor della fiera \u00e8 la <strong>Banca di Credito Cooperativo Pordenonese e Monsile<\/strong>, che sostiene l\u2019iniziativa.<\/p>\n<p> \tLa manifestazione rappresenta senza dubbio un progetto dal forte impatto sociale, sul quale lavora questo Comitato che ogni anno cerca di apportare nuovo valore aggiunto alla fiera, al fine di renderla sempre in linea con gli sviluppi del mondo del lavoro e della formazione.<\/p>\n<p> \tSi rinnova, inoltre, anche quest\u2019anno la collaborazione con l\u2019Istituto di Istruzione Superiore \u201c<strong>Federico Flora\u201d di Pordenone<\/strong> e Istituto Tecnico <strong>\u201cJ. Sansovino di Oderzo\u201d<\/strong> che mette a disposizione dell\u2019organizzazione i propri ragazzi nel servizio hostess: un\u2019occasione per muovere i primi passi nel mondo del lavoro e mettersi alla prova<\/p>\n<p> \t\u201cPunto di Incontro, durante questi anni, \u00e8 diventato un appuntamento di grande richiamo sia per le scuole che per le imprese e gli enti attivi nel campo della formazione. Il fine di questa manifestazione \u00e8 proprio creare occasioni di confronto intorno alla tematica \u2018futuro\u2019, estremamente sensibile per i nostri giovani, ma anche per tutte quelle persone desiderose di rimettersi in gioco nel mondo del lavoro, riqualificando il proprio profilo professionale o cercando nuove opportunit\u00e0\u201d sostiene il presidente di Pordenone Fiere, <strong>Renato Pujatti<\/strong>.<\/p>\n<p> \t\u201cSiamo molto orgogliosi di aver costruito un evento di questo tipo e di questa portata. Il fatto che vi siano espositori che partecipano da diversi anni e che sempre pi\u00f9 realt\u00e0 dalle altre regioni di Italia scelgano Punto di Incontro per cercare talenti, \u00e8 un segnale molto importante che ci fa capire di essere sulla strada giusta e ci stimola a voler fare sempre meglio. Come Pordenone Fiere ci siamo dedicati molto alla realizzazione di questa manifestazione, insieme alla Fondazione Friuli, all\u2019Ufficio Scolastico Regionale e a tutto il Comitato Promotore: a queste realt\u00e0 vanno i nostri ringraziamenti per il costante impegno nel costruire una fiera sempre al passo con i tempi e in grado di fornire risposte e stimoli a tutti i visitatori che avranno l\u2019occasione di partecipare\u201d conclude Pujatti.<\/p>\n<p> \t\u00a0<\/p>\n","protected":false},"excerpt":{"rendered":"<p>14^ Edizione di Punto di Incontro<\/p>\n","protected":false},"author":28,"featured_media":45154,"comment_status":"closed","ping_status":"closed","sticky":false,"template":"","format":"standard","meta":{"dwc-title":[],"dwc-content":[],"footnotes":""},"categories":[6],"tags":[],"class_list":["post-45153","post","type-post","status-publish","format-standard","has-post-thumbnail","hentry","category-societa"],"rttpg_featured_image_url":{"full":["https:\/\/imagazine.it\/wp-content\/uploads\/2024\/01\/50679-1.webp",1600,1200,false],"landscape":["https:\/\/imagazine.it\/wp-content\/uploads\/2024\/01\/50679-1.webp",1600,1200,false],"portraits":["https:\/\/imagazine.it\/wp-content\/uploads\/2024\/01\/50679-1.webp",1600,1200,false],"thumbnail":["https:\/\/imagazine.it\/wp-content\/uploads\/2024\/01\/50679-1-150x150.webp",150,150,true],"medium":["https:\/\/imagazine.it\/wp-content\/uploads\/2024\/01\/50679-1-300x225.webp",300,225,true],"large":["https:\/\/imagazine.it\/wp-content\/uploads\/2024\/01\/50679-1-1024x768.webp",640,480,true],"thumblist":["https:\/\/imagazine.it\/wp-content\/uploads\/2024\/01\/50679-1.webp",300,225,false],"thumbrelated":["https:\/\/imagazine.it\/wp-content\/uploads\/2024\/01\/50679-1.webp",500,375,false],"meccarouselthumb":["https:\/\/imagazine.it\/wp-content\/uploads\/2024\/01\/50679-1.webp",432,324,false],"gridsquare":["https:\/\/imagazine.it\/wp-content\/uploads\/2024\/01\/50679-1.webp",347,260,false],"tileview":["https:\/\/imagazine.it\/wp-content\/uploads\/2024\/01\/50679-1.webp",300,225,false],"1536x1536":["https:\/\/imagazine.it\/wp-content\/uploads\/2024\/01\/50679-1-1536x1152.webp",1536,1152,true],"2048x2048":["https:\/\/imagazine.it\/wp-content\/uploads\/2024\/01\/50679-1.webp",1600,1200,false],"newsup-slider-full":["https:\/\/imagazine.it\/wp-content\/uploads\/2024\/01\/50679-1-1280x720.webp",1280,720,true],"newsup-featured":["https:\/\/imagazine.it\/wp-content\/uploads\/2024\/01\/50679-1-1024x768.webp",1024,768,true],"newsup-medium":["https:\/\/imagazine.it\/wp-content\/uploads\/2024\/01\/50679-1-720x380.webp",720,380,true],"tptn_thumbnail":["https:\/\/imagazine.it\/wp-content\/uploads\/2024\/01\/50679-1.webp",250,188,false],"sow-carousel-default":["https:\/\/imagazine.it\/wp-content\/uploads\/2024\/01\/50679-1-272x182.webp",272,182,true]},"rttpg_author":{"display_name":"redazione","author_link":"https:\/\/imagazine.it\/home_desk\/author\/redazione\/"},"rttpg_comment":0,"rttpg_category":"<a href=\"https:\/\/imagazine.it\/home_desk\/category\/societa\/\" rel=\"category tag\">SOCIET\u00c0<\/a>","rttpg_excerpt":"14^ Edizione di Punto di Incontro","_links":{"self":[{"href":"https:\/\/imagazine.it\/home_desk\/wp-json\/wp\/v2\/posts\/45153","targetHints":{"allow":["GET"]}}],"collection":[{"href":"https:\/\/imagazine.it\/home_desk\/wp-json\/wp\/v2\/posts"}],"about":[{"href":"https:\/\/imagazine.it\/home_desk\/wp-json\/wp\/v2\/types\/post"}],"author":[{"embeddable":true,"href":"https:\/\/imagazine.it\/home_desk\/wp-json\/wp\/v2\/users\/28"}],"replies":[{"embeddable":true,"href":"https:\/\/imagazine.it\/home_desk\/wp-json\/wp\/v2\/comments?post=45153"}],"version-history":[{"count":0,"href":"https:\/\/imagazine.it\/home_desk\/wp-json\/wp\/v2\/posts\/45153\/revisions"}],"wp:featuredmedia":[{"embeddable":true,"href":"https:\/\/imagazine.it\/home_desk\/wp-json\/wp\/v2\/media\/45154"}],"wp:attachment":[{"href":"https:\/\/imagazine.it\/home_desk\/wp-json\/wp\/v2\/media?parent=45153"}],"wp:term":[{"taxonomy":"category","embeddable":true,"href":"https:\/\/imagazine.it\/home_desk\/wp-json\/wp\/v2\/categories?post=45153"},{"taxonomy":"post_tag","embeddable":true,"href":"https:\/\/imagazine.it\/home_desk\/wp-json\/wp\/v2\/tags?post=45153"}],"curies":[{"name":"wp","href":"https:\/\/api.w.org\/{rel}","templated":true}]}}