{"id":45121,"date":"2022-11-03T00:00:00","date_gmt":"2022-11-02T23:00:00","guid":{"rendered":"https:\/\/imagazine.it\/?p=45121"},"modified":"2022-11-03T00:00:00","modified_gmt":"2022-11-02T23:00:00","slug":"la-scelta-di-maria-da-aquileia-e-pechino","status":"publish","type":"post","link":"https:\/\/imagazine.it\/home_desk\/la-scelta-di-maria-da-aquileia-e-pechino\/","title":{"rendered":"&#8220;La scelta di Maria&#8221; da Aquileia e Pechino"},"content":{"rendered":"<p> \t<strong>Vener<\/strong><strong>d\u00ec 4 novembre<\/strong>, in occasione dell\u2019<strong>anniversario dalla tumulazione del Milite Ignoto all\u2019Altare della Patria <\/strong>(4 novembre 1921), va in onda <strong>in prima serata<\/strong> su <strong>Rai3<\/strong> il docu-film\u00a0diretto da <strong>Francesco Miccich\u00e8\u00a0 <\/strong>e prodotto da<strong> Gloria Giorgianni <\/strong><strong>\u201c<u><a href=\"http:\/\/www.imagazine.it\/notizie-trieste-gorizia-udine-friuli\/10703\" target=\"_blank\" rel=\"noopener\"><span style=\"color:#0000cd;\">La Scelta Di Maria<\/span><\/a><\/u><\/strong>\u201d, con<strong> Sonia Bergamasco <\/strong>nel ruolo della \u201cmadre d\u2019Italia\u201d <strong><em>Maria Bergamas<\/em><\/strong>, una produzione <strong>Anele<\/strong> in collaborazione con <strong>Rai Cinema<\/strong>, con il patrocinio del <strong>Ministero della Difesa<\/strong>, in collaborazione con la <strong>Struttura di missione per la valorizzazione degli anniversari nazionali \u2013 Presidenza del Consiglio dei Ministri<\/strong>, in co-produzione con <strong>Luce-Cinecitt\u00e0<\/strong> e con <strong>Tenderstories<\/strong>, con il contributo di <strong>Fondazione Aquileia, Regione Friuli Venezia Giulia, Promoturismo FVG<\/strong> e il sostegno di <strong>Intesa Sanpaolo <\/strong>e <strong>Comune di Aquileia<\/strong>.<\/p>\n<p> \tUn progetto<strong> riconosciuto e apprezzato anche dalle istituzioni internazionali<\/strong>: <strong>sabato 5 novembre<\/strong>, nell\u2019ambito delle celebrazioni per la <strong>Festa dell\u2019Unit\u00e0 Nazionale e delle Forza Armate<\/strong>, il docu-film verr\u00e0 proiettato all\u2019Istituto Italiano di Cultura all\u2019interno dell\u2019<strong>Ambasciata Italiana a Pechino<\/strong>, dopo esser gi\u00e0 stato proiettato lo scorso giugno al <strong>Parlamento Europeo di Bruxelles <\/strong>in occasione di una tavola rotonda dedicata al ruolo delle donne nei conflitti, alla presenza di numerose istituzioni e al cast del film.<\/p>\n<p> \tIl docu-film andato in onda per la prima volta lo scorso anno su Rai1, <u><a href=\"http:\/\/www.imagazine.it\/notizie-trieste-gorizia-udine-friuli\/11211\" target=\"_blank\" rel=\"noopener\"><span style=\"color:#0000cd;\"><strong>riscuotendo ottimi risultati di pubblico e critica<\/strong> con quasi <strong>4 milioni di telespettatori<\/strong> e il <strong>18% di share<\/strong><\/span><\/a><\/u>, viene riproposto <strong>su Rai3<\/strong> nello storico anniversario. Attraverso le interpretazioni di <strong>Sonia Bergamasco<\/strong> (<strong><em>Maria Bergamas<\/em><\/strong>), di <strong>Cesare Bocci<\/strong>, nel ruolo del Ministro della Guerra <strong><em>Luigi Gasparotto<\/em><\/strong>, e di <strong>Alessio Vassallo<\/strong> nei panni del tenente <strong><em>Augusto Tognasso<\/em><\/strong>, il docu-film ripercorre la vicenda politica, sociale e umana dietro la nascita del Milite Ignoto, integrando il racconto con preziosi <strong>repertori d\u2019epoca<\/strong>, <strong>animazioni originali<\/strong> e una <strong>serie di \u201cinterviste ricostruite\u201d ai protagonisti della storia<\/strong>, interpretati dai rispettivi attori, per restituire alle nuove generazioni un <strong>ritratto umano e profondo<\/strong> di chi ha vissuto in prima persona una vicenda storica senza precedenti, capace di rappresentare gli stati d\u2019animo e le emozioni di un intero Paese, profondamente scosso dalla distruzione e dallo smarrimento generati dalla Grande Guerra.<\/p>\n<p> \tIl racconto del docu-film prende il via proprio nel \u201c<em>biennio rosso<\/em>\u201d successivo alla Prima Guerra Mondiale, in un\u2019Italia in piena crisi economica, sconvolta da profonde divisioni politiche e sociali. \u00c8 in questo contesto che il ministro della guerra <strong>Luigi Gasparotto<\/strong> istitu\u00ec due commissioni che lavoravano tra Gorizia e Aquileia: la prima, formata da un medico e sei reduci pluridecorati, tra cui il tenente<strong> Augusto Tognasso<\/strong>, aveva il compito di cercare <strong>undici salme di soldati non riconoscibili<\/strong> nei luoghi in cui erano avvenute le battaglie pi\u00f9 cruente; la seconda doveva scegliere <strong>una madre che aveva perso un figlio in guerra<\/strong>. Questa donna avrebbe dovuto indicare una delle undici salme trovate dalla prima commissione per farne un <strong>simbolo di tutti i caduti in guerra mai identificati<\/strong>, il <strong>Milite Ignoto<\/strong>.\u00a0<\/p>\n<p> \tLa narrazione ripercorre il momento in cui <strong>Maria Bergamas<\/strong>, una contadina alla quale era rimasta solo una lettera del figlio Antonio, venne scelta come \u201cmadre d\u2019Italia\u201d tra la commozione di tutta la commissione, e quello della mattina del <strong>28 ottobre 1921<\/strong> quando, nella cattedrale di Aquileia, lei si inginocchi\u00f2 davanti alla decima bara, decretando cos\u00ec il <strong>Milite Ignoto<\/strong>, fino allo <strong>storico viaggio in treno<\/strong> che trasport\u00f2 la salma da Aquileia a Roma. Un viaggio di 120 soste durato 4 giorni, a bordo del quale Maria Bergamas e il tenente Tognasso assistettero ad uno spettacolo unico: <strong>in tutte le tappe, intere<\/strong> <strong>folle di persone si inchinavano, pregavano e salutavano<\/strong>. Il Milite Ignoto divenne il simbolo del dolore di tutti gli italiani; quel viaggio, un momento di elaborazione di un lutto collettivo in cui si ritrovarono vicine le diverse anime del Paese.<\/p>\n<p> \tIl racconto si chiude a Roma, dove il convoglio venne accolto dal Re \u201csoldato\u201d <strong>Vittorio Emanuele III<\/strong>. \u00a0Nello stesso istante, nelle citt\u00e0 di tutta Italia, ci fu un <strong>lungo e silenzioso momento di cordoglio<\/strong>, voluto dal <strong>Ministro Gasparotto<\/strong>, scandito solo dai pianti delle madri, dai rintocchi delle campane e da ventun colpi di cannone. Il <strong>Milite Ignoto venne tumulato il 4 novembre 1921 all\u2019Altare della Patria<\/strong> dove, ancora oggi, \u00e8 vegliato senza sosta dai militari di tutte le armi che a turno rendono onore al soldato senza identit\u00e0, simbolo di un Paese per una volta unito. Quando Maria mor\u00ec, nel 1953, chiese di essere sepolta dietro la cattedrale di Aquileia, a fianco delle altre dieci salme di soldati ignoti che lei non scelse.<\/p>\n<p> \t\u00a0<\/p>\n","protected":false},"excerpt":{"rendered":"<p>Nuova proiezione in prima serata sulla Rai<\/p>\n","protected":false},"author":28,"featured_media":45122,"comment_status":"closed","ping_status":"closed","sticky":false,"template":"","format":"standard","meta":{"dwc-title":[],"dwc-content":[],"footnotes":""},"categories":[37],"tags":[],"class_list":["post-45121","post","type-post","status-publish","format-standard","has-post-thumbnail","hentry","category-cultura-e-spettacolo"],"rttpg_featured_image_url":{"full":["https:\/\/imagazine.it\/wp-content\/uploads\/2024\/01\/50612-1.webp",1000,667,false],"landscape":["https:\/\/imagazine.it\/wp-content\/uploads\/2024\/01\/50612-1.webp",1000,667,false],"portraits":["https:\/\/imagazine.it\/wp-content\/uploads\/2024\/01\/50612-1.webp",1000,667,false],"thumbnail":["https:\/\/imagazine.it\/wp-content\/uploads\/2024\/01\/50612-1-150x150.webp",150,150,true],"medium":["https:\/\/imagazine.it\/wp-content\/uploads\/2024\/01\/50612-1-300x200.webp",300,200,true],"large":["https:\/\/imagazine.it\/wp-content\/uploads\/2024\/01\/50612-1.webp",640,427,false],"thumblist":["https:\/\/imagazine.it\/wp-content\/uploads\/2024\/01\/50612-1.webp",300,200,false],"thumbrelated":["https:\/\/imagazine.it\/wp-content\/uploads\/2024\/01\/50612-1.webp",500,334,false],"meccarouselthumb":["https:\/\/imagazine.it\/wp-content\/uploads\/2024\/01\/50612-1.webp",474,316,false],"gridsquare":["https:\/\/imagazine.it\/wp-content\/uploads\/2024\/01\/50612-1.webp",391,260,false],"tileview":["https:\/\/imagazine.it\/wp-content\/uploads\/2024\/01\/50612-1.webp",300,200,false],"1536x1536":["https:\/\/imagazine.it\/wp-content\/uploads\/2024\/01\/50612-1.webp",1000,667,false],"2048x2048":["https:\/\/imagazine.it\/wp-content\/uploads\/2024\/01\/50612-1.webp",1000,667,false],"newsup-slider-full":["https:\/\/imagazine.it\/wp-content\/uploads\/2024\/01\/50612-1.webp",1000,667,false],"newsup-featured":["https:\/\/imagazine.it\/wp-content\/uploads\/2024\/01\/50612-1.webp",1000,667,false],"newsup-medium":["https:\/\/imagazine.it\/wp-content\/uploads\/2024\/01\/50612-1-720x380.webp",720,380,true],"tptn_thumbnail":["https:\/\/imagazine.it\/wp-content\/uploads\/2024\/01\/50612-1.webp",250,167,false],"sow-carousel-default":["https:\/\/imagazine.it\/wp-content\/uploads\/2024\/01\/50612-1-272x182.webp",272,182,true]},"rttpg_author":{"display_name":"redazione","author_link":"https:\/\/imagazine.it\/home_desk\/author\/redazione\/"},"rttpg_comment":0,"rttpg_category":"<a href=\"https:\/\/imagazine.it\/home_desk\/category\/cultura-e-spettacolo\/\" rel=\"category tag\">CULTURA&amp;SPETTACOLO<\/a>","rttpg_excerpt":"Nuova proiezione in prima serata sulla Rai","_links":{"self":[{"href":"https:\/\/imagazine.it\/home_desk\/wp-json\/wp\/v2\/posts\/45121","targetHints":{"allow":["GET"]}}],"collection":[{"href":"https:\/\/imagazine.it\/home_desk\/wp-json\/wp\/v2\/posts"}],"about":[{"href":"https:\/\/imagazine.it\/home_desk\/wp-json\/wp\/v2\/types\/post"}],"author":[{"embeddable":true,"href":"https:\/\/imagazine.it\/home_desk\/wp-json\/wp\/v2\/users\/28"}],"replies":[{"embeddable":true,"href":"https:\/\/imagazine.it\/home_desk\/wp-json\/wp\/v2\/comments?post=45121"}],"version-history":[{"count":0,"href":"https:\/\/imagazine.it\/home_desk\/wp-json\/wp\/v2\/posts\/45121\/revisions"}],"wp:featuredmedia":[{"embeddable":true,"href":"https:\/\/imagazine.it\/home_desk\/wp-json\/wp\/v2\/media\/45122"}],"wp:attachment":[{"href":"https:\/\/imagazine.it\/home_desk\/wp-json\/wp\/v2\/media?parent=45121"}],"wp:term":[{"taxonomy":"category","embeddable":true,"href":"https:\/\/imagazine.it\/home_desk\/wp-json\/wp\/v2\/categories?post=45121"},{"taxonomy":"post_tag","embeddable":true,"href":"https:\/\/imagazine.it\/home_desk\/wp-json\/wp\/v2\/tags?post=45121"}],"curies":[{"name":"wp","href":"https:\/\/api.w.org\/{rel}","templated":true}]}}