{"id":45119,"date":"2022-11-03T00:00:00","date_gmt":"2022-11-02T23:00:00","guid":{"rendered":"https:\/\/imagazine.it\/?p=45119"},"modified":"2022-11-03T00:00:00","modified_gmt":"2022-11-02T23:00:00","slug":"protezione-civile-nuovi-mezzi-e-divise-per-i-volontari","status":"publish","type":"post","link":"https:\/\/imagazine.it\/home_desk\/protezione-civile-nuovi-mezzi-e-divise-per-i-volontari\/","title":{"rendered":"Protezione civile, nuovi mezzi e divise per i volontari"},"content":{"rendered":"<p> \tGrazie due distinte delibere di Giunta, sono in arrivo <strong>nuovi veicoli speciali, mezzi, divise dispositivi di protezione individuale<\/strong> per le <strong>squadre comunali e le associazioni di volontariato di Protezione civile<\/strong> per oltre <strong>8,4 milioni di euro<\/strong>.<\/p>\n<p> \tQuesti rappresentano i primi stanziamenti in quanto ne seguiranno altri per completare il rafforzamento del sistema di volontariato della Protezione civile regionale.<br \/> \t&#8220;Le linee di finanziamento per il potenziamento del volontariato \u2013 ha spiegato il vicegovernatore e assessore con delega alla Protezione civile del Friuli Venezia Giulia, <strong>Riccardo Riccardi<\/strong>, che ha proposto all&#39;Esecutivo l&#39;approvazione dei due atti \u2013 hanno l&#39;obiettivo di rendere sempre pi\u00f9 autonomi, specializzati e preparati i gruppi comunali. Questi potranno cos\u00ec operare con mezzi adeguati alle caratteristiche del loro territorio, in piena sinergia con il centro di Palmanova, nel caso si renda necessario a seguito di eventi critici&#8221;.<\/p>\n<p> \tTre le linee di contribuzione. La prima, di oltre 1,2 milioni di euro, va a finanziare la <strong>sostituzione dei mezzi che hanno pi\u00f9 di 25 anni<\/strong>. Hanno fatto richiesta e otterranno i veicoli i <strong>Comuni di Buttrio, Medea, Socchieve, Castelnovo del Friuli, San Leonardo, Artegna, Dignano, Clauzetto, Sauris, Ragogna, Ravascletto, Torreano, Villa Santina, Osoppo, Enemonzo, San Vito al Tagliamento, Monrupino, Forgaria nel Friuli, Manzano, Palmanova, Arta Terme, Duino Aurisina, Cividale del Friuli, Cordovado, Monfalcone, Lignano Sabbiadoro, Udine e Trieste<\/strong>.<\/p>\n<p> \tLa seconda linea di contribuzione riguarda invece la cessione di veicoli, attualmente di propriet\u00e0 della Protezione civile regionale, alle squadre comunali che ne hanno pi\u00f9 bisogno in base al numero di volontari e al numero di mezzi gi\u00e0 in dotazione. Si tratta di 18 veicoli tra autovetture e autocarri, in fase di dismissione, che saranno ricondizionati e assegnati poi ai Comuni di <strong>Savogna, Pozzuolo del Friuli, Tarcento, San Giorgio di Nogaro, Fiume Veneto, Tarvisio, Mortegliano, Remanzacco, Chiopris Viscone, Aiello del Friuli, Pasian di Prato, Marano Lagunare, Ruda, Aquileia, San Giovanni al Natisone, Zuglio, Pasiano di Pordenone e Aviano<\/strong>.<\/p>\n<p> \tLa terza linea di contribuzione, di oltre 3,8 milioni di euro, riguarda nuove dotazioni di veicoli e attrezzature speciali. Si tratta di mezzi particolari, che al momento, non sono nella disponibilit\u00e0 delle squadre comunali e che risultano indispensabili per gestire le specifiche emergenze dei singoli territori, siano rivieraschi, di pianura o montani.<\/p>\n<p> \tPer la terza linea di contribuzione sono state favorite le aggregazioni tra singole municipalit\u00e0: i veicoli speciali, cio\u00e8, saranno affidati a Comuni capofila cui fanno riferimento pi\u00f9 squadre di volontari (quindi dove gli uomini e le donne sono pi\u00f9 numerosi). I mezzi saranno assegnati, anche per conto degli altri Municipi richiedenti, ai Comuni di <strong>Latisana, Ronchi dei Legionari, Gemona del Friuli, Trieste, Campolongo Tapogliano, Pordenone, Romans d&#39;Isonzo, Moimacco, Arta Terme, Rigolato, Fiumicello Villa Vicentina, Sagrado, Tarvisio, Tavagnacco, Vito d&#39;Asio, Gorizia, Grado, Mortegliano ed Erto e Casso<\/strong>.<\/p>\n<p> \tI veicoli speciali saranno concessi in comodato ai Comuni con il vincolo di metterli a disposizione della Protezione civile regionale in caso di emergenza con un sufficiente numero di volontari, e con il vincolo di eseguire periodicamente delle esercitazioni che consentano la conoscenza del mezzo e il buon funzionamento dello stesso mezzo.<\/p>\n<p> \t&#8220;Con una precedente delibera di Giunta &#8211; ha spiegato ancora Riccardi -, abbiamo assegnato importanti risorse per la sostituzione delle divise e dei dispositivi di protezione individuali a tutti i gruppi comunali di Protezione civile, 215 in tutto il Friuli Venezia Giulia, per oltre 1,6 milioni di euro, gi\u00e0 nelle disponibilit\u00e0 dei Comuni&#8221;.<\/p>\n<p> \t&#8220;Quasi 80 mila euro sono stati messi a disposizione delle associazioni di Protezione civile, con la stessa finalit\u00e0, mentre oltre un milione di euro potr\u00e0 essere utilizzato per l&#39;implementazione del servizio antincendio boschivo, anche in questo ultimo caso gi\u00e0 nelle disponibilit\u00e0 dei Comuni&#8221;, ha aggiunto Riccardi ricordando l&#39;importanza di disporre di attrezzature adeguate in momenti di emergenza come sono stati Vaia e gli incendi dell&#39;estate appena trascorsa.<\/p>\n<p> \t\u00a0<\/p>\n","protected":false},"excerpt":{"rendered":"<p>Stanziati 8,4 milioni di euro<\/p>\n","protected":false},"author":28,"featured_media":45120,"comment_status":"closed","ping_status":"closed","sticky":false,"template":"","format":"standard","meta":{"dwc-title":[],"dwc-content":[],"footnotes":""},"categories":[5],"tags":[],"class_list":["post-45119","post","type-post","status-publish","format-standard","has-post-thumbnail","hentry","category-attualita"],"rttpg_featured_image_url":{"full":["https:\/\/imagazine.it\/wp-content\/uploads\/2024\/01\/50611-1-scaled.webp",2560,1440,false],"landscape":["https:\/\/imagazine.it\/wp-content\/uploads\/2024\/01\/50611-1-scaled.webp",2560,1440,false],"portraits":["https:\/\/imagazine.it\/wp-content\/uploads\/2024\/01\/50611-1-scaled.webp",2560,1440,false],"thumbnail":["https:\/\/imagazine.it\/wp-content\/uploads\/2024\/01\/50611-1-150x150.webp",150,150,true],"medium":["https:\/\/imagazine.it\/wp-content\/uploads\/2024\/01\/50611-1-300x169.webp",300,169,true],"large":["https:\/\/imagazine.it\/wp-content\/uploads\/2024\/01\/50611-1-1024x576.webp",640,360,true],"thumblist":["https:\/\/imagazine.it\/wp-content\/uploads\/2024\/01\/50611-1-scaled.webp",300,169,false],"thumbrelated":["https:\/\/imagazine.it\/wp-content\/uploads\/2024\/01\/50611-1-scaled.webp",500,281,false],"meccarouselthumb":["https:\/\/imagazine.it\/wp-content\/uploads\/2024\/01\/50611-1-scaled.webp",474,267,false],"gridsquare":["https:\/\/imagazine.it\/wp-content\/uploads\/2024\/01\/50611-1-scaled.webp",391,220,false],"tileview":["https:\/\/imagazine.it\/wp-content\/uploads\/2024\/01\/50611-1-scaled.webp",300,169,false],"1536x1536":["https:\/\/imagazine.it\/wp-content\/uploads\/2024\/01\/50611-1-1536x864.webp",1536,864,true],"2048x2048":["https:\/\/imagazine.it\/wp-content\/uploads\/2024\/01\/50611-1-2048x1152.webp",2048,1152,true],"newsup-slider-full":["https:\/\/imagazine.it\/wp-content\/uploads\/2024\/01\/50611-1-1280x720.webp",1280,720,true],"newsup-featured":["https:\/\/imagazine.it\/wp-content\/uploads\/2024\/01\/50611-1-1024x576.webp",1024,576,true],"newsup-medium":["https:\/\/imagazine.it\/wp-content\/uploads\/2024\/01\/50611-1-720x380.webp",720,380,true],"tptn_thumbnail":["https:\/\/imagazine.it\/wp-content\/uploads\/2024\/01\/50611-1-scaled.webp",250,141,false],"sow-carousel-default":["https:\/\/imagazine.it\/wp-content\/uploads\/2024\/01\/50611-1-272x182.webp",272,182,true]},"rttpg_author":{"display_name":"redazione","author_link":"https:\/\/imagazine.it\/home_desk\/author\/redazione\/"},"rttpg_comment":0,"rttpg_category":"<a href=\"https:\/\/imagazine.it\/home_desk\/category\/attualita\/\" rel=\"category tag\">ATTUALIT\u00c0<\/a>","rttpg_excerpt":"Stanziati 8,4 milioni di euro","_links":{"self":[{"href":"https:\/\/imagazine.it\/home_desk\/wp-json\/wp\/v2\/posts\/45119","targetHints":{"allow":["GET"]}}],"collection":[{"href":"https:\/\/imagazine.it\/home_desk\/wp-json\/wp\/v2\/posts"}],"about":[{"href":"https:\/\/imagazine.it\/home_desk\/wp-json\/wp\/v2\/types\/post"}],"author":[{"embeddable":true,"href":"https:\/\/imagazine.it\/home_desk\/wp-json\/wp\/v2\/users\/28"}],"replies":[{"embeddable":true,"href":"https:\/\/imagazine.it\/home_desk\/wp-json\/wp\/v2\/comments?post=45119"}],"version-history":[{"count":0,"href":"https:\/\/imagazine.it\/home_desk\/wp-json\/wp\/v2\/posts\/45119\/revisions"}],"wp:featuredmedia":[{"embeddable":true,"href":"https:\/\/imagazine.it\/home_desk\/wp-json\/wp\/v2\/media\/45120"}],"wp:attachment":[{"href":"https:\/\/imagazine.it\/home_desk\/wp-json\/wp\/v2\/media?parent=45119"}],"wp:term":[{"taxonomy":"category","embeddable":true,"href":"https:\/\/imagazine.it\/home_desk\/wp-json\/wp\/v2\/categories?post=45119"},{"taxonomy":"post_tag","embeddable":true,"href":"https:\/\/imagazine.it\/home_desk\/wp-json\/wp\/v2\/tags?post=45119"}],"curies":[{"name":"wp","href":"https:\/\/api.w.org\/{rel}","templated":true}]}}