{"id":45107,"date":"2022-11-02T00:00:00","date_gmt":"2022-11-01T23:00:00","guid":{"rendered":"https:\/\/imagazine.it\/?p=45107"},"modified":"2022-11-02T00:00:00","modified_gmt":"2022-11-01T23:00:00","slug":"gorizia-sempre-piu-terra-di-fiction","status":"publish","type":"post","link":"https:\/\/imagazine.it\/home_desk\/gorizia-sempre-piu-terra-di-fiction\/","title":{"rendered":"Gorizia sempre pi\u00f9 terra di fiction"},"content":{"rendered":"<p> \tSono iniziate lo scorso 26 settembre e proseguiranno fino al prossimo 12 novembre le riprese di <em><strong>\u201cEppure cadiamo felici\u201d<\/strong><\/em> la nuova serie tv prodotta da <strong>Publispei<\/strong> liberamente ispirata all\u2019omonimo romanzo di<strong> Enrico Galiano<\/strong>, pubblicato da Longanesi e tra i pi\u00f9 importanti successi editoriali degli ultimi anni.<\/p>\n<p> \tLa regia della serie, realizzata con il sostegno della <strong>Friuli Venezia Giulia Film Commission \u2013 PromoTurismoFVG<\/strong>, \u00e8 firmata dal goriziano <strong>Matteo Oleotto <\/strong><em>(\u201cZoran, il mio nipote scemo\u201d, \u201cTutta colpa della fata Morgana\u201d, \u201cVolevo fare la rockstar\u201d), <\/em>che in tutte le produzioni non manca mai di mettere in primo piano il territorio del Friuli Venezia Giulia.<\/p>\n<p> \tQuesta sua particolare sensibilit\u00e0 \u00e8 stata confermata anche in questa occasione: sono infatti <strong>oltre 40 i giorni di riprese sul territorio regionale<\/strong>, con <strong>un focus sulla citt\u00e0 di Gorizia<\/strong>, ma anche a <strong>Gradisca d\u2019Isonzo, Farra d\u2019Isonzo, Villesse<\/strong> e, oltre confine, a <strong>Nova Gorica<\/strong> per un totale di 400 figurazioni e 12 attori locali coinvolti.<\/p>\n<p> \tIl liceo che far\u00e0 da sfondo alle vicende della serie \u00e8 il polo liceale sloveno \u201cSimon Gregorcic Trubar\u201d di Gorizia, che diventer\u00e0 il \u201cLiceo Gioia\u201d.<\/p>\n<p> \tLa serie, che uscir\u00e0 la prossima primavera su RaiDue e Raiplay, si sviluppa in <strong>8 episodi<\/strong> scritti da <strong>Valerio D\u2019Annunzio <\/strong>e<strong> Vanessa Picciarelli <\/strong>e ha come protagonista Gioia Spada (<strong>Gaja Masciale<\/strong>, <em>\u201cSul pi\u00f9 bello\u201d<\/em>), che ha 16 anni e vive un\u2019adolescenza difficile. La sua giovane madre, Sabrina (<strong>Giorgia Wurth<\/strong>, <em>\u201cMaschi contro femmine\u201d, \u201cFemmine contro maschi\u201d<\/em>), \u00e8 la sua nemesi. Bellissima, spigliata, capace di attirare gli uomini come il miele, da quando ha lasciato suo padre diversi anni prima, non sembra riuscire a stare nello stesso posto per pi\u00f9 di poco tempo. Questa volta ha deciso di trasferirsi a <strong>Gorizia<\/strong>, a casa di nonna Claudia (<strong>Paola Sambo<\/strong>, <em>\u201cOcchiali neri\u201d, \u201cIl testimone invisibile\u201d<\/em>), la madre della madre di Gioia della quale lei ha un ricordo vago e lontano, annebbiato dall&#39;infanzia. Arrivata nella nuova scuola, Gioia si sente come un\u2019estranea con i suoi compagni perch\u00e9 non le interessano le mode, l\u2019appartenere a un gruppo e le feste. Una notte incontra un ragazzo che dice di chiamarsi Lo (<strong>Costantino Seghi <\/strong><em>\u201cL\u2019ombra del giorno\u201d<\/em>) e a mano a mano che i due si conoscono meglio, Gioia per la prima volta sente che qualcuno \u00e8 in grado di comprendere il suo mondo e per la prima volta sente di non essere pi\u00f9 sola. A completare il cast, l\u2019eclettico <strong>Matteo Branciamore<\/strong> (\u201c<em>I Cesaroni\u201d<\/em>) in un ruolo completamente nuovo, quello del Professor Bove un insegnante di fisica sui generis.<\/p>\n<p> \tPublispei, la casa di produzione che ha scelto di intraprendere questo nuovo progetto, \u00e8 famosa per avere la capacit\u00e0 di creare veri e propri <strong>brand dell\u2019audiovisivo.<\/strong> Tra i pi\u00f9 noti <em>\u201cUn Medico in Famiglia<\/em>\u201d, <em>\u201cI Cesaron<\/em>i, <em>\u201cTutti Pazzi per Amore\u201d<\/em>, \u201c<em>E\u2019 Arrivata la Felicit\u00e0\u201d<\/em> e<em> \u201cIo ti cercher\u00f2\u201d<\/em>.<\/p>\n<p> \tIl Friuli Venezia Giulia, grazie al lavoro di <strong>FVG Film Commission<\/strong>, agli oltre <strong>50 componenti di<\/strong> <strong>maestranze locali<\/strong>, alla meticolosa attivit\u00e0 di location scouting, si conferma meta molto ambita per le produzioni cinematografiche e televisive, a cui segue un movimento crescente di <strong>cine-turisti<\/strong>, curiosi di scoprire dal vivo gli scorci dei set pi\u00f9 famosi.<\/p>\n<p> \tHanno preso parte alla presentazione del progetto la produttrice <strong>Verdiana Bixio<\/strong>\u00a0di Publispei, il regista\u00a0<strong>Matteo Oleotto<\/strong>, gli interpreti<strong> Gaja Masciale <\/strong>e<strong> Costantino Seghi<\/strong>; per Friuli Venezia Giulia Film Commission la coordinatrice <strong>Chiara Valenti Omero<\/strong>, che ha moderato l\u2019incontro con la stampa.<\/p>\n<p> \t<em>\u201c<\/em>Per me \u2013 ha dichiarato <strong>Verdiana Bixio<\/strong> \u2013 \u00e8 un ritorno in Friuli Venezia Giulia in pochissimo tempo: dalla montagna (ndr le riprese del film \u201cFiori sopra l\u2019inferno) ora siamo a Gorizia e, chiss\u00e0, il prossimo passaggio sar\u00e0 sulla costa della regione? Ci siamo trovati e ci troviamo benissimo, lavoriamo con maestranze di primo livello e non posso che approfittare di questa sede per lanciare la proposta per un polo dell\u2019audiovisivo in Friuli Venezia Giulia, una sorta di centro nevralgico a mo\u2019 studi di Cinecitt\u00e0\u201d.<\/p>\n<p> \t\u201cTornare a Gorizia \u2013 le parole del regista <strong>Matteo Oleotto<\/strong> \u2013 per me \u00e8 sempre un modo per approfondire l\u2019interazione con un luogo che pu\u00f2 dare molto dal punto di vista del racconto cinematografico. Nel caso di progetti molto veloci come questo, dove il tempo \u00e8 limitato e i ritmi sono molto alti, girare in una citt\u00e0 come Gorizia aiuta perch\u00e9 ci permette di fare due o anche tre cambi di location al giorno, \u00e8 possibile prevedere eventuali variazioni di programma, e questo mi d\u00e0 la possibilit\u00e0 di concentrarmi completamente sulla storia a cui lavoriamo. La citt\u00e0 ha questa forza e girare qui porta a un risultato di alto livello. Infine, \u00e8 bello riviverla e rivederla con gli occhi di chi arriva qui e che non la conosce\u201d.<\/p>\n<p> \t\u00a0<\/p>\n","protected":false},"excerpt":{"rendered":"<p>Proseguono le riprese di \u201cEppure cadiamo felici\u201d<\/p>\n","protected":false},"author":28,"featured_media":45108,"comment_status":"closed","ping_status":"closed","sticky":false,"template":"","format":"standard","meta":{"dwc-title":[],"dwc-content":[],"footnotes":""},"categories":[37],"tags":[],"class_list":["post-45107","post","type-post","status-publish","format-standard","has-post-thumbnail","hentry","category-cultura-e-spettacolo"],"rttpg_featured_image_url":{"full":["https:\/\/imagazine.it\/wp-content\/uploads\/2024\/01\/50589-1.webp",1000,665,false],"landscape":["https:\/\/imagazine.it\/wp-content\/uploads\/2024\/01\/50589-1.webp",1000,665,false],"portraits":["https:\/\/imagazine.it\/wp-content\/uploads\/2024\/01\/50589-1.webp",1000,665,false],"thumbnail":["https:\/\/imagazine.it\/wp-content\/uploads\/2024\/01\/50589-1-150x150.webp",150,150,true],"medium":["https:\/\/imagazine.it\/wp-content\/uploads\/2024\/01\/50589-1-300x200.webp",300,200,true],"large":["https:\/\/imagazine.it\/wp-content\/uploads\/2024\/01\/50589-1.webp",640,426,false],"thumblist":["https:\/\/imagazine.it\/wp-content\/uploads\/2024\/01\/50589-1.webp",300,200,false],"thumbrelated":["https:\/\/imagazine.it\/wp-content\/uploads\/2024\/01\/50589-1.webp",500,333,false],"meccarouselthumb":["https:\/\/imagazine.it\/wp-content\/uploads\/2024\/01\/50589-1.webp",474,315,false],"gridsquare":["https:\/\/imagazine.it\/wp-content\/uploads\/2024\/01\/50589-1.webp",391,260,false],"tileview":["https:\/\/imagazine.it\/wp-content\/uploads\/2024\/01\/50589-1.webp",300,200,false],"1536x1536":["https:\/\/imagazine.it\/wp-content\/uploads\/2024\/01\/50589-1.webp",1000,665,false],"2048x2048":["https:\/\/imagazine.it\/wp-content\/uploads\/2024\/01\/50589-1.webp",1000,665,false],"newsup-slider-full":["https:\/\/imagazine.it\/wp-content\/uploads\/2024\/01\/50589-1.webp",1000,665,false],"newsup-featured":["https:\/\/imagazine.it\/wp-content\/uploads\/2024\/01\/50589-1.webp",1000,665,false],"newsup-medium":["https:\/\/imagazine.it\/wp-content\/uploads\/2024\/01\/50589-1-720x380.webp",720,380,true],"tptn_thumbnail":["https:\/\/imagazine.it\/wp-content\/uploads\/2024\/01\/50589-1.webp",250,166,false],"sow-carousel-default":["https:\/\/imagazine.it\/wp-content\/uploads\/2024\/01\/50589-1-272x182.webp",272,182,true]},"rttpg_author":{"display_name":"redazione","author_link":"https:\/\/imagazine.it\/home_desk\/author\/redazione\/"},"rttpg_comment":0,"rttpg_category":"<a href=\"https:\/\/imagazine.it\/home_desk\/category\/cultura-e-spettacolo\/\" rel=\"category tag\">CULTURA&amp;SPETTACOLO<\/a>","rttpg_excerpt":"Proseguono le riprese di \u201cEppure cadiamo felici\u201d","_links":{"self":[{"href":"https:\/\/imagazine.it\/home_desk\/wp-json\/wp\/v2\/posts\/45107","targetHints":{"allow":["GET"]}}],"collection":[{"href":"https:\/\/imagazine.it\/home_desk\/wp-json\/wp\/v2\/posts"}],"about":[{"href":"https:\/\/imagazine.it\/home_desk\/wp-json\/wp\/v2\/types\/post"}],"author":[{"embeddable":true,"href":"https:\/\/imagazine.it\/home_desk\/wp-json\/wp\/v2\/users\/28"}],"replies":[{"embeddable":true,"href":"https:\/\/imagazine.it\/home_desk\/wp-json\/wp\/v2\/comments?post=45107"}],"version-history":[{"count":0,"href":"https:\/\/imagazine.it\/home_desk\/wp-json\/wp\/v2\/posts\/45107\/revisions"}],"wp:featuredmedia":[{"embeddable":true,"href":"https:\/\/imagazine.it\/home_desk\/wp-json\/wp\/v2\/media\/45108"}],"wp:attachment":[{"href":"https:\/\/imagazine.it\/home_desk\/wp-json\/wp\/v2\/media?parent=45107"}],"wp:term":[{"taxonomy":"category","embeddable":true,"href":"https:\/\/imagazine.it\/home_desk\/wp-json\/wp\/v2\/categories?post=45107"},{"taxonomy":"post_tag","embeddable":true,"href":"https:\/\/imagazine.it\/home_desk\/wp-json\/wp\/v2\/tags?post=45107"}],"curies":[{"name":"wp","href":"https:\/\/api.w.org\/{rel}","templated":true}]}}