{"id":45101,"date":"2022-11-02T00:00:00","date_gmt":"2022-11-01T23:00:00","guid":{"rendered":"https:\/\/imagazine.it\/?p=45101"},"modified":"2022-11-02T00:00:00","modified_gmt":"2022-11-01T23:00:00","slug":"costumi-bisiachi-tra-promozione-e-solidarieta","status":"publish","type":"post","link":"https:\/\/imagazine.it\/home_desk\/costumi-bisiachi-tra-promozione-e-solidarieta\/","title":{"rendered":"Costumi Bisiachi tra promozione e solidariet\u00e0"},"content":{"rendered":"<p> \tSi \u00e8 appena conclusa la trasferta del <strong>Coro del Gruppo Costumi Tradizionali Bisiachi<\/strong> a <strong>Garda<\/strong>, dove ha partecipato per tre giorni all&#39;<strong>Expo<\/strong> <strong>Festival della Coralit\u00e0 Nazionale<\/strong>, evento che ha visto la partecipazione di <strong>32 cori provenienti da tutta Italia<\/strong> organizzato dall&#39;Associazione Gruppi Corali Veronesi, Coro La Rocca del Garda e Comune di Garda.<\/p>\n<p> \tUn evento in cui i cori, oltre al canto, si sono proposti come testimonial culturali del proprio territorio, promuovendone l&#39;immagine e valorizzandone i prodotti che lo caratterizzano.<\/p>\n<p> \tGrazie al Gruppo Costumi la Bisiacaria \u00e8 stata rappresentata al meglio, sia per i costumi indossati dal Gruppo che attraggono immediata curiosit\u00e0, sia per i canti e lo stand allestito sul lungolago di Garda: i numerosi turisti nonch\u00e9 i partecipanti alla manifestazione hanno potuto conoscere le peculiarit\u00e0 della Bisiacaria e del Friuli Venezia Giulia.<\/p>\n<p> \tIl Coro del Gruppo Costumi si \u00e8 esibito in concerti e canti itineranti a Garda, Bardolino e Lazise ricevendo gi\u00e0 alcuni prestigiosi inviti a manifestazioni canore che si svolgeranno il prossimo anno.<\/p>\n<p> \tLa trasferta ha goduto del sostegno della Fondazione CARIGO e della Regione Friuli Venezia Giulia.<\/p>\n<p> \tIl Gruppo, inoltre, non ha dimenticato la solidariet\u00e0 nei confronti degli anziani ospiti delle strutture protette e nei giorni\u00a0immediatamente successivi al rientro ha intrattenuto con\u00a0canti e musica gli ospiti del Centro Alzheimer di <strong>San Canzian d&#39;Isonzo<\/strong> e della Casa di Riposo ASP <strong>Spilimbergo<\/strong>. Il <strong>Progetto solidale VariEt\u00e0<\/strong>, che vede il Gruppo presente in una ventina di strutture regionali sin dal 2004, \u00e8 riconosciuto dalla Regione FVG di rilevante importanza.<\/p>\n<p> \t\u00a0<\/p>\n","protected":false},"excerpt":{"rendered":"<p>Successo per la trasferta sul Garda<\/p>\n","protected":false},"author":22,"featured_media":45102,"comment_status":"closed","ping_status":"closed","sticky":false,"template":"","format":"standard","meta":{"dwc-title":[],"dwc-content":[],"footnotes":""},"categories":[37],"tags":[],"class_list":["post-45101","post","type-post","status-publish","format-standard","has-post-thumbnail","hentry","category-cultura-e-spettacolo"],"rttpg_featured_image_url":{"full":["https:\/\/imagazine.it\/wp-content\/uploads\/2024\/01\/50580-1.webp",1000,662,false],"landscape":["https:\/\/imagazine.it\/wp-content\/uploads\/2024\/01\/50580-1.webp",1000,662,false],"portraits":["https:\/\/imagazine.it\/wp-content\/uploads\/2024\/01\/50580-1.webp",1000,662,false],"thumbnail":["https:\/\/imagazine.it\/wp-content\/uploads\/2024\/01\/50580-1-150x150.webp",150,150,true],"medium":["https:\/\/imagazine.it\/wp-content\/uploads\/2024\/01\/50580-1-300x199.webp",300,199,true],"large":["https:\/\/imagazine.it\/wp-content\/uploads\/2024\/01\/50580-1.webp",640,424,false],"thumblist":["https:\/\/imagazine.it\/wp-content\/uploads\/2024\/01\/50580-1.webp",300,199,false],"thumbrelated":["https:\/\/imagazine.it\/wp-content\/uploads\/2024\/01\/50580-1.webp",500,331,false],"meccarouselthumb":["https:\/\/imagazine.it\/wp-content\/uploads\/2024\/01\/50580-1.webp",474,314,false],"gridsquare":["https:\/\/imagazine.it\/wp-content\/uploads\/2024\/01\/50580-1.webp",391,260,false],"tileview":["https:\/\/imagazine.it\/wp-content\/uploads\/2024\/01\/50580-1.webp",300,199,false],"1536x1536":["https:\/\/imagazine.it\/wp-content\/uploads\/2024\/01\/50580-1.webp",1000,662,false],"2048x2048":["https:\/\/imagazine.it\/wp-content\/uploads\/2024\/01\/50580-1.webp",1000,662,false],"newsup-slider-full":["https:\/\/imagazine.it\/wp-content\/uploads\/2024\/01\/50580-1.webp",1000,662,false],"newsup-featured":["https:\/\/imagazine.it\/wp-content\/uploads\/2024\/01\/50580-1.webp",1000,662,false],"newsup-medium":["https:\/\/imagazine.it\/wp-content\/uploads\/2024\/01\/50580-1-720x380.webp",720,380,true],"tptn_thumbnail":["https:\/\/imagazine.it\/wp-content\/uploads\/2024\/01\/50580-1.webp",250,166,false],"sow-carousel-default":["https:\/\/imagazine.it\/wp-content\/uploads\/2024\/01\/50580-1-272x182.webp",272,182,true]},"rttpg_author":{"display_name":"Livio Nonis","author_link":"https:\/\/imagazine.it\/home_desk\/author\/nonis\/"},"rttpg_comment":0,"rttpg_category":"<a href=\"https:\/\/imagazine.it\/home_desk\/category\/cultura-e-spettacolo\/\" rel=\"category tag\">CULTURA&amp;SPETTACOLO<\/a>","rttpg_excerpt":"Successo per la trasferta sul Garda","_links":{"self":[{"href":"https:\/\/imagazine.it\/home_desk\/wp-json\/wp\/v2\/posts\/45101","targetHints":{"allow":["GET"]}}],"collection":[{"href":"https:\/\/imagazine.it\/home_desk\/wp-json\/wp\/v2\/posts"}],"about":[{"href":"https:\/\/imagazine.it\/home_desk\/wp-json\/wp\/v2\/types\/post"}],"author":[{"embeddable":true,"href":"https:\/\/imagazine.it\/home_desk\/wp-json\/wp\/v2\/users\/22"}],"replies":[{"embeddable":true,"href":"https:\/\/imagazine.it\/home_desk\/wp-json\/wp\/v2\/comments?post=45101"}],"version-history":[{"count":0,"href":"https:\/\/imagazine.it\/home_desk\/wp-json\/wp\/v2\/posts\/45101\/revisions"}],"wp:featuredmedia":[{"embeddable":true,"href":"https:\/\/imagazine.it\/home_desk\/wp-json\/wp\/v2\/media\/45102"}],"wp:attachment":[{"href":"https:\/\/imagazine.it\/home_desk\/wp-json\/wp\/v2\/media?parent=45101"}],"wp:term":[{"taxonomy":"category","embeddable":true,"href":"https:\/\/imagazine.it\/home_desk\/wp-json\/wp\/v2\/categories?post=45101"},{"taxonomy":"post_tag","embeddable":true,"href":"https:\/\/imagazine.it\/home_desk\/wp-json\/wp\/v2\/tags?post=45101"}],"curies":[{"name":"wp","href":"https:\/\/api.w.org\/{rel}","templated":true}]}}