{"id":45093,"date":"2022-10-31T00:00:00","date_gmt":"2022-10-30T23:00:00","guid":{"rendered":"https:\/\/imagazine.it\/?p=45093"},"modified":"2022-10-31T00:00:00","modified_gmt":"2022-10-30T23:00:00","slug":"riparte-in-fvg-il-teatro-per-le-famiglie","status":"publish","type":"post","link":"https:\/\/imagazine.it\/home_desk\/riparte-in-fvg-il-teatro-per-le-famiglie\/","title":{"rendered":"Riparte in FVG il teatro per le famiglie"},"content":{"rendered":"<p> \tNata nel 2006, <strong><em>Piccolipalchi<\/em><\/strong> \u00e8 la rassegna che il <strong>Circuito ERT<\/strong> dedica alle famiglie e ai bambini dai 12 mesi in su con spettacoli e performance accuratamente selezionati tra le migliori produzioni italiane. L\u2019edizione 2022\/2023 \u00e8 la numero 16 e si svilupper\u00e0 su quattordici appuntamenti in cinque teatri regionali a partire da questa domenica fino a ridosso della primavera. <em>Piccolipalchi<\/em> \u00e8 realizzata con il sostegno della <strong>Fondazione Friuli<\/strong> e con la collaborazione e il contributo della <strong>Regione FVG<\/strong> e dei <strong>Comuni<\/strong> coinvolti: <strong>Codroipo<\/strong>, <strong>Latisana<\/strong>, <strong>Muggia<\/strong> e <strong>Tolmezzo<\/strong>. Due appuntamenti si terranno a Udine grazie alla collaborazione con la <strong>Compagnia Arear\u00e8a. <\/strong><\/p>\n<p> \t\u00abPiccolipalchi <em>\u00e8 una rassegna in cui da sempre crediamo molto<\/em> \u2013 sono le parole di <strong>Renato Manzoni<\/strong>, direttore dell\u2019ERT \u2013 <em>perch\u00e9<\/em> <em>il Teatro Ragazzi ci consente di portare sul territorio spettacoli di assoluto livello, frutto di ricerche approfondite, e rappresenta un primo accesso per i pi\u00f9 piccoli alle sale teatrali. Il pubblico adulto di domani si forma anche attraverso occasioni come questa<\/em>\u00bb.<\/p>\n<p> \t\u00ab<em>Sosteniamo da sempre con grande entusiasmo l\u2019ERT \u2013 <\/em>dice il Presidente della Fondazione Friuli <strong>Giuseppe Morandini<\/strong><em> \u2013 partecipando alla squadra di enti e istituzioni che sostengono il teatro per l\u2019infanzia, che oltre a essere un valido strumento di educazione teatrale per i pi\u00f9 piccoli, crea un\u2019occasione per le famiglie di passare del tempo di qualit\u00e0 insieme, ampliando l\u2019offerta culturale del nostro territorio<\/em>\u00bb.<\/p>\n<p> \tL\u2019edizione 2022\/2023 si compone di <strong>14 date <\/strong>che porteranno a <strong>Codroipo, Latisana, Muggia,<\/strong> <strong>Tolmezzo<\/strong> e <strong>Udine<\/strong>.<\/p>\n<p> \tI primi due appuntamenti sono in programma gi\u00e0 questa domenica, <strong>6<\/strong> <strong>novembre<\/strong>. Alle ore 17 il Teatro Verdi di <strong>Muggia<\/strong> ospiter\u00e0 <em>Peter Pan<\/em>, uno spettacolo di teatro d\u2019attore e danza della Factory Compagnia Transadriatica pensato per bambini dai 6 anni che racconta l\u2019assenza, il vuoto spesso incolmabile del passaggio da bambino ad adulto. Alle 17.30 a <strong>Udine<\/strong>, ne Lo Studio in via Fabio di Maniago, andr\u00e0 in scena <em>Giro Giro Vagando<\/em> &#8211; spettacolo di Onda Teatro, coprodotto da Arear\u00e8a \u2013 pensato per bambini dai 3 anni e ispirato ai <em>silent books<\/em> che si articola e si dipana grazie al linguaggio della danza. Esperienze e viaggi delle due ragazze protagoniste si intrecciano ed evocano ricordi e immagini come tante cartoline illustrate.<\/p>\n<p> \t<em>Piccolipalchi<\/em> ripartir\u00e0 poi da <strong>Codroipo<\/strong>, domenica 20 novembre. Il Centro Culturale Ottagono \u00e8 la sede scelta dal Circuito ERT per una sorta di rassegna nella rassegna. Gli appuntamenti codroipesi sono pensati, infatti, per i bambini dei nidi d\u2019infanzia. <em>L\u2019arcobaleno di Bianca<\/em> aprir\u00e0 proprio il <strong>20 novembre<\/strong> questa miniprogrammazione caratterizzata dalla doppia replica alle ore 16 e alle 17.30. Dedicato ai bambini dai 2 anni, lo spettacolo della compagnia ABC Allegra Brigata Cinematica affronta attraverso la danza gli stati emotivi e i cambiamenti repentini della vita. Domenica <strong>11 dicembre<\/strong> toccher\u00e0 a <em>Nina e il mare <\/em>di Scarlattine Teatro<em>,<\/em> per un pubblico dai 12 mesi, in cui le due protagoniste, tra suoni e melodie, metteranno in scena una delicata fiaba senza parole. Domenica <strong>15 gennaio<\/strong> <em>Oltre qui<\/em> della Piccionania-I Carrara, attraverso oggetti neutri far\u00e0 scoprire al personaggio un mondo nuovo fatto di disequilibro ed esperienze sensoriali. Anche questo spettacolo \u00e8 adatto a bambini dai 12 mesi.<\/p>\n<p> \tDopo il debutto, a <em>Piccolipalchi<\/em> ritorna domenica <strong>4 dicembre<\/strong> con uno spettacolo musicale per bambini dai 6 anni, <em>Le canzoni di Rodari<\/em>, interpretato da Valentino Dragano per Kosmocomico Teatro. Un\u2019ora in compagnia di ukulele, maracas, sonagli, armoniche, flauti e le parole di Rodari come le aveva cantate Sergio Endrigo nell\u2019album <em>Ci vuole un fiore<\/em>. La rassegna di Muggia si chiuder\u00e0 domenica <strong>22 gennaio<\/strong> con <em>Jack e il fagiolo magico<\/em>, ispirato a una fiaba della tradizione orale inglese dell\u2019Ottocento. Maria Pascale \u00e8 la protagonista, con i suoi burattini, di questa produzione de La luna nel letto ideata per bambini dai 3 anni. \u00a0<\/p>\n<p> \tAl Teatro Odeon di <strong>Latisana<\/strong>, <em>Piccolipalchi<\/em> inizier\u00e0 sabato <strong>10 dicembre<\/strong> alle 17 con <em>Il tenace soldatino di piombo<\/em> di CSS Udine e Teatro delle Apparizioni, spettacolo per bambini dai 4 anni che ha vinto il premio Eolo come miglior spettacolo di Teatro di Figura nel 2015. Sabato <strong>28 gennaio<\/strong> <em>Rime insaponate<\/em> di una storica compagnia di teatro ragazzi come Accademia Perduta, far\u00e0 vivere a tutti \u2013 grandi e piccoli &#8211; un\u2019esperienza luminosa e fantastica attorno alle bolle di sapone. Sabato <strong>4 marzo<\/strong> lo spettacolo di danza <em>Neverland<\/em> di Versiliadanza\/Elsinor riproporr\u00e0 le atmosfere di una delle storie per bambini e ragazzi pi\u00f9 note e amate al mondo. Peter Pan, Wendy, Trilly e gli altri personaggi attendono bambini dai 5 anni in su.<\/p>\n<p> \tSar\u00e0 concentrata nei primi mesi del 2023 la stagione di <strong>Tolmezzo<\/strong>. Il Teatro Luigi Candoni ospiter\u00e0 domenica <strong>22 gennaio<\/strong> alle 17 <em>Cuore<\/em> di Claudio Milani, uno spettacolo che ai bambini dai 4 anni parla di emozioni; domenica <strong>26 febbraio<\/strong> in Carnia approder\u00e0 <em>Le canzoni di Rodari<\/em> e, infine, domenica <strong>12 marzo<\/strong> <em>Anima Blu<\/em>, Premio Eolo 2008, ricostruir\u00e0 sul palco la magia dei quadri di Marc Chagall: un viaggio nella poesia e nell\u2019emozione per bambini dai 5 anni.<\/p>\n<p> \tDopo il debutto con <em>Giro Giro Vagando<\/em>, Piccolipalchi a Lo Studio di <strong>Udine<\/strong> ritorner\u00e0 domenica <strong>5 marzo<\/strong> alle 17.30 con <em>Luce<\/em>, spettacolo di danza della compagnia Aldes, in cui Aline Nari (interprete, regista e coreografa) affronter\u00e0 le domande senza et\u00e0, quelle che iniziano a porsi i bambini e che ciclicamente ricompaiono nelle esistenze dei pi\u00f9 grandi. Lo spettacolo \u00e8 adatto ai bambini dai 6 anni.<\/p>\n<p> \t\u00a0<\/p>\n","protected":false},"excerpt":{"rendered":"<p>Presentata la stagione &#8220;Piccoli Palchi&#8221;<\/p>\n","protected":false},"author":28,"featured_media":45094,"comment_status":"closed","ping_status":"closed","sticky":false,"template":"","format":"standard","meta":{"dwc-title":[],"dwc-content":[],"footnotes":""},"categories":[37],"tags":[],"class_list":["post-45093","post","type-post","status-publish","format-standard","has-post-thumbnail","hentry","category-cultura-e-spettacolo"],"rttpg_featured_image_url":{"full":["https:\/\/imagazine.it\/wp-content\/uploads\/2024\/01\/50560-1.webp",1200,800,false],"landscape":["https:\/\/imagazine.it\/wp-content\/uploads\/2024\/01\/50560-1.webp",1200,800,false],"portraits":["https:\/\/imagazine.it\/wp-content\/uploads\/2024\/01\/50560-1.webp",1200,800,false],"thumbnail":["https:\/\/imagazine.it\/wp-content\/uploads\/2024\/01\/50560-1-150x150.webp",150,150,true],"medium":["https:\/\/imagazine.it\/wp-content\/uploads\/2024\/01\/50560-1-300x200.webp",300,200,true],"large":["https:\/\/imagazine.it\/wp-content\/uploads\/2024\/01\/50560-1-1024x683.webp",640,427,true],"thumblist":["https:\/\/imagazine.it\/wp-content\/uploads\/2024\/01\/50560-1.webp",300,200,false],"thumbrelated":["https:\/\/imagazine.it\/wp-content\/uploads\/2024\/01\/50560-1.webp",500,333,false],"meccarouselthumb":["https:\/\/imagazine.it\/wp-content\/uploads\/2024\/01\/50560-1.webp",474,316,false],"gridsquare":["https:\/\/imagazine.it\/wp-content\/uploads\/2024\/01\/50560-1.webp",391,260,false],"tileview":["https:\/\/imagazine.it\/wp-content\/uploads\/2024\/01\/50560-1.webp",300,200,false],"1536x1536":["https:\/\/imagazine.it\/wp-content\/uploads\/2024\/01\/50560-1.webp",1200,800,false],"2048x2048":["https:\/\/imagazine.it\/wp-content\/uploads\/2024\/01\/50560-1.webp",1200,800,false],"newsup-slider-full":["https:\/\/imagazine.it\/wp-content\/uploads\/2024\/01\/50560-1-1200x720.webp",1200,720,true],"newsup-featured":["https:\/\/imagazine.it\/wp-content\/uploads\/2024\/01\/50560-1-1024x683.webp",1024,683,true],"newsup-medium":["https:\/\/imagazine.it\/wp-content\/uploads\/2024\/01\/50560-1-720x380.webp",720,380,true],"tptn_thumbnail":["https:\/\/imagazine.it\/wp-content\/uploads\/2024\/01\/50560-1.webp",250,167,false],"sow-carousel-default":["https:\/\/imagazine.it\/wp-content\/uploads\/2024\/01\/50560-1-272x182.webp",272,182,true]},"rttpg_author":{"display_name":"redazione","author_link":"https:\/\/imagazine.it\/home_desk\/author\/redazione\/"},"rttpg_comment":0,"rttpg_category":"<a href=\"https:\/\/imagazine.it\/home_desk\/category\/cultura-e-spettacolo\/\" rel=\"category tag\">CULTURA&amp;SPETTACOLO<\/a>","rttpg_excerpt":"Presentata la stagione \"Piccoli Palchi\"","_links":{"self":[{"href":"https:\/\/imagazine.it\/home_desk\/wp-json\/wp\/v2\/posts\/45093","targetHints":{"allow":["GET"]}}],"collection":[{"href":"https:\/\/imagazine.it\/home_desk\/wp-json\/wp\/v2\/posts"}],"about":[{"href":"https:\/\/imagazine.it\/home_desk\/wp-json\/wp\/v2\/types\/post"}],"author":[{"embeddable":true,"href":"https:\/\/imagazine.it\/home_desk\/wp-json\/wp\/v2\/users\/28"}],"replies":[{"embeddable":true,"href":"https:\/\/imagazine.it\/home_desk\/wp-json\/wp\/v2\/comments?post=45093"}],"version-history":[{"count":0,"href":"https:\/\/imagazine.it\/home_desk\/wp-json\/wp\/v2\/posts\/45093\/revisions"}],"wp:featuredmedia":[{"embeddable":true,"href":"https:\/\/imagazine.it\/home_desk\/wp-json\/wp\/v2\/media\/45094"}],"wp:attachment":[{"href":"https:\/\/imagazine.it\/home_desk\/wp-json\/wp\/v2\/media?parent=45093"}],"wp:term":[{"taxonomy":"category","embeddable":true,"href":"https:\/\/imagazine.it\/home_desk\/wp-json\/wp\/v2\/categories?post=45093"},{"taxonomy":"post_tag","embeddable":true,"href":"https:\/\/imagazine.it\/home_desk\/wp-json\/wp\/v2\/tags?post=45093"}],"curies":[{"name":"wp","href":"https:\/\/api.w.org\/{rel}","templated":true}]}}