{"id":45065,"date":"2022-10-27T00:00:00","date_gmt":"2022-10-26T23:00:00","guid":{"rendered":"https:\/\/imagazine.it\/?p=45065"},"modified":"2022-10-27T00:00:00","modified_gmt":"2022-10-26T23:00:00","slug":"paolo-bonolis-ospite-della-fiera-del-lavoro-a-udine","status":"publish","type":"post","link":"https:\/\/imagazine.it\/home_desk\/paolo-bonolis-ospite-della-fiera-del-lavoro-a-udine\/","title":{"rendered":"Paolo Bonolis ospite della Fiera del Lavoro a Udine"},"content":{"rendered":"<p> \t<strong>80 imprese pronte a offrire 890 posti di lavoro per due giorni di colloqui. <\/strong>La 18^ edizione della Fiera del Lavoro FVG segna un doppio primato: un nuovo record di aziende partecipanti, mai cos\u00ec tante nemmeno prima della pandemia, e anche la presenza di aziende straniere che hanno scelto l\u2019evento di Udine per ricercare i profili professionali di cui hanno bisogno.<\/p>\n<p> \tOrganizzata da <strong>ALig<\/strong> (Associazione dei Laureati in Ingegneria Gestionale), la Fiera del Lavoro si riconferma l\u2019evento pi\u00f9 importante del nordest per l\u2019incontro tra domanda e offerta occupazionale, capace di attirare anche i player esteri, l\u2019unica ad avvenire, per il secondo anno consecutivo, sia in modalit\u00e0 digital, sia in presenza.<\/p>\n<p> \tOgni azienda partecipante \u00e8 chiamata a esplicitare quante posizioni aperte mette a disposizione dei candidati e anche di quali macro aree di interesse: non solo ingegneria o informatica, ma anche scienze umanistiche, agrarie ed alimentari, giurisprudenza ed economia.<\/p>\n<p> \tIn tutto, per questa edizione, i posti di lavoro totali sono 890.<\/p>\n<p> \tDoppio appuntamento: <strong>venerd\u00ec 11 novembre<\/strong> \u00e8 la giornata riservata ai colloqui online, mentre <strong>sabato 12<\/strong> si torna in presenza con gli incontri one<em>-to-one<\/em> e i <em>talk show<\/em> al Teatro Nuovo Giovanni da Udine.<\/p>\n<p> \t<em>\u201cAbbiamo deciso di mantenere anche la modalit\u00e0 virtuale, sia per venire incontro alle preferenze di alcune imprese sia perch\u00e9 la maggiore riservatezza offerta dalla soluzione online \u00e8 apprezzata da candidati con profili pi\u00f9 maturi\u201d, <\/em>spiega <strong>Marco Sartor<\/strong>, presidente di Alig<em>.<\/em><\/p>\n<p> \t<em>\u201cSiamo davvero orgogliosi \u2013 aggiunge \u2013 del numero di aziende partecipanti, \u00e8 un segnale importante in un momento storico segnato dalle conseguenze dei conflitti e dai rincari generalizzati di energia e materie prime: significa che il tessuto economico e imprenditoriale sta investendo per il futuro. In pi\u00f9, La Fiera del Lavoro continua ad essere un importante momento di riconoscimento per l\u2019Universit\u00e0 di Udine che si conferma uno dei primi dieci atenei in Italia quanto a sbocchi occupazionali dei propri laureati, grazie anche ad iniziative di sostegno all\u2019occupazione come questa\u201d.<\/em><\/p>\n<p> \t<strong>Dall\u2019Austria<\/strong> saranno presenti l\u2019azienda Dynatrace, che si occupa di sviluppi applicativi a supporto dell\u2019automazione e il Lakeside Science &#038; Technology Park, parco tecnologico a pochi chilometri da Klagenfurt. Dalla <strong>Danimarca<\/strong>, Novo Nordisk, azienda di <em>healthcare<\/em> fondata nel 1923 impegnata nella lotta al diabete e ad altre malattie croniche, e Workindenmark, il servizio pubblico nazionale per l\u2019impiego per i candidati internazionali qualificati.<\/p>\n<p> \tIn pi\u00f9 hanno confermato la presenza per il secondo anno consecutivo due colossi della consulenza strategica e finanziaria internazionale, <strong>Accenture <\/strong>e <strong>Deloitte<\/strong>, con centinaia di migliaia di dipendenti in tutto il mondo.<\/p>\n<p> \tPresente anche la grande distribuzione con Despar, Lidl e Aldi.<\/p>\n<p> \t<strong>Come candidarsi <\/strong><\/p>\n<p> \tL\u2019evento, partecipato e sostenuto dalla Regione Friuli Venezia Giulia, come sempre \u00e8 <strong>gratuito<\/strong> per tutti i partecipanti.<\/p>\n<p> \tPer quanto riguarda <strong>la fiera del lavoro online<\/strong> dell\u201911 novembre, dalla giornata di oggi, gioved\u00ec 27 ottobre, \u00e8 possibile registrarsi sul sito <a href=\"http:\/\/www.alig.it\" target=\"_blank\" rel=\"noopener\">www.alig.it<\/a> e caricare il proprio curriculum, scegliendo un massimo di 10 aziende a cui inviare la propria candidatura. I colloqui verranno effettuati online a partire dalle ore 9 in seguito ad una preselezione operata direttamente dalle aziende.<\/p>\n<p> \tPer quanto riguarda la Fiera del Lavoro in presenza del 12 novembre, \u00e8 disponibile sul sito ALIg un apposito form di registrazione. In questo caso i colloqui sono liberi e avranno accesso agli incontri tutte le persone registrate, senza alcuna preselezione.<\/p>\n<p> \tPer aiutare i candidati ad orientarsi nell\u2019offerta delle 80 imprese partecipanti, alle 15 di oggi, Alig organizza una diretta sui propri canali social e su quelli di Uniud in cui <strong>ogni impresa partecipante avr\u00e0 a disposizione 100 secondi<\/strong> per poter presentare la propria realt\u00e0 e i profili a cui \u00e8 pi\u00f9 interessata. La diretta sar\u00e0 salvata e resa disponibile sul <strong>canale Youtube di Alig<\/strong> per chi non pu\u00f2 collegarsi alla diretta.<\/p>\n<p> \t<strong>Sabato 12 novembre: il programma al Teatro Nuovo Giovanni da Udine <\/strong><\/p>\n<p> \tSi inizia alle 12.30 nel foyer e nelle gallerie del teatro con incontri <em>one to one<\/em> tra aziende e candidati, con il servizio gratuito di correzione multilingua dei curriculum e con il servizio gratuito offerto da un fotografo professionista a disposizione per scattare la foto perfetta per il cv.<\/p>\n<p> \t<strong><em>\u201cAttrazione fatale: gestire la grande fuga\u201d \u2013 <\/em><\/strong><strong>il talk show alle 17<\/strong><\/p>\n<p> \tModerati dal vicedirettore del TG5, Giuseppe De Filippi, ormai amico e volto storico della Fiera, i relatori sono chiamati ad analizzare l\u2019attuale trend del mondo del lavoro per cui moltissime persone decidono di abbandonare la propria occupazione.<\/p>\n<p> \tSul palco: Germano Scarpa, presidente Biofarma Group, Michele Nencioni, direttore Confindustria Udine, Francesca Visintin, direttrice Master HR UNIUD e Ilaria Agosta, presidente Aidp FVG e Veneto.<\/p>\n<p> \t<strong>Paolo Bonolis intervistato dagli studenti \u2013 alle 18.30<\/strong><\/p>\n<p> \t\u00c8 uno dei volti pi\u00f9 amati della televisione e ha accompagnato generazioni di italiani davanti al piccolo schermo dai tempi del programma per ragazzi Bim Bum Bam fino ai pi\u00f9 importanti live show su Mediaset e Rai, facendo della capacit\u00e0 di linguaggio, della velocit\u00e0 dialettica e della pungente ironia le caratteristiche del suo successo.<\/p>\n<p> \tPaolo Bonolis salir\u00e0 sul palco del Giovanni da Udine per essere intervistato dagli studenti che fanno parte della redazione del Messaggero Veneto Scuola.<\/p>\n<p> \t<strong>Happy hour alle 19:30<\/strong><\/p>\n<p> \tAlle 19:30 \u00e8 previsto un happy hour per consentire un incontro informale tra candidati e aziende. Si degusteranno prodotti enogastronomici friulani per promuovere le produzioni regionali. \u00a0<\/p>\n<p> \t<strong>Premio \u201cALig ti fa volare\u201d<\/strong><\/p>\n<p> \tQuest&#39;anno Alig premia alcune delle persone che parteciperanno alla Fiera del Lavoro in presenza al Teatro Nuovo Giovanni da Udine.<\/p>\n<p> \tOgni azienda presente alla Fiera selezioner\u00e0 un candidato che si \u00e8 distinto per il colloquio o per il curriculum; i selezionati saranno chiamati sul palco durante l&#39;evento in sala e potranno ritirare un voucher per un <strong>giro in elicottero sulla citt\u00e0 di Palmanova <\/strong>da effettuarsi domenica 27 novembre. I premi saranno assegnati a insindacabile giudizio delle aziende partecipanti alla Fiera.<\/p>\n<p> \t<strong>Tutti i nomi delle aziende partecipanti<\/strong><\/p>\n<p> \tAccenture, Acciaierie Bertoli Safau, AFG, Aldi, Alfa Sistemi, ALI Energia, Asem, Aspiag (Despar, Eurospar, Interspar), Auxiell, Axians, Beantech, Biofarma Group, Bluenergy, Bosch Freud, BRC Associati, Brovedani Group, Calligaris, Cgn, Chiurlo, Civibank, Codognotto, BCC Credifriuli, Dal Ben, Danieli, DBA Group, Deloitte, De Longhi Group, Dynatrace, Electrolux Professional, Eurofunk, Eurotech, Faber, Fantoni Group, Fincantieri, Pietro Fiorentini, Friul Intagli, Gallerini Hotels, Generali, Gesteco, Goriziane, G.I. Industrial Holding, Glp, Hidra, Innova, Idealservice, Innovators, Inrail, Intellitronica, Intertek, KPMG, Lakeside, LEF, Leonardo, Levia, Lidl, Lima corporate, Mitsubishi Electric Hydronics &#038; IT Cooling Systems, MEP, M\u00e9thode, Metinvest, MM, Novo Nordisk, Oerlikon, Pietro Rosa TBM, Pittini, PMP, Quin, Regione Autonoma Friuli Venezia Giulia, Robor, Roncadin, SMS Group, Stroili, Taghleef Industries, Tecnest, Tecnocom (Progress Group), Umana, Work in Denmark, Veolia, Vistra.<\/p>\n<p> \t\u00a0<\/p>\n","protected":false},"excerpt":{"rendered":"<p>Intervistato dagli studenti<\/p>\n","protected":false},"author":28,"featured_media":45066,"comment_status":"closed","ping_status":"closed","sticky":false,"template":"","format":"standard","meta":{"dwc-title":[],"dwc-content":[],"footnotes":""},"categories":[6],"tags":[],"class_list":["post-45065","post","type-post","status-publish","format-standard","has-post-thumbnail","hentry","category-societa"],"rttpg_featured_image_url":{"full":["https:\/\/imagazine.it\/wp-content\/uploads\/2024\/01\/50507-1.webp",900,810,false],"landscape":["https:\/\/imagazine.it\/wp-content\/uploads\/2024\/01\/50507-1.webp",900,810,false],"portraits":["https:\/\/imagazine.it\/wp-content\/uploads\/2024\/01\/50507-1.webp",900,810,false],"thumbnail":["https:\/\/imagazine.it\/wp-content\/uploads\/2024\/01\/50507-1-150x150.webp",150,150,true],"medium":["https:\/\/imagazine.it\/wp-content\/uploads\/2024\/01\/50507-1-300x270.webp",300,270,true],"large":["https:\/\/imagazine.it\/wp-content\/uploads\/2024\/01\/50507-1.webp",640,576,false],"thumblist":["https:\/\/imagazine.it\/wp-content\/uploads\/2024\/01\/50507-1.webp",300,270,false],"thumbrelated":["https:\/\/imagazine.it\/wp-content\/uploads\/2024\/01\/50507-1.webp",500,450,false],"meccarouselthumb":["https:\/\/imagazine.it\/wp-content\/uploads\/2024\/01\/50507-1.webp",360,324,false],"gridsquare":["https:\/\/imagazine.it\/wp-content\/uploads\/2024\/01\/50507-1.webp",289,260,false],"tileview":["https:\/\/imagazine.it\/wp-content\/uploads\/2024\/01\/50507-1.webp",300,270,false],"1536x1536":["https:\/\/imagazine.it\/wp-content\/uploads\/2024\/01\/50507-1.webp",900,810,false],"2048x2048":["https:\/\/imagazine.it\/wp-content\/uploads\/2024\/01\/50507-1.webp",900,810,false],"newsup-slider-full":["https:\/\/imagazine.it\/wp-content\/uploads\/2024\/01\/50507-1-900x720.webp",900,720,true],"newsup-featured":["https:\/\/imagazine.it\/wp-content\/uploads\/2024\/01\/50507-1.webp",900,810,false],"newsup-medium":["https:\/\/imagazine.it\/wp-content\/uploads\/2024\/01\/50507-1-720x380.webp",720,380,true],"tptn_thumbnail":["https:\/\/imagazine.it\/wp-content\/uploads\/2024\/01\/50507-1.webp",233,210,false],"sow-carousel-default":["https:\/\/imagazine.it\/wp-content\/uploads\/2024\/01\/50507-1-272x182.webp",272,182,true]},"rttpg_author":{"display_name":"redazione","author_link":"https:\/\/imagazine.it\/home_desk\/author\/redazione\/"},"rttpg_comment":0,"rttpg_category":"<a href=\"https:\/\/imagazine.it\/home_desk\/category\/societa\/\" rel=\"category tag\">SOCIET\u00c0<\/a>","rttpg_excerpt":"Intervistato dagli studenti","_links":{"self":[{"href":"https:\/\/imagazine.it\/home_desk\/wp-json\/wp\/v2\/posts\/45065","targetHints":{"allow":["GET"]}}],"collection":[{"href":"https:\/\/imagazine.it\/home_desk\/wp-json\/wp\/v2\/posts"}],"about":[{"href":"https:\/\/imagazine.it\/home_desk\/wp-json\/wp\/v2\/types\/post"}],"author":[{"embeddable":true,"href":"https:\/\/imagazine.it\/home_desk\/wp-json\/wp\/v2\/users\/28"}],"replies":[{"embeddable":true,"href":"https:\/\/imagazine.it\/home_desk\/wp-json\/wp\/v2\/comments?post=45065"}],"version-history":[{"count":0,"href":"https:\/\/imagazine.it\/home_desk\/wp-json\/wp\/v2\/posts\/45065\/revisions"}],"wp:featuredmedia":[{"embeddable":true,"href":"https:\/\/imagazine.it\/home_desk\/wp-json\/wp\/v2\/media\/45066"}],"wp:attachment":[{"href":"https:\/\/imagazine.it\/home_desk\/wp-json\/wp\/v2\/media?parent=45065"}],"wp:term":[{"taxonomy":"category","embeddable":true,"href":"https:\/\/imagazine.it\/home_desk\/wp-json\/wp\/v2\/categories?post=45065"},{"taxonomy":"post_tag","embeddable":true,"href":"https:\/\/imagazine.it\/home_desk\/wp-json\/wp\/v2\/tags?post=45065"}],"curies":[{"name":"wp","href":"https:\/\/api.w.org\/{rel}","templated":true}]}}