{"id":45063,"date":"2022-10-27T00:00:00","date_gmt":"2022-10-26T23:00:00","guid":{"rendered":"https:\/\/imagazine.it\/?p=45063"},"modified":"2022-10-27T00:00:00","modified_gmt":"2022-10-26T23:00:00","slug":"il-primo-astronauta-italiano-protagonista-a-trieste","status":"publish","type":"post","link":"https:\/\/imagazine.it\/home_desk\/il-primo-astronauta-italiano-protagonista-a-trieste\/","title":{"rendered":"Il primo astronauta italiano protagonista a Trieste"},"content":{"rendered":"<p dir=\"ltr\" id=\"docs-internal-guid-22911eb0-7fff-6a5f-52c8-580674f62a52\"> \tDal 1 al 6 novembre il grande cinema di fantascienza torna a <strong>Trieste<\/strong>: l\u2019edizione 2022 del <strong>Trieste Science+Fiction Festival<\/strong>, organizzato dal centro ricerche e sperimentazioni cinematografiche e audiovisive La Cappella Underground, porta sul grande schermo le migliori produzioni di genere fantastico, con oltre 50 anteprime cinematografiche mondiali, internazionali e nazionali e tre concorsi alla presenza di registi, attori e autori da tutto il mondo. La 22\u00b0 edizione del Trieste Science+Fiction Festival si svolger\u00e0 presso il <strong>Politeama Rossetti<\/strong>, il <strong>Teatro Miela<\/strong> e il <strong>DoubleTree by Hilton Trieste<\/strong>.<\/p>\n<p dir=\"ltr\"> \t\u201cIl mondo sta fortunatamente tornando alla normalit\u00e0 e anche il Trieste Science+Fiction Festival sta facendo lo stesso, attraverso la riscoperta delle sue radici stellari&#8221; &#8211; ha dichiarato il critico cinematografico britannico <strong>Alan Jones<\/strong>, da quest\u2019anno direttore artistico della manifestazione &#8211; \u201cL\u2019edizione 2022 rappresenter\u00e0 un autentico \u2018Back to the SuperFutures\u2019 grazie a un programma di vasta portata per tutti gli appassionati di fantascienza e fantasy. Come tutti sappiamo, la fantascienza \u00e8 il genere ideale per diffondere nuove idee e analizzare la societ\u00e0. Grazie alla creazione di mondi molto diversi, la nascita di nuove specie, la costruzione di architetture futuristiche e l&#39;esplorazione di una miriade di neo culture, le nostre menti si espandono rendendo cos\u00ec possibile l\u2019impossibile, attraverso la discussione di tematiche profondamente umane e che ci stanno a cuore, in un evento imperdibile per la citt\u00e0&#8221;.\u00a0<\/p>\n<p dir=\"ltr\"> \tAnnunciata la presenza di <strong>Franco Malerba<\/strong>, il primo astronauta italiano che nel 1992 vol\u00f2 nello spazio a bordo dello shuttle Atlantis. In occasione del trentennale della sua missione spaziale, domenica 6 novembre Malerba racconter\u00e0 la vita in orbita e le prospettive dei futuri viaggi spaziali, oltre a presentare il suo nuovo libro <em>&#8220;Il cibo nello spazio&#8221;<\/em> sull&#39;alimentazione degli astronauti.<\/p>\n<p dir=\"ltr\"> \tIn occasione del festival torna anche il Fantastic Film Forum, una serie di eventi dedicati agli operatori professionali del cinema e dell\u2019audiovisivo. Da non perdere i talk di Mondofuturo, il ciclo di incontri per dialogare con i divulgatori e comunicatori della scienza sul mondo di domani che si svolgeranno dal vivo presso il DoubleTree by Hilton Trieste con proiezioni dei documentari nel pomeriggio al Teatro Miela. In programma anche mostre, workshop e iniziative per tutta la famiglia per un indimenticabile viaggio ai confini del Multiverso per gli appassionati della fantascienza di ogni et\u00e0. Il festival ospiter\u00e0 anche la nuova edizione di IVIPRO DAYS 2022, l&#39;appuntamento annuale dedicato al videogioco come risorsa per raccontare il territorio e il patrimonio culturale, che si svolger\u00e0 nell\u2019ambito del Trieste Science+Fiction l\u20191 e 2 novembre.<\/p>\n<p dir=\"ltr\"> \tSar\u00e0 presente alla manifestazione triestina <strong>Neil Marshall<\/strong>, acclamato regista di film come &#8220;Dog Soldiers&#8221;, &#8220;The Descent &#8211; Discesa nelle tenebre&#8221;, \u201cCenturion\u201d e della serie tv \u201cIl Trono di Spade\u201d, che parteciper\u00e0 in veste di Presidente della giuria del Premio Asteroide, riconoscimento internazionale che ogni anno il festival dedica al miglior film di registi emergenti di genere science-fiction e fantasy, e verr\u00e0 insignito del Premio Asteroide alla carriera.\u00a0<\/p>\n<p dir=\"ltr\"> \tIl cineasta, inoltre, presenter\u00e0 in anteprima nazionale a Trieste il suo ultimo film \u201cThe Lair\u201d, un horror dalle tinte sci-fi che verr\u00e0 proiettato venerd\u00ec 4 novembre alle ore 20 presso il Politeama Rossetti. Marshall sar\u00e0 anche protagonista di una masterclass dedicata al suo film d&#39;esordio \u201cDog Soldiers\u201d, in programma sabato 5 novembre alle ore 16 presso il Teatro Miela.<\/p>\n<p dir=\"ltr\"> \t<u><a href=\"http:\/\/www.imagazine.it\/eventi\/42774\" target=\"_blank\" rel=\"noopener\"><span style=\"color:#0000cd;\">Clicca qui per il programma completo del festival<\/span><\/a><\/u><\/p>\n<p dir=\"ltr\"> \t\u00a0<\/p>\n<p> \t\u00a0<\/p>\n<p> \t\u00a0<\/p>\n","protected":false},"excerpt":{"rendered":"<p>Torna il festival del cinema di fantascienza<\/p>\n","protected":false},"author":28,"featured_media":45064,"comment_status":"closed","ping_status":"closed","sticky":false,"template":"","format":"standard","meta":{"dwc-title":[],"dwc-content":[],"footnotes":""},"categories":[37],"tags":[],"class_list":["post-45063","post","type-post","status-publish","format-standard","has-post-thumbnail","hentry","category-cultura-e-spettacolo"],"rttpg_featured_image_url":{"full":["https:\/\/imagazine.it\/wp-content\/uploads\/2024\/01\/50505-1.webp",1000,828,false],"landscape":["https:\/\/imagazine.it\/wp-content\/uploads\/2024\/01\/50505-1.webp",1000,828,false],"portraits":["https:\/\/imagazine.it\/wp-content\/uploads\/2024\/01\/50505-1.webp",1000,828,false],"thumbnail":["https:\/\/imagazine.it\/wp-content\/uploads\/2024\/01\/50505-1-150x150.webp",150,150,true],"medium":["https:\/\/imagazine.it\/wp-content\/uploads\/2024\/01\/50505-1-300x248.webp",300,248,true],"large":["https:\/\/imagazine.it\/wp-content\/uploads\/2024\/01\/50505-1.webp",640,530,false],"thumblist":["https:\/\/imagazine.it\/wp-content\/uploads\/2024\/01\/50505-1.webp",300,248,false],"thumbrelated":["https:\/\/imagazine.it\/wp-content\/uploads\/2024\/01\/50505-1.webp",500,414,false],"meccarouselthumb":["https:\/\/imagazine.it\/wp-content\/uploads\/2024\/01\/50505-1.webp",391,324,false],"gridsquare":["https:\/\/imagazine.it\/wp-content\/uploads\/2024\/01\/50505-1.webp",314,260,false],"tileview":["https:\/\/imagazine.it\/wp-content\/uploads\/2024\/01\/50505-1.webp",300,248,false],"1536x1536":["https:\/\/imagazine.it\/wp-content\/uploads\/2024\/01\/50505-1.webp",1000,828,false],"2048x2048":["https:\/\/imagazine.it\/wp-content\/uploads\/2024\/01\/50505-1.webp",1000,828,false],"newsup-slider-full":["https:\/\/imagazine.it\/wp-content\/uploads\/2024\/01\/50505-1-1000x720.webp",1000,720,true],"newsup-featured":["https:\/\/imagazine.it\/wp-content\/uploads\/2024\/01\/50505-1.webp",1000,828,false],"newsup-medium":["https:\/\/imagazine.it\/wp-content\/uploads\/2024\/01\/50505-1-720x380.webp",720,380,true],"tptn_thumbnail":["https:\/\/imagazine.it\/wp-content\/uploads\/2024\/01\/50505-1.webp",250,207,false],"sow-carousel-default":["https:\/\/imagazine.it\/wp-content\/uploads\/2024\/01\/50505-1-272x182.webp",272,182,true]},"rttpg_author":{"display_name":"redazione","author_link":"https:\/\/imagazine.it\/home_desk\/author\/redazione\/"},"rttpg_comment":0,"rttpg_category":"<a href=\"https:\/\/imagazine.it\/home_desk\/category\/cultura-e-spettacolo\/\" rel=\"category tag\">CULTURA&amp;SPETTACOLO<\/a>","rttpg_excerpt":"Torna il festival del cinema di fantascienza","_links":{"self":[{"href":"https:\/\/imagazine.it\/home_desk\/wp-json\/wp\/v2\/posts\/45063","targetHints":{"allow":["GET"]}}],"collection":[{"href":"https:\/\/imagazine.it\/home_desk\/wp-json\/wp\/v2\/posts"}],"about":[{"href":"https:\/\/imagazine.it\/home_desk\/wp-json\/wp\/v2\/types\/post"}],"author":[{"embeddable":true,"href":"https:\/\/imagazine.it\/home_desk\/wp-json\/wp\/v2\/users\/28"}],"replies":[{"embeddable":true,"href":"https:\/\/imagazine.it\/home_desk\/wp-json\/wp\/v2\/comments?post=45063"}],"version-history":[{"count":0,"href":"https:\/\/imagazine.it\/home_desk\/wp-json\/wp\/v2\/posts\/45063\/revisions"}],"wp:featuredmedia":[{"embeddable":true,"href":"https:\/\/imagazine.it\/home_desk\/wp-json\/wp\/v2\/media\/45064"}],"wp:attachment":[{"href":"https:\/\/imagazine.it\/home_desk\/wp-json\/wp\/v2\/media?parent=45063"}],"wp:term":[{"taxonomy":"category","embeddable":true,"href":"https:\/\/imagazine.it\/home_desk\/wp-json\/wp\/v2\/categories?post=45063"},{"taxonomy":"post_tag","embeddable":true,"href":"https:\/\/imagazine.it\/home_desk\/wp-json\/wp\/v2\/tags?post=45063"}],"curies":[{"name":"wp","href":"https:\/\/api.w.org\/{rel}","templated":true}]}}