{"id":45057,"date":"2022-10-26T00:00:00","date_gmt":"2022-10-25T23:00:00","guid":{"rendered":"https:\/\/imagazine.it\/?p=45057"},"modified":"2022-10-26T00:00:00","modified_gmt":"2022-10-25T23:00:00","slug":"la-parita-di-genere-conviene-anche-agli-uomini","status":"publish","type":"post","link":"https:\/\/imagazine.it\/home_desk\/la-parita-di-genere-conviene-anche-agli-uomini\/","title":{"rendered":"La parit\u00e0 di genere conviene anche agli uomini"},"content":{"rendered":"<p> \tDa oggi la <strong>Campagna di Sensibilizzazione \u201cPillole di Parit\u00e0\u201d<\/strong>, promossa dalla Consigliera di Parit\u00e0 della Regione Friuli Venezia Giulia <strong>Anna Limpido<\/strong> in condivisione con tutte le altre 15 Consigliere del Triveneto, sar\u00e0 esposta in <strong>tutti i 19 Infopoint di PromoTurismo FVG<\/strong>.<\/p>\n<p> \tGi\u00e0 patrocinata dal Ministero del Lavoro, dal Dipartimento per le Pari Opportunit\u00e0 e dalla CRPO Fvg, la Campagna (che, lo ricordiamo, si compone di 5 immagini iconiche rivisitate e correlate dai dati del divario di genere nell\u2019arte, politica, sport, letteratura, universit\u00e0) si fregia dell\u2019ulteriore logo \u201cIoSonoFvg\u201d e si diffonde dal mare alla montagna nei comuni di <strong>Gorizia, Pordenone, Trieste, Udine, Aquileia, Palmanova, Cormons, Grado, Sistiana, Lignano, Forni di Sopra, Tarvisio, Aviano con Piancavallo, Sappada, Arta Terme, Tolmezzo, Ronchi dei Legionari<\/strong> anche mettendo a disposizione gadget gratuiti.<\/p>\n<p> \t\u201cPillole di Parit\u00e0\u201d, <u><a href=\"http:\/\/www.imagazine.it\/notizie-trieste-gorizia-udine-friuli\/11720\" target=\"_blank\" rel=\"noopener\"><span style=\"color:#0000cd;\">presentata a marzo 2022 nel Palazzo della Regione in Piazza Unit\u00e0 a Trieste<\/span><\/a><\/u> dalle Consigliere di Parit\u00e0 delle tre Regioni (Friuli Venezia Giulia, Veneto e Trentino Alto Adige), alla presenza dell\u2019assessore regionale <strong>Alessia Rosolen<\/strong> e dell\u2019assessore della Regione Veneto <strong>Elena Donazzan<\/strong>, era gi\u00e0 stata oggetto di iniziative comunali ed \u00e8 ora in procinto di ulteriore diffusione sui media locali e nazionali per portare una riflessione inedita sul tema della parit\u00e0 di genere: \u201c<em>e se Dal\u00ec (o Einstein o Primo Carnera\u2026) fosse nato donna?<\/em>\u201d.<\/p>\n<p> \t\u201cQuesta Campagna \u2013 afferma Limpido \u2013 inizia a comunicare l\u00ec dove solitamente il dibattito si tronca ovvero dal perch\u00e9 anche gli uomini abbiano da avvantaggiarsene. La parit\u00e0 infatti non \u00e8 un affare di donne ma \u00e8 di tutti se la si considera come valorizzazione del merito che va a vantaggio dell\u2019intera societ\u00e0. La forza di <em>Pillole di Parit\u00e0<\/em> sta nella rete che siamo riuscite a creare di cui ultima in ordine di tempo \u00e8 la collaborazione con l\u2019Assessorato al Turismo della Regione Friuli Venezia Giulia di cui l\u2019assessore <strong>Sergio Emidio Bini<\/strong> \u00e8 stato pronto sostenitore\u201d.<\/p>\n<p> \tCreativamente ideata da un team di maestranze d\u2019eccellenza prevalentemente nostrane \u2013 il regista <u><a href=\"http:\/\/www.imagazine.it\/notizie-trieste-gorizia-udine-friuli\/8662\" target=\"_blank\" rel=\"noopener\"><span style=\"color:#0000cd;\"><strong>Davide del Degan<\/strong><\/span><\/a><\/u>, i direttori creativi <strong>Alessandro Biamonti e <u><a href=\"http:\/\/www.imagazine.it\/notizie-trieste-gorizia-udine-friuli\/8674\" target=\"_blank\" rel=\"noopener\"><span style=\"color:#0000cd;\">Antonella Perrucci<\/span><\/a><\/u><\/strong>; le testimonials <u><a href=\"http:\/\/www.imagazine.it\/notizie-trieste-gorizia-udine-friuli\/11993\" target=\"_blank\" rel=\"noopener\"><span style=\"color:#0000cd;\"><strong>Anita Kravos<\/strong><\/span><\/a><\/u>, <u><a href=\"http:\/\/www.imagazine.it\/notizie-trieste-gorizia-udine-friuli\/9680\" target=\"_blank\" rel=\"noopener\"><span style=\"color:#0000cd;\"><strong>Clara Nanut <\/strong><\/span><\/a><\/u>e <strong>Patrizia Falcone<\/strong> \u2013, l\u201911 novembre presso l\u2019Aula Magna dell\u2019ex Ospedale Militare di Trieste, sar\u00e0 donata pubblicamente dalle Consigliere di Parit\u00e0 del Friuli Venezia Giulia Anna Limpido, del Veneto <strong>Sandra Miotto<\/strong>, della Provincia Autonoma di Trento <strong>Matteo Borzaga<\/strong> e della Provincia Autonoma di Bolzano <strong>Michela Marandini<\/strong> alle associazioni interessate a sostenerla e sostenersi mediante il suo uso.<\/p>\n<p> \t\u00a0<\/p>\n","protected":false},"excerpt":{"rendered":"<p>#Equality<\/p>\n","protected":false},"author":28,"featured_media":45058,"comment_status":"closed","ping_status":"closed","sticky":false,"template":"","format":"standard","meta":{"dwc-title":[],"dwc-content":[],"footnotes":""},"categories":[6],"tags":[],"class_list":["post-45057","post","type-post","status-publish","format-standard","has-post-thumbnail","hentry","category-societa"],"rttpg_featured_image_url":{"full":["https:\/\/imagazine.it\/wp-content\/uploads\/2024\/01\/50492-1.webp",800,700,false],"landscape":["https:\/\/imagazine.it\/wp-content\/uploads\/2024\/01\/50492-1.webp",800,700,false],"portraits":["https:\/\/imagazine.it\/wp-content\/uploads\/2024\/01\/50492-1.webp",800,700,false],"thumbnail":["https:\/\/imagazine.it\/wp-content\/uploads\/2024\/01\/50492-1-150x150.webp",150,150,true],"medium":["https:\/\/imagazine.it\/wp-content\/uploads\/2024\/01\/50492-1-300x263.webp",300,263,true],"large":["https:\/\/imagazine.it\/wp-content\/uploads\/2024\/01\/50492-1.webp",640,560,false],"thumblist":["https:\/\/imagazine.it\/wp-content\/uploads\/2024\/01\/50492-1.webp",300,263,false],"thumbrelated":["https:\/\/imagazine.it\/wp-content\/uploads\/2024\/01\/50492-1.webp",500,438,false],"meccarouselthumb":["https:\/\/imagazine.it\/wp-content\/uploads\/2024\/01\/50492-1.webp",370,324,false],"gridsquare":["https:\/\/imagazine.it\/wp-content\/uploads\/2024\/01\/50492-1.webp",297,260,false],"tileview":["https:\/\/imagazine.it\/wp-content\/uploads\/2024\/01\/50492-1.webp",300,263,false],"1536x1536":["https:\/\/imagazine.it\/wp-content\/uploads\/2024\/01\/50492-1.webp",800,700,false],"2048x2048":["https:\/\/imagazine.it\/wp-content\/uploads\/2024\/01\/50492-1.webp",800,700,false],"newsup-slider-full":["https:\/\/imagazine.it\/wp-content\/uploads\/2024\/01\/50492-1.webp",800,700,false],"newsup-featured":["https:\/\/imagazine.it\/wp-content\/uploads\/2024\/01\/50492-1.webp",800,700,false],"newsup-medium":["https:\/\/imagazine.it\/wp-content\/uploads\/2024\/01\/50492-1-720x380.webp",720,380,true],"tptn_thumbnail":["https:\/\/imagazine.it\/wp-content\/uploads\/2024\/01\/50492-1.webp",240,210,false],"sow-carousel-default":["https:\/\/imagazine.it\/wp-content\/uploads\/2024\/01\/50492-1-272x182.webp",272,182,true]},"rttpg_author":{"display_name":"redazione","author_link":"https:\/\/imagazine.it\/home_desk\/author\/redazione\/"},"rttpg_comment":0,"rttpg_category":"<a href=\"https:\/\/imagazine.it\/home_desk\/category\/societa\/\" rel=\"category tag\">SOCIET\u00c0<\/a>","rttpg_excerpt":"#Equality","_links":{"self":[{"href":"https:\/\/imagazine.it\/home_desk\/wp-json\/wp\/v2\/posts\/45057","targetHints":{"allow":["GET"]}}],"collection":[{"href":"https:\/\/imagazine.it\/home_desk\/wp-json\/wp\/v2\/posts"}],"about":[{"href":"https:\/\/imagazine.it\/home_desk\/wp-json\/wp\/v2\/types\/post"}],"author":[{"embeddable":true,"href":"https:\/\/imagazine.it\/home_desk\/wp-json\/wp\/v2\/users\/28"}],"replies":[{"embeddable":true,"href":"https:\/\/imagazine.it\/home_desk\/wp-json\/wp\/v2\/comments?post=45057"}],"version-history":[{"count":0,"href":"https:\/\/imagazine.it\/home_desk\/wp-json\/wp\/v2\/posts\/45057\/revisions"}],"wp:featuredmedia":[{"embeddable":true,"href":"https:\/\/imagazine.it\/home_desk\/wp-json\/wp\/v2\/media\/45058"}],"wp:attachment":[{"href":"https:\/\/imagazine.it\/home_desk\/wp-json\/wp\/v2\/media?parent=45057"}],"wp:term":[{"taxonomy":"category","embeddable":true,"href":"https:\/\/imagazine.it\/home_desk\/wp-json\/wp\/v2\/categories?post=45057"},{"taxonomy":"post_tag","embeddable":true,"href":"https:\/\/imagazine.it\/home_desk\/wp-json\/wp\/v2\/tags?post=45057"}],"curies":[{"name":"wp","href":"https:\/\/api.w.org\/{rel}","templated":true}]}}