{"id":45041,"date":"2022-10-16T00:00:00","date_gmt":"2022-10-15T23:00:00","guid":{"rendered":"https:\/\/imagazine.it\/?p=45041"},"modified":"2022-10-16T00:00:00","modified_gmt":"2022-10-15T23:00:00","slug":"successo-per-la-festa-della-zucca-a-san-martino","status":"publish","type":"post","link":"https:\/\/imagazine.it\/home_desk\/successo-per-la-festa-della-zucca-a-san-martino\/","title":{"rendered":"Successo per la Festa della Zucca a San Martino"},"content":{"rendered":"<p> \tSi \u00e8 conclusa la 23a <strong>Festa della Zucca di San Martino di Terzo di Aquileia<\/strong>. Per due giorni il piccolo borgo si \u00e8 vestito a festa rallegrato dal vociferare e dalle risate argentine di tanti bambini.<\/p>\n<p> \tUn gruppetto di persone nel 1999 ha dato vita a questo evento con tre o quattro bancarelle, una modesta cucina, che si trovava all\u2019interno del ricreatorio, e che preparava gli immancabili gnocchi di zucca e gli gnocchi al sugo d\u2019oca. Ai pi\u00f9 piccoli era dedicato il laboratorio della zucca dove i bambini si cimentavano nell&#39; intaglio delle cucurbitacee.<\/p>\n<p> \tCon gli anni la festa si \u00e8 ingrandita sempre di pi\u00f9 e nel tempo si \u00e8 aggiunta l\u2019idea di inserire l &#39; ambientazione medievale valorizzando cos\u00ec la chiesa, costruita in epoca medievale, e dove si possono trovare tuttora conservati frammenti di due cicli d\u2019affreschi risalenti al XIII e XIV secolo.<\/p>\n<p> \tSi \u00e8 quindi inserito la figura della Madre Maddalena di Varmo, realmente vissuta a cavallo tra 1400 e 1500 Badessa del Monastero delle benedettine di Aquileia. Ogni anno la figura della Madre Badessa viene interpretata da una collaboratrice e presenzia i cortei storici accompagnata da molti figuranti ed armigeri.<\/p>\n<p> \tDiverse le proposte culinarie che richiamano molti visitatori il buon cibo, in gran parte a base di zucca, l&#39;oca piatto tipico del luogo, una cucina povera come polenta e formaggio. Viene proposto un ricercato mercatino dell\u2019hobbistica e un mercato storico a tema annuale.<\/p>\n<p> \tDiversi poi gli intrattenimenti che mettono d\u2019accordo un po\u2019 tutti. Uno sguardo particolare \u00e8 dedicato ai bambini, anche quest\u2019anno c&#39;era modo di far vedere a loro da vicino gli antichi mestieri e soprattutto la possibilit\u00e0 di giocare con i giochi di una volta, apprezzatissimi come sempre. L\u2019Accampamento dove poter vedere gli armigeri e le loro armi da vicino o dove provare il tiro con l\u2019arco moderno.<\/p>\n<p> \tL&#39;immancabile laboratorio artistico della zucca dove i bambini hanno avuto modo di sperimentare la loro creativit\u00e0. Il <strong>Gruppo Scout di Cervignano<\/strong> ha intrattenuto grandi e piccini con la ruota della fortuna medievale. Quest\u2019 anno c&#39; era inoltre la presenza di alcuni animali della piccola <strong>fattoria Comugnai di Aquileia<\/strong>, i dolcissimi asinelli, le docili pecore e la socievole capretta non hanno disdegnato le carezze dei presenti.<\/p>\n<p> \tE ancora la mostra di strumenti musicali antichi \u201c<em>Il Suono della storia<\/em>\u201d a cura del gruppo <strong>Dramsam di Gorizia<\/strong>, che ha proposto anche una lezione concerto la domenica pomeriggio all\u2019interno della chiesa di San Martino.<\/p>\n<p> \tL\u2019<strong>Associazione Amici del Borgo di San Martino<\/strong> \u00e8 un&#39;associazione culturale che non si occupa solo esclusivamente della festa della zucca, con gli anni sono state tante le iniziative culturali svolte all\u2019interno nel paese.<\/p>\n<p> \t\u00a0<\/p>\n","protected":false},"excerpt":{"rendered":"<p>Due giorni di eventi<\/p>\n","protected":false},"author":22,"featured_media":45042,"comment_status":"closed","ping_status":"closed","sticky":false,"template":"","format":"standard","meta":{"dwc-title":[],"dwc-content":[],"footnotes":""},"categories":[8],"tags":[],"class_list":["post-45041","post","type-post","status-publish","format-standard","has-post-thumbnail","hentry","category-turismo"],"rttpg_featured_image_url":{"full":["https:\/\/imagazine.it\/wp-content\/uploads\/2024\/01\/50464-1.webp",1000,563,false],"landscape":["https:\/\/imagazine.it\/wp-content\/uploads\/2024\/01\/50464-1.webp",1000,563,false],"portraits":["https:\/\/imagazine.it\/wp-content\/uploads\/2024\/01\/50464-1.webp",1000,563,false],"thumbnail":["https:\/\/imagazine.it\/wp-content\/uploads\/2024\/01\/50464-1-150x150.webp",150,150,true],"medium":["https:\/\/imagazine.it\/wp-content\/uploads\/2024\/01\/50464-1-300x169.webp",300,169,true],"large":["https:\/\/imagazine.it\/wp-content\/uploads\/2024\/01\/50464-1.webp",640,360,false],"thumblist":["https:\/\/imagazine.it\/wp-content\/uploads\/2024\/01\/50464-1.webp",300,169,false],"thumbrelated":["https:\/\/imagazine.it\/wp-content\/uploads\/2024\/01\/50464-1.webp",500,282,false],"meccarouselthumb":["https:\/\/imagazine.it\/wp-content\/uploads\/2024\/01\/50464-1.webp",474,267,false],"gridsquare":["https:\/\/imagazine.it\/wp-content\/uploads\/2024\/01\/50464-1.webp",391,220,false],"tileview":["https:\/\/imagazine.it\/wp-content\/uploads\/2024\/01\/50464-1.webp",300,169,false],"1536x1536":["https:\/\/imagazine.it\/wp-content\/uploads\/2024\/01\/50464-1.webp",1000,563,false],"2048x2048":["https:\/\/imagazine.it\/wp-content\/uploads\/2024\/01\/50464-1.webp",1000,563,false],"newsup-slider-full":["https:\/\/imagazine.it\/wp-content\/uploads\/2024\/01\/50464-1.webp",1000,563,false],"newsup-featured":["https:\/\/imagazine.it\/wp-content\/uploads\/2024\/01\/50464-1.webp",1000,563,false],"newsup-medium":["https:\/\/imagazine.it\/wp-content\/uploads\/2024\/01\/50464-1-720x380.webp",720,380,true],"tptn_thumbnail":["https:\/\/imagazine.it\/wp-content\/uploads\/2024\/01\/50464-1.webp",250,141,false],"sow-carousel-default":["https:\/\/imagazine.it\/wp-content\/uploads\/2024\/01\/50464-1-272x182.webp",272,182,true]},"rttpg_author":{"display_name":"Livio Nonis","author_link":"https:\/\/imagazine.it\/home_desk\/author\/nonis\/"},"rttpg_comment":0,"rttpg_category":"<a href=\"https:\/\/imagazine.it\/home_desk\/category\/turismo\/\" rel=\"category tag\">TURISMO<\/a>","rttpg_excerpt":"Due giorni di eventi","_links":{"self":[{"href":"https:\/\/imagazine.it\/home_desk\/wp-json\/wp\/v2\/posts\/45041","targetHints":{"allow":["GET"]}}],"collection":[{"href":"https:\/\/imagazine.it\/home_desk\/wp-json\/wp\/v2\/posts"}],"about":[{"href":"https:\/\/imagazine.it\/home_desk\/wp-json\/wp\/v2\/types\/post"}],"author":[{"embeddable":true,"href":"https:\/\/imagazine.it\/home_desk\/wp-json\/wp\/v2\/users\/22"}],"replies":[{"embeddable":true,"href":"https:\/\/imagazine.it\/home_desk\/wp-json\/wp\/v2\/comments?post=45041"}],"version-history":[{"count":0,"href":"https:\/\/imagazine.it\/home_desk\/wp-json\/wp\/v2\/posts\/45041\/revisions"}],"wp:featuredmedia":[{"embeddable":true,"href":"https:\/\/imagazine.it\/home_desk\/wp-json\/wp\/v2\/media\/45042"}],"wp:attachment":[{"href":"https:\/\/imagazine.it\/home_desk\/wp-json\/wp\/v2\/media?parent=45041"}],"wp:term":[{"taxonomy":"category","embeddable":true,"href":"https:\/\/imagazine.it\/home_desk\/wp-json\/wp\/v2\/categories?post=45041"},{"taxonomy":"post_tag","embeddable":true,"href":"https:\/\/imagazine.it\/home_desk\/wp-json\/wp\/v2\/tags?post=45041"}],"curies":[{"name":"wp","href":"https:\/\/api.w.org\/{rel}","templated":true}]}}