{"id":45039,"date":"2022-10-25T00:00:00","date_gmt":"2022-10-24T23:00:00","guid":{"rendered":"https:\/\/imagazine.it\/?p=45039"},"modified":"2022-10-25T00:00:00","modified_gmt":"2022-10-24T23:00:00","slug":"ultimato-il-progetto-per-il-nuovo-museo-sulle-attivita-doganali-a-coccau","status":"publish","type":"post","link":"https:\/\/imagazine.it\/home_desk\/ultimato-il-progetto-per-il-nuovo-museo-sulle-attivita-doganali-a-coccau\/","title":{"rendered":"Ultimato il progetto per il nuovo museo sulle attivit\u00e0 doganali a Coccau"},"content":{"rendered":"<p> \tUna struttura multifunzionale, capace di fungere allo stesso tempo da <strong>infopoint turistico<\/strong> a servizio della rete ciclistica della Carinzia e del Flag, <strong>museo del confine<\/strong> e <strong>hub museale integrato<\/strong> per la messa in rete del patrimonio culturale e naturalistico dell\u2019area.<\/p>\n<p> \t\u00c8 quanto prevede <u><a href=\"http:\/\/www.idago.org\" target=\"_blank\" rel=\"noopener\"><span style=\"color:#0000cd;\">il progetto Idago<\/span><\/a><\/u> per un <strong>Museo della Dogana<\/strong>, destinato a riconvertire e riqualificazione il complesso degli edifici ex demaniali (ora di propriet\u00e0 comunale) al <strong>valico di Coccau a Tarvisio<\/strong>.<\/p>\n<p> \tUn comprensorio che consentir\u00e0 lo sviluppo di una rete integrata transfrontaliera tra Friuli Venezia Giulia e Carinzia, volta a valorizzare luoghi e siti di importanza storica e culturale e a garantirne una migliore fruizione da parte dei turisti e delle comunit\u00e0 locali, trasformando una struttura nata come limite o \u201cspartiacque\u201d in un polo condiviso per la valorizzazione dei territori confinanti e delle comunit\u00e0 che li abitano.<\/p>\n<p> \tLa conclusione del progetto per il nuovo Museo sar\u00e0 illustrata in una conferenza finale in programma il <strong>31 ottobre alle ore 11 al Valico di Coccau<\/strong>, alla presenza dei partner del progetto, il Comune di Tarvisio (lead partner, per il Fvg) e il Comune di Arnoldstein (per la Carinzia).<\/p>\n<p> \tAlla cerimonia, dopo i saluti istituzionali del sindaco di Tarvisio <strong>Renzo Zanette<\/strong> e del sindaco di Arnoldstein <strong>Reinhard Antolitsch<\/strong>, interverranno anche i rappresentanti della Regione Friuli Venezia Giulia e del Land Carinzia. A seguire, interventi di storici ed esperti locali sul tema della ristrutturazione degli edifici e della storia dei confini, e una visita alle strutture museali. Un&#39;analoga cerimonia si svolger\u00e0 dalle ore 13.30 anche al Museo \u201cgemello\u201d nel Comune di Arnoldstein. \u00a0<\/p>\n<p> \tLa realizzazione del Museo della Dogana, che comprende <strong>due spazi espositivi<\/strong>, uno dedicato alla storia della dogana e l\u2019altro per la messa in rete delle due entit\u00e0 territoriali, attraverso l\u2019esposizione dei pi\u00f9 importanti siti naturalistici dell\u2019area confinaria, ha comportato un costo complessivo di <strong>896.950 euro <\/strong>e il Comune di Tarvisio ha beneficiato di un contributo europeo e nazionale complessivo di 786.450 euro. La quota parte, dunque, sar\u00e0 coperta da fondi di bilancio per 100.500 euro.<\/p>\n<p> \tI due siti museali di Coccau e Arnoldstein interagiranno tra loro sia attraverso scelte espositive, sia attraverso eventi congiunti coordinati tra i due comuni.<\/p>\n<p> \t\u201cL\u2019obiettivo generale del progetto \u2013 spiega il sindaco di Tarvisio, Renzo Zanette \u2013 \u00e8 il rafforzamento della cooperazione transfrontaliera tra i comuni di Tarvisio e di Arnoldstein nel campo del rafforzamento del marketing territoriale e della valorizzazione soft del patrimonio storico culturale comune lungo l\u2019asse della ciclovia Alpe Adria Radweg, itinerario ciclabile transfrontaliero che costituisce un collegamento diretto tra la rete ciclabile centro europea e il mare Adriatico\u201d.<\/p>\n<p> \tConvinto sostenitore dell&#39;iniziativa fin dalle sue origini, Zanette evidenzia l&#39;importanza del condividere un progetto \u201cche fa della storia del confine e delle barriere una mostra comune: infatti nei due musei ci saranno documentazioni, divise, timbri e tutto ci\u00f2 che riguardava la burocrazia e la realt\u00e0 che fino a pochi anni fa si rendeva necessaria per la quotidianit\u00e0 dell\u2019attraversamento dei confini. \u00c8 importante\u00a0riattivare questa memoria per le nuove generazioni attraverso un percorso congiunto che per\u00f2 contemporaneamente servir\u00e0 anche a ridare lustro a due edifici, in particolare quello posto al confine di Coccau, ormai fatiscente e abbandonato\u201d.<\/p>\n<p> \tLa presentazione del Museo della Dogana di\u00a0Coccau, che funger\u00e0 da motore per una fruizione attiva della cultura locale, rappresenta la chiusura del progetto Interreg tra Fvg e la vicina Carinzia, finanziato dalla Regione, che ha riguardato proprio la realizzazione del nuovo complesso museale.<\/p>\n<p> \t\u201cCome amministrazione siamo molto soddisfatti dell&#39;esito di questa operazione che abbiamo condotto con lungimiranza nel reperire fondi europei per riconvertire alcuni edifici demaniali a fini turistici e\u00a0 per lo sviluppo economico del territorio \u2013 osserva infine il sindaco Zanette \u2013, obiettivi che rientrano perfettamente con le nostre finalit\u00e0 negli obiettivi dell&#39;Interreg Italia-Austria, programma di cooperazione che mira a promuovere lo sviluppo equilibrato e sostenibile e l\u2019integrazione armoniosa nell\u2019area di confine tra Italia e Austria. Un programma che avr\u00e0 continuit\u00e0 anche in futuro, sempre rivolto a progetti di cooperazione nei diversi campi, dalla ricerca all&#39;innovazione, dalla natura alla cultura\u201d.<\/p>\n<p> \t\u00a0<\/p>\n","protected":false},"excerpt":{"rendered":"<p>Costato quasi 900 mila euro<\/p>\n","protected":false},"author":28,"featured_media":45040,"comment_status":"closed","ping_status":"closed","sticky":false,"template":"","format":"standard","meta":{"dwc-title":[],"dwc-content":[],"footnotes":""},"categories":[5],"tags":[],"class_list":["post-45039","post","type-post","status-publish","format-standard","has-post-thumbnail","hentry","category-attualita"],"rttpg_featured_image_url":{"full":["https:\/\/imagazine.it\/wp-content\/uploads\/2024\/01\/50462-1.webp",1000,653,false],"landscape":["https:\/\/imagazine.it\/wp-content\/uploads\/2024\/01\/50462-1.webp",1000,653,false],"portraits":["https:\/\/imagazine.it\/wp-content\/uploads\/2024\/01\/50462-1.webp",1000,653,false],"thumbnail":["https:\/\/imagazine.it\/wp-content\/uploads\/2024\/01\/50462-1-150x150.webp",150,150,true],"medium":["https:\/\/imagazine.it\/wp-content\/uploads\/2024\/01\/50462-1-300x196.webp",300,196,true],"large":["https:\/\/imagazine.it\/wp-content\/uploads\/2024\/01\/50462-1.webp",640,418,false],"thumblist":["https:\/\/imagazine.it\/wp-content\/uploads\/2024\/01\/50462-1.webp",300,196,false],"thumbrelated":["https:\/\/imagazine.it\/wp-content\/uploads\/2024\/01\/50462-1.webp",500,327,false],"meccarouselthumb":["https:\/\/imagazine.it\/wp-content\/uploads\/2024\/01\/50462-1.webp",474,310,false],"gridsquare":["https:\/\/imagazine.it\/wp-content\/uploads\/2024\/01\/50462-1.webp",391,255,false],"tileview":["https:\/\/imagazine.it\/wp-content\/uploads\/2024\/01\/50462-1.webp",300,196,false],"1536x1536":["https:\/\/imagazine.it\/wp-content\/uploads\/2024\/01\/50462-1.webp",1000,653,false],"2048x2048":["https:\/\/imagazine.it\/wp-content\/uploads\/2024\/01\/50462-1.webp",1000,653,false],"newsup-slider-full":["https:\/\/imagazine.it\/wp-content\/uploads\/2024\/01\/50462-1.webp",1000,653,false],"newsup-featured":["https:\/\/imagazine.it\/wp-content\/uploads\/2024\/01\/50462-1.webp",1000,653,false],"newsup-medium":["https:\/\/imagazine.it\/wp-content\/uploads\/2024\/01\/50462-1-720x380.webp",720,380,true],"tptn_thumbnail":["https:\/\/imagazine.it\/wp-content\/uploads\/2024\/01\/50462-1.webp",250,163,false],"sow-carousel-default":["https:\/\/imagazine.it\/wp-content\/uploads\/2024\/01\/50462-1-272x182.webp",272,182,true]},"rttpg_author":{"display_name":"redazione","author_link":"https:\/\/imagazine.it\/home_desk\/author\/redazione\/"},"rttpg_comment":0,"rttpg_category":"<a href=\"https:\/\/imagazine.it\/home_desk\/category\/attualita\/\" rel=\"category tag\">ATTUALIT\u00c0<\/a>","rttpg_excerpt":"Costato quasi 900 mila euro","_links":{"self":[{"href":"https:\/\/imagazine.it\/home_desk\/wp-json\/wp\/v2\/posts\/45039","targetHints":{"allow":["GET"]}}],"collection":[{"href":"https:\/\/imagazine.it\/home_desk\/wp-json\/wp\/v2\/posts"}],"about":[{"href":"https:\/\/imagazine.it\/home_desk\/wp-json\/wp\/v2\/types\/post"}],"author":[{"embeddable":true,"href":"https:\/\/imagazine.it\/home_desk\/wp-json\/wp\/v2\/users\/28"}],"replies":[{"embeddable":true,"href":"https:\/\/imagazine.it\/home_desk\/wp-json\/wp\/v2\/comments?post=45039"}],"version-history":[{"count":0,"href":"https:\/\/imagazine.it\/home_desk\/wp-json\/wp\/v2\/posts\/45039\/revisions"}],"wp:featuredmedia":[{"embeddable":true,"href":"https:\/\/imagazine.it\/home_desk\/wp-json\/wp\/v2\/media\/45040"}],"wp:attachment":[{"href":"https:\/\/imagazine.it\/home_desk\/wp-json\/wp\/v2\/media?parent=45039"}],"wp:term":[{"taxonomy":"category","embeddable":true,"href":"https:\/\/imagazine.it\/home_desk\/wp-json\/wp\/v2\/categories?post=45039"},{"taxonomy":"post_tag","embeddable":true,"href":"https:\/\/imagazine.it\/home_desk\/wp-json\/wp\/v2\/tags?post=45039"}],"curies":[{"name":"wp","href":"https:\/\/api.w.org\/{rel}","templated":true}]}}