{"id":45031,"date":"2022-10-24T00:00:00","date_gmt":"2022-10-23T23:00:00","guid":{"rendered":"https:\/\/imagazine.it\/?p=45031"},"modified":"2022-10-24T00:00:00","modified_gmt":"2022-10-23T23:00:00","slug":"riaprira-a-palmanova-la-strada-delle-milizie","status":"publish","type":"post","link":"https:\/\/imagazine.it\/home_desk\/riaprira-a-palmanova-la-strada-delle-milizie\/","title":{"rendered":"Riaprir\u00e0 a Palmanova la Strada delle Milizie"},"content":{"rendered":"<p> \t<strong>Sono stati assegnati al Comune di Palmanova 670.000 euro<\/strong> sul bando regionale che eroga contributi per promuovere e sostenere la progettazione e l&#39;attuazione di progetti volti alla riqualificazione di aree compromesse e degradate. I fondi saranno destinati alla riqualificazione e recupero <strong>dell\u2019area antistante l\u2019ex caserma napoleonica Filzi<\/strong>, nel compendio dell\u2019ex caserma Ederle.<\/p>\n<p> \tIn particolare sar\u00e0 possibile <strong>demolire due edifici gemelli fatiscenti, utilizzati come corpi di guardia in epoca recente, un capannone<\/strong> davanti all\u2019ex Filzi ed altre due strutture che ora impediscono la visione generale e, soprattutto, la riapertura della Strada delle Milizie, l\u2019antica via della Fortezza che percorreva l\u2019intero perimetro interno della Citt\u00e0, con funzioni militari di spostamento delle milizie e di ronda. Sar\u00e0 cos\u00ec possibile <strong>ripristinare parte dell\u2019antica viabilit\u00e0 rinascimentale della Fortezza<\/strong>.<\/p>\n<p> \tL\u2019intervento permetter\u00e0 anche di <strong>riqualificare la Piazza d\u2019armi<\/strong> antistante la struttura napoleonica, permettendo anche l\u2019accesso a Baluardo Donato attraverso il portone in legno della caserma stessa. Nel piano d\u2019intervento \u00e8 programmata anche la realizzazione di <strong>rampe di accesso disabili e la demolizione della cabina dell\u2019energia elettrica<\/strong> che inficia la visione completa della Polveriera napoleonica Barbaro.<\/p>\n<p> \t\u201cPezzo dopo pezzo, stiamo riportando la Fortezza all\u2019antico splendore. Stiamo intervenendo su tutta l\u2019area, prima le gallerie di contromina, poi Baluardo Donato e il salvataggio dell\u2019incamiciatura del Bastione. Siamo gi\u00e0 all\u2019opera con le progettazioni sulla caserma Ederle, sulla Torre Piezometrica e sull\u2019ampliamento del percorso di visita delle Gallerie di Contromina. Abbiamo presentato domanda di contributo, assieme ad altri 11 comuni, per <strong>fare della Filzi un Museo del territorio<\/strong> e ora questo finanziamento che va a sistemare e liberare l\u2019area antistante la caserma napoleonica\u201d, commentano il sindaco <strong>Giuseppe Tellini<\/strong> e l\u2019assessore ai Bastioni <strong>Luca Piani<\/strong>.<\/p>\n<p> \t\u00a0<\/p>\n","protected":false},"excerpt":{"rendered":"<p>Assegnati 670 mila euro<\/p>\n","protected":false},"author":28,"featured_media":45032,"comment_status":"closed","ping_status":"closed","sticky":false,"template":"","format":"standard","meta":{"dwc-title":[],"dwc-content":[],"footnotes":""},"categories":[5],"tags":[],"class_list":["post-45031","post","type-post","status-publish","format-standard","has-post-thumbnail","hentry","category-attualita"],"rttpg_featured_image_url":{"full":["https:\/\/imagazine.it\/wp-content\/uploads\/2024\/01\/50449-1.webp",1000,750,false],"landscape":["https:\/\/imagazine.it\/wp-content\/uploads\/2024\/01\/50449-1.webp",1000,750,false],"portraits":["https:\/\/imagazine.it\/wp-content\/uploads\/2024\/01\/50449-1.webp",1000,750,false],"thumbnail":["https:\/\/imagazine.it\/wp-content\/uploads\/2024\/01\/50449-1-150x150.webp",150,150,true],"medium":["https:\/\/imagazine.it\/wp-content\/uploads\/2024\/01\/50449-1-300x225.webp",300,225,true],"large":["https:\/\/imagazine.it\/wp-content\/uploads\/2024\/01\/50449-1.webp",640,480,false],"thumblist":["https:\/\/imagazine.it\/wp-content\/uploads\/2024\/01\/50449-1.webp",300,225,false],"thumbrelated":["https:\/\/imagazine.it\/wp-content\/uploads\/2024\/01\/50449-1.webp",500,375,false],"meccarouselthumb":["https:\/\/imagazine.it\/wp-content\/uploads\/2024\/01\/50449-1.webp",432,324,false],"gridsquare":["https:\/\/imagazine.it\/wp-content\/uploads\/2024\/01\/50449-1.webp",347,260,false],"tileview":["https:\/\/imagazine.it\/wp-content\/uploads\/2024\/01\/50449-1.webp",300,225,false],"1536x1536":["https:\/\/imagazine.it\/wp-content\/uploads\/2024\/01\/50449-1.webp",1000,750,false],"2048x2048":["https:\/\/imagazine.it\/wp-content\/uploads\/2024\/01\/50449-1.webp",1000,750,false],"newsup-slider-full":["https:\/\/imagazine.it\/wp-content\/uploads\/2024\/01\/50449-1-1000x720.webp",1000,720,true],"newsup-featured":["https:\/\/imagazine.it\/wp-content\/uploads\/2024\/01\/50449-1.webp",1000,750,false],"newsup-medium":["https:\/\/imagazine.it\/wp-content\/uploads\/2024\/01\/50449-1-720x380.webp",720,380,true],"tptn_thumbnail":["https:\/\/imagazine.it\/wp-content\/uploads\/2024\/01\/50449-1.webp",250,188,false],"sow-carousel-default":["https:\/\/imagazine.it\/wp-content\/uploads\/2024\/01\/50449-1-272x182.webp",272,182,true]},"rttpg_author":{"display_name":"redazione","author_link":"https:\/\/imagazine.it\/home_desk\/author\/redazione\/"},"rttpg_comment":0,"rttpg_category":"<a href=\"https:\/\/imagazine.it\/home_desk\/category\/attualita\/\" rel=\"category tag\">ATTUALIT\u00c0<\/a>","rttpg_excerpt":"Assegnati 670 mila euro","_links":{"self":[{"href":"https:\/\/imagazine.it\/home_desk\/wp-json\/wp\/v2\/posts\/45031","targetHints":{"allow":["GET"]}}],"collection":[{"href":"https:\/\/imagazine.it\/home_desk\/wp-json\/wp\/v2\/posts"}],"about":[{"href":"https:\/\/imagazine.it\/home_desk\/wp-json\/wp\/v2\/types\/post"}],"author":[{"embeddable":true,"href":"https:\/\/imagazine.it\/home_desk\/wp-json\/wp\/v2\/users\/28"}],"replies":[{"embeddable":true,"href":"https:\/\/imagazine.it\/home_desk\/wp-json\/wp\/v2\/comments?post=45031"}],"version-history":[{"count":0,"href":"https:\/\/imagazine.it\/home_desk\/wp-json\/wp\/v2\/posts\/45031\/revisions"}],"wp:featuredmedia":[{"embeddable":true,"href":"https:\/\/imagazine.it\/home_desk\/wp-json\/wp\/v2\/media\/45032"}],"wp:attachment":[{"href":"https:\/\/imagazine.it\/home_desk\/wp-json\/wp\/v2\/media?parent=45031"}],"wp:term":[{"taxonomy":"category","embeddable":true,"href":"https:\/\/imagazine.it\/home_desk\/wp-json\/wp\/v2\/categories?post=45031"},{"taxonomy":"post_tag","embeddable":true,"href":"https:\/\/imagazine.it\/home_desk\/wp-json\/wp\/v2\/tags?post=45031"}],"curies":[{"name":"wp","href":"https:\/\/api.w.org\/{rel}","templated":true}]}}