{"id":45027,"date":"2022-10-24T00:00:00","date_gmt":"2022-10-23T23:00:00","guid":{"rendered":"https:\/\/imagazine.it\/?p=45027"},"modified":"2022-10-24T00:00:00","modified_gmt":"2022-10-23T23:00:00","slug":"monfalcone-taglio-del-nastro-per-la-nuova-neuropsichiatria-infantile","status":"publish","type":"post","link":"https:\/\/imagazine.it\/home_desk\/monfalcone-taglio-del-nastro-per-la-nuova-neuropsichiatria-infantile\/","title":{"rendered":"Monfalcone, taglio del nastro per la nuova Neuropsichiatria infantile"},"content":{"rendered":"<p> \tTaglio del nastro all&#39;ospedale San Polo di <strong>Monfalcone<\/strong> del <u><a href=\"http:\/\/www.imagazine.it\/notizie-trieste-gorizia-udine-friuli\/11308\" target=\"_blank\" rel=\"noopener\"><span style=\"color:#0000cd;\">nuovo Centro territoriale per i disturbi del neurosviluppo e psicopatologia dell&#39;et\u00e0 evolutiva<\/span><\/a><\/u>.<\/p>\n<p> \tAll\u2019evento sono intervenuti il governatore del Friuli Venezia Giulia, <strong>Massimiliano Fedriga<\/strong> (in videoconferenza), il vicegovernatore e assessore con delega alla Salute, <strong>Riccardo Riccardi<\/strong>, l&#39;assessore regionale <strong>Sebastiano Callari<\/strong> e il sindaco di Monfalcone <strong>Anna Maria Cisint<\/strong>.<\/p>\n<p> \tPresenti anche i referenti dell&#39;associazione &#8220;dinAmici&#8221;, ideatrice del progetto che ha visto anche sostegni di tipo privato.<\/p>\n<p> \t&#8220;L&#39;opera \u00e8 stata co-finanziata dalla Regione che ha stanziato un fondo di oltre 1,4 milioni di euro. La collaborazione e l&#39;alleanza strette su pi\u00f9 livelli per dare risposte adeguate e appropriate ai bisogni di salute della comunit\u00e0 \u00e8 la chiave per affrontare il difficile momento che stiamo attraversando e gli anni altrettanto impegnativi che ci attendono&#8221;.<\/p>\n<p> \t&#8220;L&#39;iniziativa che ha portato alla creazione di questo centro \u2013 hanno aggiunto \u2013 ha visto un percorso pienamente condiviso col territorio: sono scesi in campo in sincrono sindaci, istituzioni e associazioni, con il fine primo di cogliere subito i bisogni delle persone con necessit\u00e0 e delle loro famiglie, laddove si manifestano. \u00c8 un esempio del modello di integrazione sociosanitaria che vede l&#39;ospedale come punto di riferimento per il solo momento acuto dell&#39;emergenza e della malattia, e della struttura territoriale per la gestione del prima e del dopo acuzie&#8221;.<\/p>\n<p> \t\u201cNon \u00e8 descrivibile \u2013 <u><a href=\"https:\/\/asugi.sanita.fvg.it\/it\/news\/2022_10_24_inaugurazione_centro_disturbi_neurosviluppo.html\" target=\"_blank\" rel=\"noopener\"><span style=\"color:#0000cd;\">le parole di Manuela Fumis, presidente di dinAmici<\/span><\/a><\/u> \u2013 l\u2019emozione che stiamo provando. Dall\u2019inizio di questo percorso non abbiamo mai dubitato della buona riuscita del progetto, anche quando gli eventi sembravano frenarci. Anzi, nei momenti di maggior trambusto, noi dinAMICI, dal direttivo a ogni singolo volontario operativo, abbiamo tratto energia dall\u2019amicizia che ci lega, perch\u00e9 crediamo che la condivisione delle emozioni consolidi costantemente il nostro gruppo e amplifichi il nostro operato. \u00c8 stato un lavoro in costante collaborazione, dalla scelta dei materiali e degli arredi all\u2019allestimento di quanto promesso. Questo progetto, cos\u00ec completo e cos\u00ec globale, ci ha impegnato per cinque anni, ma il risultato \u00e8 talmente soddisfacente da farci credere ancora pi\u00f9 fermamente nel nostro motto \u201cse puoi sognarlo puoi farlo\u201d. Ringraziamo quanti ci hanno dato piena fiducia fin dall\u2019inizio, tutta la comunit\u00e0 che ha partecipato alla raccolta fondi che finalmente potr\u00e0 vedere e toccare con mano il risultato. Porteremo nel cuore la collaborazione con lo staff di progettisti e tecnici ASUGI che hanno sposato con estremo entusiasmo il progetto, cercando, per ogni step, la soluzione migliore per il miglior risultato. Chiediamo alla comunit\u00e0 di continuare a sostenere la nostra associazione, in quanto la fine di un progetto \u00e8 gi\u00e0 l\u2019inizio di un nuovo percorso che, come da nostro statuto, sar\u00e0 volto al benessere degli utenti sanitari\u201d.<\/p>\n<p> \tAmbienti confortevoli, in grado di mettere i piccoli pazienti a proprio agio, che garantiscono il rispetto della privacy e che rispondono alle esigenze dei bambini e ragazzi che li animeranno. Ogni stanza \u00e8 diversa ed \u00e8 stata pensata per accogliere i degenti con una determinata patologia.<\/p>\n<p> \tIl sindaco Cisint, visitando il reparto, commenta cos\u00ec: \u201cUna giornata positiva per Monfalcone e per l\u2019intero territorio isontino. Oggi \u2013 ha dichiarato il sindaco Cisint \u2013 vede la luce un progetto ambizioso e importante, la cui concreta realizzazione mi emoziona molto. Un progetto nato nel 2017 da un\u2019idea dell\u2019associazione DinAmici, che ha visto la collaborazione fattiva di tanti soggetti che, insieme, hanno creduto che questo reparto si potesse costruire e, dopo cinque anni di impegno congiunto finalmente oggi possiamo offrire un servizio di qualit\u00e0 ad un&#39;utenza ampia. Purtroppo negli ultimi anni si \u00e8 registrata una crescita dei casi di pazienti infantili con disturbi neurologici, per questo abbiamo ritenuto doveroso dare risposte anche alle famiglie di questi bambini e ragazzi\u201d.<\/p>\n<p> \tSono gi\u00e0 1.300 i bambini e ragazzi che fruiranno del servizio. Il reparto, oltre che con i fondi delle donazioni di aziende e privati, \u00e8 stato costruito grazie al contributo della Regione e, nella giornata di oggi BCC ha donato ulteriori 60.000 euro per terminare il progetto.<\/p>\n<p> \tAl reparto sar\u00e0 affissa una targa con la scritta: \u201c<em>Se sembra impossibile allora si pu\u00f2 fare<\/em>\u201d ed \u00e8 gi\u00e0 presente una targa con i nomi di chi ha contribuito alla realizzazione.<\/p>\n<p> \t\u00a0<\/p>\n","protected":false},"excerpt":{"rendered":"<p>Cerimonia al San Polo &#8211; Video<\/p>\n","protected":false},"author":28,"featured_media":45028,"comment_status":"closed","ping_status":"closed","sticky":false,"template":"","format":"standard","meta":{"dwc-title":[],"dwc-content":[],"footnotes":""},"categories":[5],"tags":[],"class_list":["post-45027","post","type-post","status-publish","format-standard","has-post-thumbnail","hentry","category-attualita"],"rttpg_featured_image_url":{"full":["https:\/\/imagazine.it\/wp-content\/uploads\/2024\/01\/50440-1.webp",1000,667,false],"landscape":["https:\/\/imagazine.it\/wp-content\/uploads\/2024\/01\/50440-1.webp",1000,667,false],"portraits":["https:\/\/imagazine.it\/wp-content\/uploads\/2024\/01\/50440-1.webp",1000,667,false],"thumbnail":["https:\/\/imagazine.it\/wp-content\/uploads\/2024\/01\/50440-1-150x150.webp",150,150,true],"medium":["https:\/\/imagazine.it\/wp-content\/uploads\/2024\/01\/50440-1-300x200.webp",300,200,true],"large":["https:\/\/imagazine.it\/wp-content\/uploads\/2024\/01\/50440-1.webp",640,427,false],"thumblist":["https:\/\/imagazine.it\/wp-content\/uploads\/2024\/01\/50440-1.webp",300,200,false],"thumbrelated":["https:\/\/imagazine.it\/wp-content\/uploads\/2024\/01\/50440-1.webp",500,334,false],"meccarouselthumb":["https:\/\/imagazine.it\/wp-content\/uploads\/2024\/01\/50440-1.webp",474,316,false],"gridsquare":["https:\/\/imagazine.it\/wp-content\/uploads\/2024\/01\/50440-1.webp",391,260,false],"tileview":["https:\/\/imagazine.it\/wp-content\/uploads\/2024\/01\/50440-1.webp",300,200,false],"1536x1536":["https:\/\/imagazine.it\/wp-content\/uploads\/2024\/01\/50440-1.webp",1000,667,false],"2048x2048":["https:\/\/imagazine.it\/wp-content\/uploads\/2024\/01\/50440-1.webp",1000,667,false],"newsup-slider-full":["https:\/\/imagazine.it\/wp-content\/uploads\/2024\/01\/50440-1.webp",1000,667,false],"newsup-featured":["https:\/\/imagazine.it\/wp-content\/uploads\/2024\/01\/50440-1.webp",1000,667,false],"newsup-medium":["https:\/\/imagazine.it\/wp-content\/uploads\/2024\/01\/50440-1-720x380.webp",720,380,true],"tptn_thumbnail":["https:\/\/imagazine.it\/wp-content\/uploads\/2024\/01\/50440-1.webp",250,167,false],"sow-carousel-default":["https:\/\/imagazine.it\/wp-content\/uploads\/2024\/01\/50440-1-272x182.webp",272,182,true]},"rttpg_author":{"display_name":"redazione","author_link":"https:\/\/imagazine.it\/home_desk\/author\/redazione\/"},"rttpg_comment":0,"rttpg_category":"<a href=\"https:\/\/imagazine.it\/home_desk\/category\/attualita\/\" rel=\"category tag\">ATTUALIT\u00c0<\/a>","rttpg_excerpt":"Cerimonia al San Polo - Video","_links":{"self":[{"href":"https:\/\/imagazine.it\/home_desk\/wp-json\/wp\/v2\/posts\/45027","targetHints":{"allow":["GET"]}}],"collection":[{"href":"https:\/\/imagazine.it\/home_desk\/wp-json\/wp\/v2\/posts"}],"about":[{"href":"https:\/\/imagazine.it\/home_desk\/wp-json\/wp\/v2\/types\/post"}],"author":[{"embeddable":true,"href":"https:\/\/imagazine.it\/home_desk\/wp-json\/wp\/v2\/users\/28"}],"replies":[{"embeddable":true,"href":"https:\/\/imagazine.it\/home_desk\/wp-json\/wp\/v2\/comments?post=45027"}],"version-history":[{"count":0,"href":"https:\/\/imagazine.it\/home_desk\/wp-json\/wp\/v2\/posts\/45027\/revisions"}],"wp:featuredmedia":[{"embeddable":true,"href":"https:\/\/imagazine.it\/home_desk\/wp-json\/wp\/v2\/media\/45028"}],"wp:attachment":[{"href":"https:\/\/imagazine.it\/home_desk\/wp-json\/wp\/v2\/media?parent=45027"}],"wp:term":[{"taxonomy":"category","embeddable":true,"href":"https:\/\/imagazine.it\/home_desk\/wp-json\/wp\/v2\/categories?post=45027"},{"taxonomy":"post_tag","embeddable":true,"href":"https:\/\/imagazine.it\/home_desk\/wp-json\/wp\/v2\/tags?post=45027"}],"curies":[{"name":"wp","href":"https:\/\/api.w.org\/{rel}","templated":true}]}}