{"id":45023,"date":"2022-10-23T00:00:00","date_gmt":"2022-10-22T23:00:00","guid":{"rendered":"https:\/\/imagazine.it\/?p=45023"},"modified":"2022-10-23T00:00:00","modified_gmt":"2022-10-22T23:00:00","slug":"la-comunita-di-aquileia-rivive-le-emozioni-di-collina","status":"publish","type":"post","link":"https:\/\/imagazine.it\/home_desk\/la-comunita-di-aquileia-rivive-le-emozioni-di-collina\/","title":{"rendered":"La comunit\u00e0 di Aquileia rivive le emozioni di Collina"},"content":{"rendered":"<p> \tSi sono ritrovati in Sala Romana ad <strong>Aquileia<\/strong>, grazie alla regia del delegato parrocchiale <strong>Lorenzo Boccalon<\/strong> che da pi\u00f9 di 35 anni segue la gestione della struttura, oltre un centinaio tra ragazzi e ragazze (dai 7 ai 14 anni) della parrocchia di Aquileia, tutti quelli che avevano trascorso un paio di settimane nel centro parrocchiale Monsignor Luigi Marcuzzi, a Collina, frazione di Forni Avoltri, assieme agli accompagnatori: cuochi, animatori, chi in quel periodo ha permesso un sicuro alloggio ai giovani.<\/p>\n<p> \tAll\u2019evento ha presenziato anche il parroco, <strong>monsignor Adelchi Cabass<\/strong>.<\/p>\n<p> \tUna consuetudine che \u00e8 iniziata nel 1976, pochi mesi dopo il disastroso terremoto, e che non si \u00e8 mai fermata: ogni anno bambini e ragazzi vanno a trascorrere una vacanza nella localit\u00e0 della Carnia.<\/p>\n<p> \tDopo due anni si \u00e8 potuto ricordare il periodo estivo tutti assieme senza restrizioni, rivedendo le foto e i filmati fatti durante l\u2019estate.<\/p>\n<p> \tPer l\u2019occasione \u00e8 intervenuto anche il sindaco di Aquileia, <strong>Emanuele Zorino<\/strong>, anche lui anni fa nel gruppo dei bambini.<\/p>\n<p> \tAl termine della mattinata c\u2019\u00e8 stato un ringraziamento speciale a un aquileiese \u201cdoc\u201d, <strong>Enzo Puntin<\/strong>, che alle soglie dei 90 anni \u2013 li compir\u00e0 il prossimo marzo \u2013 nel periodo difficile della pandemia ha voluto realizzare dei mosaici e donarli alla struttura parrocchiale: la \u201cCroce di Aquileia\u201d, \u201cLa rosa dei Venti\u201d e \u201cun Fiore\u201d.\u00a0<\/p>\n<p> \tPunti \u00e8 specializzato nei mosaici, ne ha confezionati moltissimi che sono stati donati a tanti luoghi sacri e istituzionali, <u><a href=\"http:\/\/www.imagazine.it\/notizie-trieste-gorizia-udine-friuli\/11532\" target=\"_blank\" rel=\"noopener\"><span style=\"color:#0000cd;\">ultimamente anche al presidente della Repubblica Sergio Mattarella, che ha ringraziato per via epistolare il mosaicista di Aquileia<\/span><\/a><\/u>.<\/p>\n<p> \t\u00a0<\/p>\n","protected":false},"excerpt":{"rendered":"<p>Momento di festa in Sala Romana<\/p>\n","protected":false},"author":22,"featured_media":45024,"comment_status":"closed","ping_status":"closed","sticky":false,"template":"","format":"standard","meta":{"dwc-title":[],"dwc-content":[],"footnotes":""},"categories":[5],"tags":[],"class_list":["post-45023","post","type-post","status-publish","format-standard","has-post-thumbnail","hentry","category-attualita"],"rttpg_featured_image_url":{"full":["https:\/\/imagazine.it\/wp-content\/uploads\/2024\/01\/50427-1.webp",1000,666,false],"landscape":["https:\/\/imagazine.it\/wp-content\/uploads\/2024\/01\/50427-1.webp",1000,666,false],"portraits":["https:\/\/imagazine.it\/wp-content\/uploads\/2024\/01\/50427-1.webp",1000,666,false],"thumbnail":["https:\/\/imagazine.it\/wp-content\/uploads\/2024\/01\/50427-1-150x150.webp",150,150,true],"medium":["https:\/\/imagazine.it\/wp-content\/uploads\/2024\/01\/50427-1-300x200.webp",300,200,true],"large":["https:\/\/imagazine.it\/wp-content\/uploads\/2024\/01\/50427-1.webp",640,426,false],"thumblist":["https:\/\/imagazine.it\/wp-content\/uploads\/2024\/01\/50427-1.webp",300,200,false],"thumbrelated":["https:\/\/imagazine.it\/wp-content\/uploads\/2024\/01\/50427-1.webp",500,333,false],"meccarouselthumb":["https:\/\/imagazine.it\/wp-content\/uploads\/2024\/01\/50427-1.webp",474,316,false],"gridsquare":["https:\/\/imagazine.it\/wp-content\/uploads\/2024\/01\/50427-1.webp",391,260,false],"tileview":["https:\/\/imagazine.it\/wp-content\/uploads\/2024\/01\/50427-1.webp",300,200,false],"1536x1536":["https:\/\/imagazine.it\/wp-content\/uploads\/2024\/01\/50427-1.webp",1000,666,false],"2048x2048":["https:\/\/imagazine.it\/wp-content\/uploads\/2024\/01\/50427-1.webp",1000,666,false],"newsup-slider-full":["https:\/\/imagazine.it\/wp-content\/uploads\/2024\/01\/50427-1.webp",1000,666,false],"newsup-featured":["https:\/\/imagazine.it\/wp-content\/uploads\/2024\/01\/50427-1.webp",1000,666,false],"newsup-medium":["https:\/\/imagazine.it\/wp-content\/uploads\/2024\/01\/50427-1-720x380.webp",720,380,true],"tptn_thumbnail":["https:\/\/imagazine.it\/wp-content\/uploads\/2024\/01\/50427-1.webp",250,167,false],"sow-carousel-default":["https:\/\/imagazine.it\/wp-content\/uploads\/2024\/01\/50427-1-272x182.webp",272,182,true]},"rttpg_author":{"display_name":"Livio Nonis","author_link":"https:\/\/imagazine.it\/home_desk\/author\/nonis\/"},"rttpg_comment":0,"rttpg_category":"<a href=\"https:\/\/imagazine.it\/home_desk\/category\/attualita\/\" rel=\"category tag\">ATTUALIT\u00c0<\/a>","rttpg_excerpt":"Momento di festa in Sala Romana","_links":{"self":[{"href":"https:\/\/imagazine.it\/home_desk\/wp-json\/wp\/v2\/posts\/45023","targetHints":{"allow":["GET"]}}],"collection":[{"href":"https:\/\/imagazine.it\/home_desk\/wp-json\/wp\/v2\/posts"}],"about":[{"href":"https:\/\/imagazine.it\/home_desk\/wp-json\/wp\/v2\/types\/post"}],"author":[{"embeddable":true,"href":"https:\/\/imagazine.it\/home_desk\/wp-json\/wp\/v2\/users\/22"}],"replies":[{"embeddable":true,"href":"https:\/\/imagazine.it\/home_desk\/wp-json\/wp\/v2\/comments?post=45023"}],"version-history":[{"count":0,"href":"https:\/\/imagazine.it\/home_desk\/wp-json\/wp\/v2\/posts\/45023\/revisions"}],"wp:featuredmedia":[{"embeddable":true,"href":"https:\/\/imagazine.it\/home_desk\/wp-json\/wp\/v2\/media\/45024"}],"wp:attachment":[{"href":"https:\/\/imagazine.it\/home_desk\/wp-json\/wp\/v2\/media?parent=45023"}],"wp:term":[{"taxonomy":"category","embeddable":true,"href":"https:\/\/imagazine.it\/home_desk\/wp-json\/wp\/v2\/categories?post=45023"},{"taxonomy":"post_tag","embeddable":true,"href":"https:\/\/imagazine.it\/home_desk\/wp-json\/wp\/v2\/tags?post=45023"}],"curies":[{"name":"wp","href":"https:\/\/api.w.org\/{rel}","templated":true}]}}