{"id":45019,"date":"2022-10-21T00:00:00","date_gmt":"2022-10-20T23:00:00","guid":{"rendered":"https:\/\/imagazine.it\/?p=45019"},"modified":"2022-10-21T00:00:00","modified_gmt":"2022-10-20T23:00:00","slug":"il-centenario-delle-zone-monumentali-del-goriziano","status":"publish","type":"post","link":"https:\/\/imagazine.it\/home_desk\/il-centenario-delle-zone-monumentali-del-goriziano\/","title":{"rendered":"Il centenario delle Zone Monumentali del Goriziano"},"content":{"rendered":"<p> \tSar\u00e0 proposta <strong>domenica 30 ottobre<\/strong>, il giorno successivo al centenario, l\u2019escursione organizzata dalla <strong>Pro Loco Fogliano Redipuglia<\/strong> sul Monte Sabotino. Un appuntamento, guidato dell\u2019Esperto Grande Guerra <strong>Marco Mantini<\/strong>, che intende porre l\u2019accento sulle Zone Monumentali, istituite in un contesto di mantenimento della memoria proprio il 29 ottobre 1922.<\/p>\n<p> \tDue sono le Zone create nel territorio del Goriziano \u2013 su quattro totali a livello nazionale \u2013 che sono quella del <strong>Monte San Michele<\/strong>, gi\u00e0 oggetto nello stesso periodo di una serie di eventi, e il <strong>Monte Sabotino<\/strong>. Su quest\u2019ultimo si focalizzer\u00e0 l\u2019attenzione di Mantini che in questi mesi ha anche concluso una ricerca storica sul monte che domina Gorizia e la Valle dell\u2019Isonzo poi culminata in una pubblicazione edita da Gaspari editore.<\/p>\n<p> \tL\u2019uscita si inserisce nel pi\u00f9 ampio e composito programma delle escursioni con gli Esperti Grande Guerra organizzate e gestite proprio dalla Pro Loco foglianina in collaborazione con Promoturismo Fvg e che proseguiranno fino a fine novembre. Proprio nel contesto del centenario delle Zone Monumentali la Pro Loco ha allestito una serie di eventi per dare il giusto lustro alla storia.<\/p>\n<p> \t\u201cStiamo lavorando da mesi \u2013 spiega la presidente, <strong>Marta Lollis<\/strong> \u2013 anche per le nuove progettualit\u00e0 del 2023 tra cui spicca il centenario della prima sistemazione del cimitero dei caduti al Colle Sant\u2019Elia. Un anniversario importante che ci vedr\u00e0 collaborare con Promoturismo Fvg e le amministrazioni comunali, in particolare Fogliano Redipuglia. A breve chiederemo, a tal proposito, la convocazione di un tavolo per le nuove progettualit\u00e0 territoriali\u201d, conclude Lollis.<\/p>\n<p> \tTornando all\u2019escursione del 30 ottobre, \u201cesattamente cento anni fa il Regio Decreto-legge n.1386 del 29 ottobre 1922 dichiarava \u201cZone Monumentali\u201d quattro aree dell\u2019ex fronte italo-austriaco. Per rappresentare il Fronte dell\u2019Isonzo furono prescelti i monti Sabotino e San Michele\u201d, racconta lo stesso Marco Mantini.<\/p>\n<p> \t\u201cL\u2019iter che port\u00f2 all\u2019istituzione delle Zone Monumentali fu estremamente complesso e affascinante: a esse spettava la delicata missione di tramandare la memoria del conflitto e verso esse di sarebbe indirizzato il flusso del turismo patriottico-reducista, in particolare negli anni Venti e Trenta. Fu cos\u00ec che il monte Sabotino e il monte San Michele furono animati da adunate, visite private e pellegrinaggi collettivi, che dettero vita a un fenomeno interessantissimo dal punto di vista storico, sociale e sociologico, intenso per motivazione, sentimento e per numero di presenze\u201d, conclude Mantini.<\/p>\n<p> \tSulla scia di queste esperienze e per comprendere ancor meglio l\u2019intera storia che port\u00f2 i campi di battaglia a diventare campi di pellegrinaggio ecco l\u2019escursione \u201cLa Zona Monumentale del monte Sabotino compie cent&#39;anni. Escursione tematica in occasione del centenario della sua istituzione\u201d. Il ritrovo sar\u00e0 al piazzale del rifugio sul versante sloveno del Sabotino alle 9 e l\u2019escursione avr\u00e0 una durata di due ore e mezza circa con difficolt\u00e0 escursionistica. \u00c8 consigliata l\u2019attrezzatura per le escursioni: vestiario adatto, scarpe da trekking, macchina fotografica, giacca a vento, torcia elettrica.<\/p>\n<p> \tIl 3 novembre, infine, all\u2019interno del Museo della Grande Guerra, ospitato nella Regia Stazione di Redipuglia, alle 19, lo stesso Mantini dialogher\u00e0 con <strong>Ivan Bianchi<\/strong> presentando le due pubblicazioni sulle zone monumentali del Monte San Michele e del Sabotino, entrambe edite da Gaspari Editore.<\/p>\n<p> \tPer informazioni e prenotazioni contattare l\u2019ufficio Iat di Redipuglia, gestito dalla Pro Loco Fogliano Redipuglia, allo 0481489139 o al 3461761913.<\/p>\n<p> \t\u00a0<\/p>\n","protected":false},"excerpt":{"rendered":"<p>Escursione il 30 ottobre<\/p>\n","protected":false},"author":28,"featured_media":45020,"comment_status":"closed","ping_status":"closed","sticky":false,"template":"","format":"standard","meta":{"dwc-title":[],"dwc-content":[],"footnotes":""},"categories":[8],"tags":[],"class_list":["post-45019","post","type-post","status-publish","format-standard","has-post-thumbnail","hentry","category-turismo"],"rttpg_featured_image_url":{"full":["https:\/\/imagazine.it\/wp-content\/uploads\/2024\/01\/50417-1.webp",1000,780,false],"landscape":["https:\/\/imagazine.it\/wp-content\/uploads\/2024\/01\/50417-1.webp",1000,780,false],"portraits":["https:\/\/imagazine.it\/wp-content\/uploads\/2024\/01\/50417-1.webp",1000,780,false],"thumbnail":["https:\/\/imagazine.it\/wp-content\/uploads\/2024\/01\/50417-1-150x150.webp",150,150,true],"medium":["https:\/\/imagazine.it\/wp-content\/uploads\/2024\/01\/50417-1-300x234.webp",300,234,true],"large":["https:\/\/imagazine.it\/wp-content\/uploads\/2024\/01\/50417-1.webp",640,499,false],"thumblist":["https:\/\/imagazine.it\/wp-content\/uploads\/2024\/01\/50417-1.webp",300,234,false],"thumbrelated":["https:\/\/imagazine.it\/wp-content\/uploads\/2024\/01\/50417-1.webp",500,390,false],"meccarouselthumb":["https:\/\/imagazine.it\/wp-content\/uploads\/2024\/01\/50417-1.webp",415,324,false],"gridsquare":["https:\/\/imagazine.it\/wp-content\/uploads\/2024\/01\/50417-1.webp",333,260,false],"tileview":["https:\/\/imagazine.it\/wp-content\/uploads\/2024\/01\/50417-1.webp",300,234,false],"1536x1536":["https:\/\/imagazine.it\/wp-content\/uploads\/2024\/01\/50417-1.webp",1000,780,false],"2048x2048":["https:\/\/imagazine.it\/wp-content\/uploads\/2024\/01\/50417-1.webp",1000,780,false],"newsup-slider-full":["https:\/\/imagazine.it\/wp-content\/uploads\/2024\/01\/50417-1-1000x720.webp",1000,720,true],"newsup-featured":["https:\/\/imagazine.it\/wp-content\/uploads\/2024\/01\/50417-1.webp",1000,780,false],"newsup-medium":["https:\/\/imagazine.it\/wp-content\/uploads\/2024\/01\/50417-1-720x380.webp",720,380,true],"tptn_thumbnail":["https:\/\/imagazine.it\/wp-content\/uploads\/2024\/01\/50417-1.webp",250,195,false],"sow-carousel-default":["https:\/\/imagazine.it\/wp-content\/uploads\/2024\/01\/50417-1-272x182.webp",272,182,true]},"rttpg_author":{"display_name":"redazione","author_link":"https:\/\/imagazine.it\/home_desk\/author\/redazione\/"},"rttpg_comment":0,"rttpg_category":"<a href=\"https:\/\/imagazine.it\/home_desk\/category\/turismo\/\" rel=\"category tag\">TURISMO<\/a>","rttpg_excerpt":"Escursione il 30 ottobre","_links":{"self":[{"href":"https:\/\/imagazine.it\/home_desk\/wp-json\/wp\/v2\/posts\/45019","targetHints":{"allow":["GET"]}}],"collection":[{"href":"https:\/\/imagazine.it\/home_desk\/wp-json\/wp\/v2\/posts"}],"about":[{"href":"https:\/\/imagazine.it\/home_desk\/wp-json\/wp\/v2\/types\/post"}],"author":[{"embeddable":true,"href":"https:\/\/imagazine.it\/home_desk\/wp-json\/wp\/v2\/users\/28"}],"replies":[{"embeddable":true,"href":"https:\/\/imagazine.it\/home_desk\/wp-json\/wp\/v2\/comments?post=45019"}],"version-history":[{"count":0,"href":"https:\/\/imagazine.it\/home_desk\/wp-json\/wp\/v2\/posts\/45019\/revisions"}],"wp:featuredmedia":[{"embeddable":true,"href":"https:\/\/imagazine.it\/home_desk\/wp-json\/wp\/v2\/media\/45020"}],"wp:attachment":[{"href":"https:\/\/imagazine.it\/home_desk\/wp-json\/wp\/v2\/media?parent=45019"}],"wp:term":[{"taxonomy":"category","embeddable":true,"href":"https:\/\/imagazine.it\/home_desk\/wp-json\/wp\/v2\/categories?post=45019"},{"taxonomy":"post_tag","embeddable":true,"href":"https:\/\/imagazine.it\/home_desk\/wp-json\/wp\/v2\/tags?post=45019"}],"curies":[{"name":"wp","href":"https:\/\/api.w.org\/{rel}","templated":true}]}}