{"id":45011,"date":"2022-10-20T00:00:00","date_gmt":"2022-10-19T23:00:00","guid":{"rendered":"https:\/\/imagazine.it\/?p=45011"},"modified":"2022-10-20T00:00:00","modified_gmt":"2022-10-19T23:00:00","slug":"dal-fvg-i-professionisti-contro-le-discriminazioni-di-genere","status":"publish","type":"post","link":"https:\/\/imagazine.it\/home_desk\/dal-fvg-i-professionisti-contro-le-discriminazioni-di-genere\/","title":{"rendered":"Dal FVG i professionisti contro le discriminazioni di genere"},"content":{"rendered":"<p> \tAnche il <strong>Friuli Venezia Giulia<\/strong> ha i suoi primi <strong>professionisti specializzati contro le discriminazioni di genere<\/strong>.<\/p>\n<p> \tPresso la <em>short list<\/em> dell\u2019ufficio nazionale delle Consigliere di parit\u00e0 conservato al Ministero del Lavoro a Roma, come da protocollo con il CNF, sono iscritti i primi 14 avvocati della nostra regione e pi\u00f9 precisamente: 10 del foro di Udine, 1 del foro di Gorizia, 2 del foro di Trieste e 1 del foro di Pordenone.<\/p>\n<p> \tQuesto riconoscimento consegue al Corso di alta formazione organizzato dalla Consigliera di Parit\u00e0 della Regione Friuli Venezia Giulia, <strong>Anna Limpido<\/strong>, con i 4 Cpo degli Ordini forensi provinciali svolto con il coinvolgimento di professori, avvocati, magistrati e consigliere di parit\u00e0 Area Vasta.<\/p>\n<p> \tIl corso ha esordito il 25 febbraio, in modalit\u00e0 remoto, per concludersi a fine aprile con test finale. \u201cQuesto \u00e8 un passo importante non solo perch\u00e9 allinea la nostra regione ad altre che si sono mosse in anticipo ma anche perch\u00e9 d\u2019ora innanzi le Consigliere di parit\u00e0 potranno avere e mettere a disposizione dei lavoratori e delle lavoratrici che ne faranno richiesta, nominativi di professionisti specializzati\u201d, cos\u00ec Limpido.<\/p>\n<p> \tLa peculiarit\u00e0 della figura della Consigliera di parit\u00e0, difatti, \u00e8 l\u2019essere un pubblico ufficiale di difesa diretta dei lavoratori che subiscono discriminazioni di genere.<\/p>\n<p> \t\u201cI numeri di chi si rivolge agli uffici delle Consigliere \u00e8 in rapido crescendo e questo testimonia da un canto la conoscenza sempre pi\u00f9 ampia della nostra figura istituzionale e dall\u2019altro che sta maturando una consapevolezza generale a non tollerare pi\u00f9 atteggiamenti discriminanti\u201d, spiega Limpido, che aggiunge: \u201cIl Friuli Venezia Giulia non \u00e8 esente da tali episodi n\u00e9 purtroppo dall\u2019avere numeri dell\u2019occupazione femminile che rincorrono a fatica quella dell\u2019occupazione maschile. Ma noi non abbassiamo la guardia e, complici le novit\u00e0 dal 2023 come ad esempio le certificazioni di genere che le Aziende dovranno ottenere se vorranno godere di sgravi contributivi, guardiamo al futuro con fiducia\u201d.<\/p>\n<p> \tUlteriore peculiarit\u00e0 del corso formativo appena concluso \u00e8 l\u2019essere stato l\u2019unico in tutta Italia condiviso con un\u2019altra Regione Autonoma, la Valle d\u2019Aosta, in un connubio tra la Consigliera Limpido e la Consigliera <strong>Katya Foletto<\/strong> di Aosta.<\/p>\n<p> \t\u201cLe Regioni a Statuto speciale non differiscono dalla normativa nazionale, anzi, entro la propria autonomia, possono dare di pi\u00f9 a tutela delle fasce pi\u00f9 deboli dei lavoratori, che sono le prime a pagare il prezzo di un\u2019economia incerta (come fa la nostra ad esempio con il coordinamento degli sportelli antimobbing). Fare rete contro le discriminazioni \u00e8 la carta vincente ed \u00e8 il motivo alla base del network per il quale mi prodigo da sempre sia a livello regionale che sovraregionale con tutto il Triveneto e altre Regioni d\u2019Italia (Emilia Romagna, Liguria, Piemonte, Basilicata, \u2026) per uno stabile confronto e fronte comune di tutela\u201d, conclude Limpido che \u00e8 stata promotrice della <u><a href=\"http:\/\/www.imagazine.it\/notizie-trieste-gorizia-udine-friuli\/11720\" target=\"_blank\" rel=\"noopener\"><span style=\"color:#0000cd;\">campagna di sensibilizzazione del Triveneto \u201cPillole di Parit\u00e0\u201d<\/span><\/a><\/u> e della recente <u><a href=\"http:\/\/www.imagazine.it\/notizie-trieste-gorizia-udine-friuli\/12699\" target=\"_blank\" rel=\"noopener\"><span style=\"color:#0000cd;\">accoglienza di una delegazione di Consigliere da tutta Italia in visita a Trieste e Gorizia<\/span><\/a><\/u>.<\/p>\n<p> \t\u00a0<\/p>\n","protected":false},"excerpt":{"rendered":"<p>Short list presso il Ministero<\/p>\n","protected":false},"author":28,"featured_media":45012,"comment_status":"closed","ping_status":"closed","sticky":false,"template":"","format":"standard","meta":{"dwc-title":[],"dwc-content":[],"footnotes":""},"categories":[5],"tags":[],"class_list":["post-45011","post","type-post","status-publish","format-standard","has-post-thumbnail","hentry","category-attualita"],"rttpg_featured_image_url":{"full":["https:\/\/imagazine.it\/wp-content\/uploads\/2024\/01\/50394-1.webp",869,812,false],"landscape":["https:\/\/imagazine.it\/wp-content\/uploads\/2024\/01\/50394-1.webp",869,812,false],"portraits":["https:\/\/imagazine.it\/wp-content\/uploads\/2024\/01\/50394-1.webp",869,812,false],"thumbnail":["https:\/\/imagazine.it\/wp-content\/uploads\/2024\/01\/50394-1-150x150.webp",150,150,true],"medium":["https:\/\/imagazine.it\/wp-content\/uploads\/2024\/01\/50394-1-300x280.webp",300,280,true],"large":["https:\/\/imagazine.it\/wp-content\/uploads\/2024\/01\/50394-1.webp",640,598,false],"thumblist":["https:\/\/imagazine.it\/wp-content\/uploads\/2024\/01\/50394-1.webp",300,280,false],"thumbrelated":["https:\/\/imagazine.it\/wp-content\/uploads\/2024\/01\/50394-1.webp",500,467,false],"meccarouselthumb":["https:\/\/imagazine.it\/wp-content\/uploads\/2024\/01\/50394-1.webp",347,324,false],"gridsquare":["https:\/\/imagazine.it\/wp-content\/uploads\/2024\/01\/50394-1.webp",278,260,false],"tileview":["https:\/\/imagazine.it\/wp-content\/uploads\/2024\/01\/50394-1.webp",300,280,false],"1536x1536":["https:\/\/imagazine.it\/wp-content\/uploads\/2024\/01\/50394-1.webp",869,812,false],"2048x2048":["https:\/\/imagazine.it\/wp-content\/uploads\/2024\/01\/50394-1.webp",869,812,false],"newsup-slider-full":["https:\/\/imagazine.it\/wp-content\/uploads\/2024\/01\/50394-1-869x720.webp",869,720,true],"newsup-featured":["https:\/\/imagazine.it\/wp-content\/uploads\/2024\/01\/50394-1.webp",869,812,false],"newsup-medium":["https:\/\/imagazine.it\/wp-content\/uploads\/2024\/01\/50394-1-720x380.webp",720,380,true],"tptn_thumbnail":["https:\/\/imagazine.it\/wp-content\/uploads\/2024\/01\/50394-1.webp",225,210,false],"sow-carousel-default":["https:\/\/imagazine.it\/wp-content\/uploads\/2024\/01\/50394-1-272x182.webp",272,182,true]},"rttpg_author":{"display_name":"redazione","author_link":"https:\/\/imagazine.it\/home_desk\/author\/redazione\/"},"rttpg_comment":0,"rttpg_category":"<a href=\"https:\/\/imagazine.it\/home_desk\/category\/attualita\/\" rel=\"category tag\">ATTUALIT\u00c0<\/a>","rttpg_excerpt":"Short list presso il Ministero","_links":{"self":[{"href":"https:\/\/imagazine.it\/home_desk\/wp-json\/wp\/v2\/posts\/45011","targetHints":{"allow":["GET"]}}],"collection":[{"href":"https:\/\/imagazine.it\/home_desk\/wp-json\/wp\/v2\/posts"}],"about":[{"href":"https:\/\/imagazine.it\/home_desk\/wp-json\/wp\/v2\/types\/post"}],"author":[{"embeddable":true,"href":"https:\/\/imagazine.it\/home_desk\/wp-json\/wp\/v2\/users\/28"}],"replies":[{"embeddable":true,"href":"https:\/\/imagazine.it\/home_desk\/wp-json\/wp\/v2\/comments?post=45011"}],"version-history":[{"count":0,"href":"https:\/\/imagazine.it\/home_desk\/wp-json\/wp\/v2\/posts\/45011\/revisions"}],"wp:featuredmedia":[{"embeddable":true,"href":"https:\/\/imagazine.it\/home_desk\/wp-json\/wp\/v2\/media\/45012"}],"wp:attachment":[{"href":"https:\/\/imagazine.it\/home_desk\/wp-json\/wp\/v2\/media?parent=45011"}],"wp:term":[{"taxonomy":"category","embeddable":true,"href":"https:\/\/imagazine.it\/home_desk\/wp-json\/wp\/v2\/categories?post=45011"},{"taxonomy":"post_tag","embeddable":true,"href":"https:\/\/imagazine.it\/home_desk\/wp-json\/wp\/v2\/tags?post=45011"}],"curies":[{"name":"wp","href":"https:\/\/api.w.org\/{rel}","templated":true}]}}