{"id":44998,"date":"2022-10-17T00:00:00","date_gmt":"2022-10-16T23:00:00","guid":{"rendered":"https:\/\/imagazine.it\/?p=44998"},"modified":"2022-10-17T00:00:00","modified_gmt":"2022-10-16T23:00:00","slug":"monfalcone-pronta-la-piattaforma-sul-canale-valentinis","status":"publish","type":"post","link":"https:\/\/imagazine.it\/home_desk\/monfalcone-pronta-la-piattaforma-sul-canale-valentinis\/","title":{"rendered":"Monfalcone, pronta la piattaforma sul Canale Valentinis"},"content":{"rendered":"<p> \tAl Porticciolo del Canale Valentinis a <strong>Monfalcone<\/strong> \u00e8 stata ultimata la piattaforma, della lunghezza di 11 metri, sulla quale verr\u00e0 costruita la scalinata che, da viale Cosulich, consentir\u00e0 l\u2019accesso diretto al mare.<\/p>\n<p> \tLa scalinata sar\u00e0 ricoperta con la Pietra Euganea, lo stesso materiale pregiato utilizzato in Piazza San Marco a Venezia.<\/p>\n<p> \t\u201cNei giorni scorsi \u2013 ha ricordato il sindaco di Monfalcone, <strong>Anna Maria Cisint<\/strong> \u2013 abbiamo chiesto alla Regione, alla Direzione Centrale Infrastrutture e Territorio e all\u2019Azienda Provinciale Trasporti e a TPL FVG, la riattivazione del collegamento estivo del servizio marittimo di trasporto pubblico via motonave verso Grado, Sistiana e Trieste, che partirebbe proprio da qui, nell\u2019ottica di fornire nuovi servizi per la citt\u00e0. Quest\u2019opera si muove in parallelo con la realizzazione della rotatoria che eliminer\u00e0 il semaforo sull\u2019intersezione tra i quattro viali e che quindi sar\u00e0 fondamentale per snellire il traffico su un\u2019arteria ad alto scorrimento. Stiamo facendo anche i lavori in centro, per valorizzare tutta la citt\u00e0, che si apre sul blu del mare e sul verde del Carso\u201d.<\/p>\n<p> \tAccanto al sindaco, presente alla presentazione della passerella alla stampa, il presidente del Consorzio di Sviluppo della Venezia Giulia, <strong>Renato Russo<\/strong>, che ha commentato: \u201cMonfalcone non \u00e8 pi\u00f9 soltanto la citt\u00e0 dei cantieri, ma \u00e8 anche culturale e turistica. La riqualificazione del Porticciolo \u00e8 stata preceduta da un dragaggio di due metri e mezzo in previsione dell\u2019approdo del trasporto a mare. Un\u2019opera che ha una visione strategica, che ha compreso una serie di diversi progetti per essere realizzata\u201d.<\/p>\n<p> \tLe opere che stanno interessando il rifacimento del Canale Valentinis &#8211; che prevedono anche la realizzazione di una piazza e di un edificio polifunzionale che ospiter\u00e0 un bar e alcune associazioni e che entro novembre sar\u00e0 visibile allo stato grezzo &#8211; sono state affidate dal Comune al Consorzio in delegazione amministrativa intersoggettiva e vengono realizzate dalla ditta Cicutin, e sono finanziate dalla Regione con 4.700.000 euro. Si concluderanno \u2013 secondo la tabella di marcia \u2013 entro la primavera 2023.<\/p>\n<p> \tA settembre si sono conclusi i lavori per la costruzione delle fondamenta e del muro di sostegno della nuova carreggiata, che modificher\u00e0 l\u2019attuale curva a 90 gradi per rendere la svolta verso Trieste pi\u00f9 agevole, consolidando anche il terrapieno del porticciolo, per garantirne la sicurezza.<\/p>\n<p> \tDa gennaio verr\u00e0 realizzata la rampa per la discesa verso il Canale e tra fine febbraio e inizio marzo si proceder\u00e0 alla pavimentazione dell\u2019area, con consegna dell\u2019area alla citt\u00e0.<\/p>\n<p> \tNel progetto son inserite aree verdi in piazza e lungo tutta la gradinata, per abbellire la zona e dare ombra ai passanti che la percorreranno.<\/p>\n<p> \t\u00a0<\/p>\n","protected":false},"excerpt":{"rendered":"<p>Lavori ultimati entro la prossima primavera<\/p>\n","protected":false},"author":28,"featured_media":44999,"comment_status":"closed","ping_status":"closed","sticky":false,"template":"","format":"standard","meta":{"dwc-title":[],"dwc-content":[],"footnotes":""},"categories":[5],"tags":[],"class_list":["post-44998","post","type-post","status-publish","format-standard","has-post-thumbnail","hentry","category-attualita"],"rttpg_featured_image_url":{"full":["https:\/\/imagazine.it\/wp-content\/uploads\/2024\/01\/50369-1.webp",971,548,false],"landscape":["https:\/\/imagazine.it\/wp-content\/uploads\/2024\/01\/50369-1.webp",971,548,false],"portraits":["https:\/\/imagazine.it\/wp-content\/uploads\/2024\/01\/50369-1.webp",971,548,false],"thumbnail":["https:\/\/imagazine.it\/wp-content\/uploads\/2024\/01\/50369-1-150x150.webp",150,150,true],"medium":["https:\/\/imagazine.it\/wp-content\/uploads\/2024\/01\/50369-1-300x169.webp",300,169,true],"large":["https:\/\/imagazine.it\/wp-content\/uploads\/2024\/01\/50369-1.webp",640,361,false],"thumblist":["https:\/\/imagazine.it\/wp-content\/uploads\/2024\/01\/50369-1.webp",300,169,false],"thumbrelated":["https:\/\/imagazine.it\/wp-content\/uploads\/2024\/01\/50369-1.webp",500,282,false],"meccarouselthumb":["https:\/\/imagazine.it\/wp-content\/uploads\/2024\/01\/50369-1.webp",474,268,false],"gridsquare":["https:\/\/imagazine.it\/wp-content\/uploads\/2024\/01\/50369-1.webp",391,221,false],"tileview":["https:\/\/imagazine.it\/wp-content\/uploads\/2024\/01\/50369-1.webp",300,169,false],"1536x1536":["https:\/\/imagazine.it\/wp-content\/uploads\/2024\/01\/50369-1.webp",971,548,false],"2048x2048":["https:\/\/imagazine.it\/wp-content\/uploads\/2024\/01\/50369-1.webp",971,548,false],"newsup-slider-full":["https:\/\/imagazine.it\/wp-content\/uploads\/2024\/01\/50369-1.webp",971,548,false],"newsup-featured":["https:\/\/imagazine.it\/wp-content\/uploads\/2024\/01\/50369-1.webp",971,548,false],"newsup-medium":["https:\/\/imagazine.it\/wp-content\/uploads\/2024\/01\/50369-1-720x380.webp",720,380,true],"tptn_thumbnail":["https:\/\/imagazine.it\/wp-content\/uploads\/2024\/01\/50369-1.webp",250,141,false],"sow-carousel-default":["https:\/\/imagazine.it\/wp-content\/uploads\/2024\/01\/50369-1-272x182.webp",272,182,true]},"rttpg_author":{"display_name":"redazione","author_link":"https:\/\/imagazine.it\/home_desk\/author\/redazione\/"},"rttpg_comment":0,"rttpg_category":"<a href=\"https:\/\/imagazine.it\/home_desk\/category\/attualita\/\" rel=\"category tag\">ATTUALIT\u00c0<\/a>","rttpg_excerpt":"Lavori ultimati entro la prossima primavera","_links":{"self":[{"href":"https:\/\/imagazine.it\/home_desk\/wp-json\/wp\/v2\/posts\/44998","targetHints":{"allow":["GET"]}}],"collection":[{"href":"https:\/\/imagazine.it\/home_desk\/wp-json\/wp\/v2\/posts"}],"about":[{"href":"https:\/\/imagazine.it\/home_desk\/wp-json\/wp\/v2\/types\/post"}],"author":[{"embeddable":true,"href":"https:\/\/imagazine.it\/home_desk\/wp-json\/wp\/v2\/users\/28"}],"replies":[{"embeddable":true,"href":"https:\/\/imagazine.it\/home_desk\/wp-json\/wp\/v2\/comments?post=44998"}],"version-history":[{"count":0,"href":"https:\/\/imagazine.it\/home_desk\/wp-json\/wp\/v2\/posts\/44998\/revisions"}],"wp:featuredmedia":[{"embeddable":true,"href":"https:\/\/imagazine.it\/home_desk\/wp-json\/wp\/v2\/media\/44999"}],"wp:attachment":[{"href":"https:\/\/imagazine.it\/home_desk\/wp-json\/wp\/v2\/media?parent=44998"}],"wp:term":[{"taxonomy":"category","embeddable":true,"href":"https:\/\/imagazine.it\/home_desk\/wp-json\/wp\/v2\/categories?post=44998"},{"taxonomy":"post_tag","embeddable":true,"href":"https:\/\/imagazine.it\/home_desk\/wp-json\/wp\/v2\/tags?post=44998"}],"curies":[{"name":"wp","href":"https:\/\/api.w.org\/{rel}","templated":true}]}}