{"id":44978,"date":"2022-10-14T00:00:00","date_gmt":"2022-10-13T23:00:00","guid":{"rendered":"https:\/\/imagazine.it\/?p=44978"},"modified":"2022-10-14T00:00:00","modified_gmt":"2022-10-13T23:00:00","slug":"il-fvg-riparte-dalle-sue-imprenditrici","status":"publish","type":"post","link":"https:\/\/imagazine.it\/home_desk\/il-fvg-riparte-dalle-sue-imprenditrici\/","title":{"rendered":"Il FVG riparte dalle sue imprenditrici"},"content":{"rendered":"<p> \t<strong>Katia Aere, Francesca Bardelli Nonino, Gloria Clama, Luisa Dri, Gaia Comaro<\/strong>. Sono le donne di successo del Friuli Venezia Giulia protagoniste del talk-show <strong><em>&#8220;NEXT CNA. Ripartenza, ecosostenibilit<\/em><\/strong><strong><em>\u00e0 <\/em><\/strong><strong><em>e innovazione: storie di donne imprenditrici&#8221; <\/em><\/strong>organizzato e promosso dall\u2019unione CNA Giovani Imprenditori del Friuli Venezia Giulia.<\/p>\n<p> \tCinque personaggi di spicco dell\u2019imprenditoria regionale, intervistate a Marina Lepanto, a <strong>Monfalcone<\/strong>, dalla giornalista <strong>Roberta Giani<\/strong>. A dar il via alla serata i saluti del presidente regionale CNA Fvg <strong>Maurizio Meletti<\/strong>, mentre le conclusioni sono state tratte da <strong>Massimiliano Petri<\/strong>, presidente regionale CNA Giovani Imprenditori.<\/p>\n<p> \t<strong>LA STORIA DELLA TESTIMONIAL KATIA AERE<\/strong><\/p>\n<p> \t\u201cDobbiamo sfruttare le nostre potenzialit\u00e0 per fare qualcosa di grande in un mondo che non lascia molto spazio alle donne &#8211; ha affermato <strong>Katia Aere, atleta<\/strong><strong> vincitrice del bronzo olimpico alle ParaOlimpiadi di Tokio 2021 -.<\/strong> Io ho sovvertito i pronostici: il primo gi\u00e0 alla nascita, prematura di due mesi all\u2019inizio degli anni \u201970. Dal 1992 al 2002 entro e esco dagli ospedali, finch\u00e9 nel 2003 mi viene diagnostica una malattia autoimmune. Nel giro di poco mi ritrovo in ospedale, incapace di muovermi. Non riconoscevo pi\u00f9 me stessa, sentivo di non avere un\u2019identit\u00e0. Poi ho compreso la mia fortuna, ossia l\u2019essere cresciuta in una famiglia di sportivi. Fin da piccola avevo scelto l\u2019atletica leggera e questo mi aveva forgiato il carattere\u201d.<\/p>\n<p> \tA 40 anni Aere supera la fobia dell\u2019acqua e impara a nuotare. \u00c8 il 2012 quando, facendo zapping, s\u2019imbatte in un servizio televisivo su Alex Zanardi, che alle Paralimpiadi di Londra solleva la sua handbike. \u201cL\u2019immagine della vittoria della vita \u00e8 stata cos\u00ec ispirante da superare il limite. Scelgo allora una societ\u00e0 sportiva in Friuli che mi permetta di diventare una atleta agonistica e nel 2014 partecipo ai campionati nazionali, vincendo l\u2019inimmaginabile.\u00a0Poi succede un\u2019altra cosa &#8211; prosegue il racconto Katia -. Ho maturato un pensiero, ossia che le cose sembrano che accadano a caso e invece c\u2019\u00e8 un disegno; magari difficile da cogliere, ma c\u2019\u00e8. Nel 2018 accompagno un\u2019amica giornalista a Maniago, dove si teneva la Coppa del mondo di Paraciclismo. L\u00ec incontro Alex, che mi dice questa frase: \u201cLa vita perfetta non \u00e8 fatta di grandi risultati ma di grandi tentativi\u201d. Qualche giorno dopo torno a Maniago e impugno la mia prima handbike\u201d.<\/p>\n<p> \tEd ecco il messaggio prezioso della testimonial della serata. \u201cVorrei che la mia storia insegnasse a non aver paura di cimentarsi. Spesso siamo noi stessi a lasciarci al palo. Ho buttato tanti anni a pensare a tutto quello che non avrei pi\u00f9 potuto fare, finch\u00e9 non ho compreso che la diversit\u00e0 \u00e8 ovunque, siamo tutti unici. Quando l\u2019ho capito, mi sono riappropriata della mia identit\u00e0: io posso fare la differenza per me stessa. Dobbiamo tutti ripartire da noi stessi\u201d.\u00a0<\/p>\n<p> \t<strong>LE TESTIMONIANZE DELLE IMPRENDITRICI<\/strong><\/p>\n<p> \tLa frizzante <strong>Francesca Bardelli Nonino<\/strong>, rappresentante della sesta generazione della famiglia Nonino, appena insignita del Premio America, ha raccontato come \u00e8 iniziata la sua carriera di influencer della grappa. \u201cMi occupavo\u00a0 della comunicazione della Nonino, viaggiavo moltissimo e vedevo tanta gente a cui raccontavo dal vivo come facciamo la grappa. Con la pandemia, per\u00f2, mi sono ritrovata in casa, con solo Internet a disposizione. Mi sono inventata allora una masterclass online gratuita, da l\u00ec ho preso coraggio e ho cominciato a raccontare sui social la grappa, coinvolgendo dapprima proprio la nonna.\u00a0\u201cL\u2019influencer della grappa\u201d \u00e8 nata quindi per caso in un momento molto difficile\u201d. La Nonino \u00e8 davvero un\u2019azienda di famiglia al femminile: \u201cil mio ufficio \u00e8 accanto a quello di mamma, sono sempre a pranzo dalla nonna, lavoro sempre con loro e le mie zie. Questa \u00e8 una fortuna, si respira tanto amore tra di noi e per il nostro lavoro: la grappa \u00e8 la \u201cquarta figlia\u201d di Giannola e Benito. Era inusuale, quando ero piccola, avere nonna, mamma e zie tutte imprenditrici, ma loro mi hanno insegnato che non conta che tu sia uomo o donna, conta credere nelle tue capacit\u00e0 senza aver paura di osare\u201d.<\/p>\n<p> \t<strong>Gloria Clama<\/strong><strong>,<\/strong> finalista dell\u2019ottava edizione di Masterchef Italia e titolare del ristorante Indini\u00f2, ha raccontato il tortuoso percorso che l\u2019ha portata a raggiungere infine il suo traguardo. \u201cIo non ho completato gli studi. Vedevo che mia figlia iniziava a somigliarmi un po\u2019 troppo e volevo darle un buon motivo per farlo. Lavoravo in fabbrica e mi sembrava di non esser brava a far niente, poi sono andata da una psicologa\u00a0 e mi ha chiesto: \u201cQuando stai bene?\u201d. E ho risposto: \u201cQuando cucino\u201d. Allora mi sono iscritta a Masterchef e sono arrivata sino in finale. Non avr\u00f2 vinto Masterchef, ma con il mio ristorante ho avuto la mia vittoria\u201d.<\/p>\n<p> \t<strong>Gaia Comaro<\/strong>, imprenditrice del miele, Sales&#038;export manager di Apicoltura Comaro, prosegue l\u2019attivit\u00e0 dell\u2019azienda di famiglia che conta 5 generazioni. \u201cL\u2019apicoltura non \u00e8 un lavoro prettamente femminile e la mia non \u00e8 un\u2019impresa facile &#8211; ha confessato -. Siamo fortemente attenti all\u2019ambiente, alla sostenibilit\u00e0 e all\u2019innovazione, ma sempre con uno sguardo al passato\u201d. Comaro voleva fare la pilota, ma ritiene \u201cche cambiare obbiettivi, fare perci\u00f2 pi\u00f9 tentativi, non sia un fallimento, perch\u00e9 permette di creare un background di esperienze\u201d.<\/p>\n<p> \t<strong>Luisa Dri<\/strong><strong>, <\/strong>imprenditrice del benessere, alla guida di un centro estetico di eccellenza a Trieste, studiava ingegneria chimica quando ebbe ebbe contatti con il mondo del benessere: fu amore a prima vista. \u201cPortai a termine gli studi parallelamente ai corsi necessari per inserirsi nel settore del benessere. Nel 2005 ho aperto il mio centro con una dipendente. Non \u00e8 un\u2019azienda\u2026 \u00e8 mio figlio! Il tema che pi\u00f9 mi preme \u00e8 quello della formazione: essere costantemente aggiornata e informata mi ha insegnato a essere una buona imprenditrice, ma anche sostenibilit\u00e0 e innovazione sono fondamentali per stare al passo. Sono anche una mamma, ma\u00a0 con il \u201cgioco degli incastri\u201d si riesce a fare tutto\u201d.\u00a0<\/p>\n<p> \t<strong>LE CONCLUSIONI<\/strong><\/p>\n<p> \tAlla domanda di <strong>Roberta Giani <\/strong>su quale possa essere, ora, il cambiamento prioritario, le ospiti hanno risposto il multitasking (Comaro), fare squadra (Dri), trasparenza (Nonino), territorio e sostenibilit\u00e0 (Clama). \u201cLe imprenditrici e i giovani imprenditori sono il motore del cambiamento della nostra societ\u00e0 &#8211; ha chiuso il <strong>presidente CNA Giovani Fvg Massimiliano <\/strong><strong>Petri<\/strong> -. Bisogna guardare al futuro e alle nuove generazioni, parlare di nuovi modi di produrre, lavorare, fare impresa. Un\u2019evoluzione in primo luogo culturale, che considera la sostenibilit\u00e0 un\u2019occasione di crescita, la responsabilit\u00e0 sociale d\u2019impresa e la capacit\u00e0 di ripartenza una scelta etica e l\u2019innovazione una vocazione al cambiamento. \u00c8 necessario correggere al pi\u00f9 presto il nostro modello di sviluppo ripensando a un nuovo sistema economico e sociale, incentrato su innovazione e competenze, digitalizzazione e sostenibilit\u00e0, che stimoli la crescita e riduca le inaccettabili disuguaglianze generate dal sistema attuale. Affinch\u00e9 questa transizione si realizzi \u00e8 necessario mettere al centro il futuro e i diritti delle nuove generazioni, che devono essere considerati i principali artefici di questo cambiamento\u201d.<\/p>\n<p> \t\u00a0<\/p>\n","protected":false},"excerpt":{"rendered":"<p>Talk show a Monfalcone<\/p>\n","protected":false},"author":28,"featured_media":44979,"comment_status":"closed","ping_status":"closed","sticky":false,"template":"","format":"standard","meta":{"dwc-title":[],"dwc-content":[],"footnotes":""},"categories":[6],"tags":[],"class_list":["post-44978","post","type-post","status-publish","format-standard","has-post-thumbnail","hentry","category-societa"],"rttpg_featured_image_url":{"full":["https:\/\/imagazine.it\/wp-content\/uploads\/2024\/01\/50332-1.webp",1000,750,false],"landscape":["https:\/\/imagazine.it\/wp-content\/uploads\/2024\/01\/50332-1.webp",1000,750,false],"portraits":["https:\/\/imagazine.it\/wp-content\/uploads\/2024\/01\/50332-1.webp",1000,750,false],"thumbnail":["https:\/\/imagazine.it\/wp-content\/uploads\/2024\/01\/50332-1-150x150.webp",150,150,true],"medium":["https:\/\/imagazine.it\/wp-content\/uploads\/2024\/01\/50332-1-300x225.webp",300,225,true],"large":["https:\/\/imagazine.it\/wp-content\/uploads\/2024\/01\/50332-1.webp",640,480,false],"thumblist":["https:\/\/imagazine.it\/wp-content\/uploads\/2024\/01\/50332-1.webp",300,225,false],"thumbrelated":["https:\/\/imagazine.it\/wp-content\/uploads\/2024\/01\/50332-1.webp",500,375,false],"meccarouselthumb":["https:\/\/imagazine.it\/wp-content\/uploads\/2024\/01\/50332-1.webp",432,324,false],"gridsquare":["https:\/\/imagazine.it\/wp-content\/uploads\/2024\/01\/50332-1.webp",347,260,false],"tileview":["https:\/\/imagazine.it\/wp-content\/uploads\/2024\/01\/50332-1.webp",300,225,false],"1536x1536":["https:\/\/imagazine.it\/wp-content\/uploads\/2024\/01\/50332-1.webp",1000,750,false],"2048x2048":["https:\/\/imagazine.it\/wp-content\/uploads\/2024\/01\/50332-1.webp",1000,750,false],"newsup-slider-full":["https:\/\/imagazine.it\/wp-content\/uploads\/2024\/01\/50332-1-1000x720.webp",1000,720,true],"newsup-featured":["https:\/\/imagazine.it\/wp-content\/uploads\/2024\/01\/50332-1.webp",1000,750,false],"newsup-medium":["https:\/\/imagazine.it\/wp-content\/uploads\/2024\/01\/50332-1-720x380.webp",720,380,true],"tptn_thumbnail":["https:\/\/imagazine.it\/wp-content\/uploads\/2024\/01\/50332-1.webp",250,188,false],"sow-carousel-default":["https:\/\/imagazine.it\/wp-content\/uploads\/2024\/01\/50332-1-272x182.webp",272,182,true]},"rttpg_author":{"display_name":"redazione","author_link":"https:\/\/imagazine.it\/home_desk\/author\/redazione\/"},"rttpg_comment":0,"rttpg_category":"<a href=\"https:\/\/imagazine.it\/home_desk\/category\/societa\/\" rel=\"category tag\">SOCIET\u00c0<\/a>","rttpg_excerpt":"Talk show a Monfalcone","_links":{"self":[{"href":"https:\/\/imagazine.it\/home_desk\/wp-json\/wp\/v2\/posts\/44978","targetHints":{"allow":["GET"]}}],"collection":[{"href":"https:\/\/imagazine.it\/home_desk\/wp-json\/wp\/v2\/posts"}],"about":[{"href":"https:\/\/imagazine.it\/home_desk\/wp-json\/wp\/v2\/types\/post"}],"author":[{"embeddable":true,"href":"https:\/\/imagazine.it\/home_desk\/wp-json\/wp\/v2\/users\/28"}],"replies":[{"embeddable":true,"href":"https:\/\/imagazine.it\/home_desk\/wp-json\/wp\/v2\/comments?post=44978"}],"version-history":[{"count":0,"href":"https:\/\/imagazine.it\/home_desk\/wp-json\/wp\/v2\/posts\/44978\/revisions"}],"wp:featuredmedia":[{"embeddable":true,"href":"https:\/\/imagazine.it\/home_desk\/wp-json\/wp\/v2\/media\/44979"}],"wp:attachment":[{"href":"https:\/\/imagazine.it\/home_desk\/wp-json\/wp\/v2\/media?parent=44978"}],"wp:term":[{"taxonomy":"category","embeddable":true,"href":"https:\/\/imagazine.it\/home_desk\/wp-json\/wp\/v2\/categories?post=44978"},{"taxonomy":"post_tag","embeddable":true,"href":"https:\/\/imagazine.it\/home_desk\/wp-json\/wp\/v2\/tags?post=44978"}],"curies":[{"name":"wp","href":"https:\/\/api.w.org\/{rel}","templated":true}]}}