{"id":44968,"date":"2022-10-14T00:00:00","date_gmt":"2022-10-13T23:00:00","guid":{"rendered":"https:\/\/imagazine.it\/?p=44968"},"modified":"2022-10-14T00:00:00","modified_gmt":"2022-10-13T23:00:00","slug":"palmanova-museo-del-territorio-allex-caserma-filzi","status":"publish","type":"post","link":"https:\/\/imagazine.it\/home_desk\/palmanova-museo-del-territorio-allex-caserma-filzi\/","title":{"rendered":"Palmanova, Museo del Territorio all&#8217;ex caserma Filzi"},"content":{"rendered":"<p> \tUn <strong>luogo della cultura inteso in forma globale<\/strong>, storico, culturale, turistico, paesaggistico, enogastronomico, didattico e ambientale da realizzare attraverso il restauro e la riqualificazione del compendio della <strong>caserma napoleonica Donato (ex Filzi) a Palmanova<\/strong>, a ridosso dei Bastioni patrimonio mondiale UNESCO.<\/p>\n<p> \tQuesto \u00e8 il progetto, del valore complessivo di <strong>4 milioni di euro, presentato da 11 comuni della Bassa Friulana<\/strong> a valere sui fondi della concertazione tra Regione FVG ed Enti Locali.<\/p>\n<p> \tLa domanda di contributo \u00e8 stata presentata dalle Amministrazioni Comunali di Aiello del Friuli, Bagnaria Arsa, Bicinicco, Campolongo Tapogliano, Chiopris Viscone, Gonars, Ruda, San Vito al Torre, Santa Maria La Longa, Torviscosa, Trivignano Udinese e Visco che rappresentano una <strong>popolazione di oltre 26.000 persone<\/strong>.<\/p>\n<p> \t\u201cQuello che vogliamo realizzare \u00e8 un Museo del Territorio della Bassa Friulana. Crediamo nella forza dell\u2019aggregazione, nel fare le cose assieme. Dentro i tre ampi piani di questa struttura, verranno messi in mostra i pi\u00f9 importanti beni storici e paesaggistici del territorio, cos\u00ec come i prodotti enogastronomici locali. Un veicolo importante per illustrare ai turisti che giungono nella citt\u00e0 stellata, tutto ci\u00f2 che la Bassa Friulana pu\u00f2 offrire\u201d, commentano il sindaco di Palmanova <strong>Giuseppe Tellini<\/strong>, assieme al vicesindaco <strong>Francesco Martines<\/strong>.<\/p>\n<p> \t\u201c\u00c8 la terza volta che presentiamo questo progetto sulla Concertazione. La prima volta eravamo solo 5, poi 10 e da quest\u2019anno anche Aiello del Friuli. In un primo momento abbiamo fattivamente collaborato anche con l\u2019Amministrazione comunale di Cervignano del Friuli, con cui abbiamo gi\u00e0 in essere altre progettualit\u00e0 anche sul PNRR. Purtroppo all\u2019ultimo non \u00e8 stato sottoscritto l\u2019accordo. Rimane comunque la massima disponibilit\u00e0 alla collaborazione, anche per il futuro, tanto che, nel progetto del Museo del Territorio alla Filzi, verr\u00e0 anche mostrata l\u2019indubbia bellezza del Borgo di Strassoldo che condivide con Palmanova e Clauiano (Trivignano) l\u2019ambita iscrizione a I Borghi pi\u00f9 Belli d\u2019Italia\u201d, concludono i due amministratori.<\/p>\n<p> \tIl fabbricato, eretto in muratura dai grandi spessori, si sviluppa su quattro livelli: piano interrato, piano terra, primo piano e sottotetto, per un totale di circa 3000 metri quadri.<\/p>\n<p> \tL\u2019obiettivo prioritario \u00e8 rappresentato dalla tutela, salvaguardia, valorizzazione e promozione, dei beni del patrimonio etnoantropologico del territorio, nonch\u00e9 l\u2019esposizione e divulgazione della conoscenza dello stesso, e per il quale il restauro e la riqualificazione del compendio della caserma napoleonica Filz rappresenta il punto iniziale per il riconoscimento dei valori comuni del territorio anche attraverso l\u2019individuazione di apposite sezioni dedicate alla Rete dei Siti UNESCO Regionali, alla Rete dei Borghi pi\u00f9 Belli d\u2019Italia, alle Citt\u00e0 di Fondazione, alle Ville e siti storici e ai percorsi naturalisti e agli itinerari della Prima e Seconda guerra mondiale presenti sul territorio delle Amministrazioni aderenti all\u2019accordo.<\/p>\n<p> \tSpazi saranno dedicati alla <strong>promozione enogastronomica del territorio, specificamente rivolta ai prodotti locali<\/strong>, mettendo in evidenza realt\u00e0 produttive e della ristorazione del territorio che andranno messe in relazione con i <strong>percorsi cicloturistici intercomunali<\/strong> cos\u00ec da favorire la visita alle aziende da parte dei cicloturisti che attraversano il territorio.<\/p>\n<p> \t\u00a0<\/p>\n","protected":false},"excerpt":{"rendered":"<p>Concertazione tra Regione FVG ed Enti Locali<\/p>\n","protected":false},"author":28,"featured_media":44969,"comment_status":"closed","ping_status":"closed","sticky":false,"template":"","format":"standard","meta":{"dwc-title":[],"dwc-content":[],"footnotes":""},"categories":[5],"tags":[],"class_list":["post-44968","post","type-post","status-publish","format-standard","has-post-thumbnail","hentry","category-attualita"],"rttpg_featured_image_url":{"full":["https:\/\/imagazine.it\/wp-content\/uploads\/2024\/01\/50298-1.webp",1000,750,false],"landscape":["https:\/\/imagazine.it\/wp-content\/uploads\/2024\/01\/50298-1.webp",1000,750,false],"portraits":["https:\/\/imagazine.it\/wp-content\/uploads\/2024\/01\/50298-1.webp",1000,750,false],"thumbnail":["https:\/\/imagazine.it\/wp-content\/uploads\/2024\/01\/50298-1-150x150.webp",150,150,true],"medium":["https:\/\/imagazine.it\/wp-content\/uploads\/2024\/01\/50298-1-300x225.webp",300,225,true],"large":["https:\/\/imagazine.it\/wp-content\/uploads\/2024\/01\/50298-1.webp",640,480,false],"thumblist":["https:\/\/imagazine.it\/wp-content\/uploads\/2024\/01\/50298-1.webp",300,225,false],"thumbrelated":["https:\/\/imagazine.it\/wp-content\/uploads\/2024\/01\/50298-1.webp",500,375,false],"meccarouselthumb":["https:\/\/imagazine.it\/wp-content\/uploads\/2024\/01\/50298-1.webp",432,324,false],"gridsquare":["https:\/\/imagazine.it\/wp-content\/uploads\/2024\/01\/50298-1.webp",347,260,false],"tileview":["https:\/\/imagazine.it\/wp-content\/uploads\/2024\/01\/50298-1.webp",300,225,false],"1536x1536":["https:\/\/imagazine.it\/wp-content\/uploads\/2024\/01\/50298-1.webp",1000,750,false],"2048x2048":["https:\/\/imagazine.it\/wp-content\/uploads\/2024\/01\/50298-1.webp",1000,750,false],"newsup-slider-full":["https:\/\/imagazine.it\/wp-content\/uploads\/2024\/01\/50298-1-1000x720.webp",1000,720,true],"newsup-featured":["https:\/\/imagazine.it\/wp-content\/uploads\/2024\/01\/50298-1.webp",1000,750,false],"newsup-medium":["https:\/\/imagazine.it\/wp-content\/uploads\/2024\/01\/50298-1-720x380.webp",720,380,true],"tptn_thumbnail":["https:\/\/imagazine.it\/wp-content\/uploads\/2024\/01\/50298-1.webp",250,188,false],"sow-carousel-default":["https:\/\/imagazine.it\/wp-content\/uploads\/2024\/01\/50298-1-272x182.webp",272,182,true]},"rttpg_author":{"display_name":"redazione","author_link":"https:\/\/imagazine.it\/home_desk\/author\/redazione\/"},"rttpg_comment":0,"rttpg_category":"<a href=\"https:\/\/imagazine.it\/home_desk\/category\/attualita\/\" rel=\"category tag\">ATTUALIT\u00c0<\/a>","rttpg_excerpt":"Concertazione tra Regione FVG ed Enti Locali","_links":{"self":[{"href":"https:\/\/imagazine.it\/home_desk\/wp-json\/wp\/v2\/posts\/44968","targetHints":{"allow":["GET"]}}],"collection":[{"href":"https:\/\/imagazine.it\/home_desk\/wp-json\/wp\/v2\/posts"}],"about":[{"href":"https:\/\/imagazine.it\/home_desk\/wp-json\/wp\/v2\/types\/post"}],"author":[{"embeddable":true,"href":"https:\/\/imagazine.it\/home_desk\/wp-json\/wp\/v2\/users\/28"}],"replies":[{"embeddable":true,"href":"https:\/\/imagazine.it\/home_desk\/wp-json\/wp\/v2\/comments?post=44968"}],"version-history":[{"count":0,"href":"https:\/\/imagazine.it\/home_desk\/wp-json\/wp\/v2\/posts\/44968\/revisions"}],"wp:featuredmedia":[{"embeddable":true,"href":"https:\/\/imagazine.it\/home_desk\/wp-json\/wp\/v2\/media\/44969"}],"wp:attachment":[{"href":"https:\/\/imagazine.it\/home_desk\/wp-json\/wp\/v2\/media?parent=44968"}],"wp:term":[{"taxonomy":"category","embeddable":true,"href":"https:\/\/imagazine.it\/home_desk\/wp-json\/wp\/v2\/categories?post=44968"},{"taxonomy":"post_tag","embeddable":true,"href":"https:\/\/imagazine.it\/home_desk\/wp-json\/wp\/v2\/tags?post=44968"}],"curies":[{"name":"wp","href":"https:\/\/api.w.org\/{rel}","templated":true}]}}